{"id":3243,"date":"2024-06-05T14:26:20","date_gmt":"2024-06-05T12:26:20","guid":{"rendered":"https:\/\/udruga-106br.hr\/?p=3243"},"modified":"2025-10-17T19:22:36","modified_gmt":"2025-10-17T17:22:36","slug":"dani-otvorenih-vrata-udruge-veterana-106-brigade-osijek-7-6-2024-830h-12h","status":"publish","type":"post","link":"https:\/\/udruga-106br.hr\/index.php\/dani-otvorenih-vrata-udruge-veterana-106-brigade-osijek-7-6-2024-830h-12h\/","title":{"rendered":"Dani otvorenih vrata Udruge veterana 106. brigade Osijek &#8211; 7.6.2024., 8:30h &#8211; 12h"},"content":{"rendered":"\n<p>Dragi gra\u0111ani,<\/p>\n\n\n\n<p>pozivamo vas da nam se pridru\u017eite na Danu otvorenih vrata Udruge veterana 106. brigade Osijek! U okviru Dana otvorenih vrata udruga, koje tradicionalno organizira Ured za udruge Vlade Republike Hrvatske, Udruga veterana 106. brigade Osijek otvara svoja vrata u petak, 7. lipnja 2024. godine, od 8:30 do 12:00 sati.<\/p>\n\n\n\n<p>+ Kada?<br>Petak, 7. lipnja 2024., od 8:30 do 12:00 sati<\/p>\n\n\n\n<p>+ Gdje?<br>Kralja Petra Sva\u010di\u0107a 36, Osijek, 1. kat<\/p>\n\n\n\n<p>Ovo je prilika da zavirite u na\u0161u Spomen sobu, upoznate se s radom Udruge, programima koje provodimo, na\u0161im dosada\u0161njim postignu\u0107ima i aktivnostima. Tako\u0111er, veterani i njihove obitelji mogu dobiti korisne informacije o pravima branitelja.<\/p>\n\n\n\n<p>    U Knjizi utisaka koja se nalazi u Spomen sobi mo\u017eete ostaviti svoje dojmove o posjetu.<\/p>\n\n\n\n<p>    Svaki posjetitelj dobit \u0107e bed\u017e i magnet Udruge kao trajni podsjetnik na ovaj poseban doga\u0111aj.<\/p>\n\n\n\n<p>Radujemo se va\u0161em dolasku i zajedni\u010dkom dru\u017eenju! Va\u0161a podr\u0161ka nam je od iznimne va\u017enosti.<\/p>\n\n\n\n<p>Vidimo se 7. lipnja!<\/p>\n\n\n\n<p>S nestrpljenjem vas o\u010dekujemo! <\/p>\n\n\n\n<figure class=\"wp-block-image size-large\"><img loading=\"lazy\" decoding=\"async\" width=\"1024\" height=\"1024\" src=\"https:\/\/udruga-106br.hr\/wp-content\/uploads\/2024\/06\/Poziv-na-dane-otvorenih-vrata-1024x1024.png\" alt=\"\" class=\"wp-image-3244\" srcset=\"https:\/\/udruga-106br.hr\/wp-content\/uploads\/2024\/06\/Poziv-na-dane-otvorenih-vrata-1024x1024.png 1024w, https:\/\/udruga-106br.hr\/wp-content\/uploads\/2024\/06\/Poziv-na-dane-otvorenih-vrata-300x300.png 300w, https:\/\/udruga-106br.hr\/wp-content\/uploads\/2024\/06\/Poziv-na-dane-otvorenih-vrata-150x150.png 150w, https:\/\/udruga-106br.hr\/wp-content\/uploads\/2024\/06\/Poziv-na-dane-otvorenih-vrata-768x768.png 768w, https:\/\/udruga-106br.hr\/wp-content\/uploads\/2024\/06\/Poziv-na-dane-otvorenih-vrata.png 1080w\" sizes=\"auto, (max-width: 1024px) 100vw, 1024px\" \/><\/figure>\n<!-- AddThis Advanced Settings generic via filter on the_content --><!-- AddThis Share Buttons generic via filter on the_content -->","protected":false},"excerpt":{"rendered":"<p>Dragi gra\u0111ani, pozivamo vas da nam se pridru\u017eite na Danu otvorenih vrata Udruge veterana 106. brigade Osijek! U okviru Dana otvorenih vrata udruga, koje tradicionalno organizira Ured za udruge Vlade Republike Hrvatske, Udruga veterana 106. brigade Osijek otvara svoja vrata u petak, 7. lipnja 2024. godine, od 8:30 do 12:00 sati. + Kada?Petak, 7. lipnja &hellip; <a href=\"https:\/\/udruga-106br.hr\/index.php\/dani-otvorenih-vrata-udruge-veterana-106-brigade-osijek-7-6-2024-830h-12h\/\" class=\"more-link\">Nastavi \u010ditati <span class=\"screen-reader-text\">Dani otvorenih vrata Udruge veterana 106. brigade Osijek &#8211; 7.6.2024., 8:30h &#8211; 12h<\/span><\/a><!-- AddThis Advanced Settings generic via filter on get_the_excerpt --><!-- AddThis Share Buttons generic via filter on get_the_excerpt --><\/p>\n","protected":false},"author":1,"featured_media":0,"comment_status":"closed","ping_status":"closed","sticky":false,"template":"","format":"standard","meta":{"footnotes":""},"categories":[32],"tags":[],"class_list":["post-3243","post","type-post","status-publish","format-standard","hentry","category-iz-zivota-udruge"],"_links":{"self":[{"href":"https:\/\/udruga-106br.hr\/index.php\/wp-json\/wp\/v2\/posts\/3243","targetHints":{"allow":["GET"]}}],"collection":[{"href":"https:\/\/udruga-106br.hr\/index.php\/wp-json\/wp\/v2\/posts"}],"about":[{"href":"https:\/\/udruga-106br.hr\/index.php\/wp-json\/wp\/v2\/types\/post"}],"author":[{"embeddable":true,"href":"https:\/\/udruga-106br.hr\/index.php\/wp-json\/wp\/v2\/users\/1"}],"replies":[{"embeddable":true,"href":"https:\/\/udruga-106br.hr\/index.php\/wp-json\/wp\/v2\/comments?post=3243"}],"version-history":[{"count":2,"href":"https:\/\/udruga-106br.hr\/index.php\/wp-json\/wp\/v2\/posts\/3243\/revisions"}],"predecessor-version":[{"id":3246,"href":"https:\/\/udruga-106br.hr\/index.php\/wp-json\/wp\/v2\/posts\/3243\/revisions\/3246"}],"wp:attachment":[{"href":"https:\/\/udruga-106br.hr\/index.php\/wp-json\/wp\/v2\/media?parent=3243"}],"wp:term":[{"taxonomy":"category","embeddable":true,"href":"https:\/\/udruga-106br.hr\/index.php\/wp-json\/wp\/v2\/categories?post=3243"},{"taxonomy":"post_tag","embeddable":true,"href":"https:\/\/udruga-106br.hr\/index.php\/wp-json\/wp\/v2\/tags?post=3243"}],"curies":[{"name":"wp","href":"https:\/\/api.w.org\/{rel}","templated":true}]}}