{"id":3247,"date":"2024-06-10T09:42:58","date_gmt":"2024-06-10T07:42:58","guid":{"rendered":"https:\/\/udruga-106br.hr\/?p=3247"},"modified":"2025-10-17T19:22:36","modified_gmt":"2025-10-17T17:22:36","slug":"6-susret-hrvatskih-braniteljica-1-6-2024-zadar","status":"publish","type":"post","link":"https:\/\/udruga-106br.hr\/index.php\/6-susret-hrvatskih-braniteljica-1-6-2024-zadar\/","title":{"rendered":"6. susret hrvatskih braniteljica, 1.6.2024., Zadar"},"content":{"rendered":"\n<p>S ponosom dijelimo uspomene sa 6. susreta hrvatskih braniteljica, odr\u017eanog 1. lipnja 2024. u prelijepom Zadru.<br>Ovaj susret, organiziran od strane Udruge \u201c\u017dene u Domovinskom ratu \u2013 Zadar\u201d, okupio je braniteljice iz cijele Hrvatske i susjedne BiH kako bismo zajedno proslavili njihovu hrabrost i ulogu u obrani na\u0161e domovine.<\/p>\n\n\n\n<p>Srda\u010dno zahvaljujemo svim braniteljicama, a posebnu zahvalu upu\u0107ujemo \u010dlanici na\u0161e Udruge koja nam je omogu\u0107ila da podijelimo ove prekrasne fotografije. Ove fotografije donose toplinu i ponos u na\u0161a srca te nam poma\u017eu \u0161iriti ljubav i zahvalnost prema vama, na\u0161im braniteljicama. <\/p>\n\n\n\n<p>Svake godine, prve subote u lipnju, braniteljice se okupljaju u razli\u010ditim gradovima kako bi podsjetile na svoju zna\u010dajnu ulogu u Domovinskom ratu. Ove godine, mimohod s 34 metara dugom zastavom kroz Zadar bio je prizor za pam\u0107enje. Po\u010dev\u0161i s dostojanstvenim polaganjem ru\u017ea i svije\u0107a na spomeniku poginulim braniteljima na Relji, sve\u010dani mimohod, uz pratnju limene glazbe i Zadarskih ma\u017eoretkinja, mimohod preko Zadarskog mosta, \u0160irokom ulicom, do katedrale sv. Sto\u0161ije. <\/p>\n\n\n\n<p>Sve\u010danost je nastavljena misnim slavljem i Sve\u010danom akademijom u prostorima HNK Zadar, gdje su prikazane fotografije braniteljica iz vremena Domovinskog rata. Prigodnim govorima okupljenima su se obratili predsjednica udruge Ivana Haberle, zadarski gradona\u010delnik Branko Duki\u0107, \u017eupan Zadarske \u017eupanije Bo\u017eidar Longin te ministar branitelja Tomo Medved.<\/p>\n\n\n\n<p>Ponosni smo na sve na\u0161e braniteljice i zahvalni \u0161to mo\u017eemo dijeliti ove trenutke s vama. Hvala vam na hrabrosti i po\u017ertvovnosti! <\/p>\n\n\n\n<figure class=\"wp-block-gallery has-nested-images columns-default is-cropped wp-block-gallery-1 is-layout-flex wp-block-gallery-is-layout-flex\">\n<figure class=\"wp-block-image size-large\"><img loading=\"lazy\" decoding=\"async\" width=\"768\" height=\"1024\" data-id=\"3250\" src=\"https:\/\/udruga-106br.hr\/wp-content\/uploads\/2024\/06\/20240606_070128-768x1024.jpg\" alt=\"\" class=\"wp-image-3250\" srcset=\"https:\/\/udruga-106br.hr\/wp-content\/uploads\/2024\/06\/20240606_070128-768x1024.jpg 768w, https:\/\/udruga-106br.hr\/wp-content\/uploads\/2024\/06\/20240606_070128-225x300.jpg 225w, https:\/\/udruga-106br.hr\/wp-content\/uploads\/2024\/06\/20240606_070128-1152x1536.jpg 1152w, https:\/\/udruga-106br.hr\/wp-content\/uploads\/2024\/06\/20240606_070128-1536x2048.jpg 1536w, https:\/\/udruga-106br.hr\/wp-content\/uploads\/2024\/06\/20240606_070128-scaled.jpg 1920w\" sizes=\"auto, (max-width: 768px) 100vw, 768px\" \/><\/figure>\n\n\n\n<figure class=\"wp-block-image size-large\"><img loading=\"lazy\" decoding=\"async\" width=\"768\" height=\"1024\" data-id=\"3259\" src=\"https:\/\/udruga-106br.hr\/wp-content\/uploads\/2024\/06\/1000016548-768x1024.jpg\" alt=\"\" class=\"wp-image-3259\" srcset=\"https:\/\/udruga-106br.hr\/wp-content\/uploads\/2024\/06\/1000016548-768x1024.jpg 768w, https:\/\/udruga-106br.hr\/wp-content\/uploads\/2024\/06\/1000016548-225x300.jpg 225w, https:\/\/udruga-106br.hr\/wp-content\/uploads\/2024\/06\/1000016548-1152x1536.jpg 1152w, https:\/\/udruga-106br.hr\/wp-content\/uploads\/2024\/06\/1000016548-1536x2048.jpg 1536w, https:\/\/udruga-106br.hr\/wp-content\/uploads\/2024\/06\/1000016548-scaled.jpg 1920w\" sizes=\"auto, (max-width: 768px) 100vw, 768px\" \/><\/figure>\n\n\n\n<figure class=\"wp-block-image size-large\"><img loading=\"lazy\" decoding=\"async\" width=\"768\" height=\"1024\" data-id=\"3255\" src=\"https:\/\/udruga-106br.hr\/wp-content\/uploads\/2024\/06\/1000016907-768x1024.jpg\" alt=\"\" class=\"wp-image-3255\" srcset=\"https:\/\/udruga-106br.hr\/wp-content\/uploads\/2024\/06\/1000016907-768x1024.jpg 768w, https:\/\/udruga-106br.hr\/wp-content\/uploads\/2024\/06\/1000016907-225x300.jpg 225w, https:\/\/udruga-106br.hr\/wp-content\/uploads\/2024\/06\/1000016907-1152x1536.jpg 1152w, https:\/\/udruga-106br.hr\/wp-content\/uploads\/2024\/06\/1000016907.jpg 1512w\" sizes=\"auto, (max-width: 768px) 100vw, 768px\" \/><\/figure>\n\n\n\n<figure class=\"wp-block-image size-large\"><img loading=\"lazy\" decoding=\"async\" width=\"768\" height=\"1024\" data-id=\"3257\" src=\"https:\/\/udruga-106br.hr\/wp-content\/uploads\/2024\/06\/1000016992-768x1024.jpg\" alt=\"\" class=\"wp-image-3257\" srcset=\"https:\/\/udruga-106br.hr\/wp-content\/uploads\/2024\/06\/1000016992-768x1024.jpg 768w, https:\/\/udruga-106br.hr\/wp-content\/uploads\/2024\/06\/1000016992-225x300.jpg 225w, https:\/\/udruga-106br.hr\/wp-content\/uploads\/2024\/06\/1000016992-1152x1536.jpg 1152w, https:\/\/udruga-106br.hr\/wp-content\/uploads\/2024\/06\/1000016992.jpg 1200w\" sizes=\"auto, (max-width: 768px) 100vw, 768px\" \/><\/figure>\n\n\n\n<figure class=\"wp-block-image size-large\"><img loading=\"lazy\" decoding=\"async\" width=\"768\" height=\"1024\" data-id=\"3249\" src=\"https:\/\/udruga-106br.hr\/wp-content\/uploads\/2024\/06\/1000017186-768x1024.jpg\" alt=\"\" class=\"wp-image-3249\" srcset=\"https:\/\/udruga-106br.hr\/wp-content\/uploads\/2024\/06\/1000017186-768x1024.jpg 768w, https:\/\/udruga-106br.hr\/wp-content\/uploads\/2024\/06\/1000017186-225x300.jpg 225w, https:\/\/udruga-106br.hr\/wp-content\/uploads\/2024\/06\/1000017186-1152x1536.jpg 1152w, https:\/\/udruga-106br.hr\/wp-content\/uploads\/2024\/06\/1000017186.jpg 1200w\" sizes=\"auto, (max-width: 768px) 100vw, 768px\" \/><\/figure>\n\n\n\n<figure class=\"wp-block-image size-large\"><img loading=\"lazy\" decoding=\"async\" width=\"1024\" height=\"768\" data-id=\"3252\" src=\"https:\/\/udruga-106br.hr\/wp-content\/uploads\/2024\/06\/1000017190-1024x768.jpg\" alt=\"\" class=\"wp-image-3252\" srcset=\"https:\/\/udruga-106br.hr\/wp-content\/uploads\/2024\/06\/1000017190-1024x768.jpg 1024w, https:\/\/udruga-106br.hr\/wp-content\/uploads\/2024\/06\/1000017190-300x225.jpg 300w, https:\/\/udruga-106br.hr\/wp-content\/uploads\/2024\/06\/1000017190-768x576.jpg 768w, https:\/\/udruga-106br.hr\/wp-content\/uploads\/2024\/06\/1000017190-1536x1152.jpg 1536w, https:\/\/udruga-106br.hr\/wp-content\/uploads\/2024\/06\/1000017190.jpg 1600w\" sizes=\"auto, (max-width: 1024px) 100vw, 1024px\" \/><\/figure>\n\n\n\n<figure class=\"wp-block-image size-large\"><img loading=\"lazy\" decoding=\"async\" width=\"1024\" height=\"768\" data-id=\"3248\" src=\"https:\/\/udruga-106br.hr\/wp-content\/uploads\/2024\/06\/1000017192-1024x768.jpg\" alt=\"\" class=\"wp-image-3248\" srcset=\"https:\/\/udruga-106br.hr\/wp-content\/uploads\/2024\/06\/1000017192-1024x768.jpg 1024w, https:\/\/udruga-106br.hr\/wp-content\/uploads\/2024\/06\/1000017192-300x225.jpg 300w, https:\/\/udruga-106br.hr\/wp-content\/uploads\/2024\/06\/1000017192-768x576.jpg 768w, https:\/\/udruga-106br.hr\/wp-content\/uploads\/2024\/06\/1000017192-1536x1152.jpg 1536w, https:\/\/udruga-106br.hr\/wp-content\/uploads\/2024\/06\/1000017192.jpg 1600w\" sizes=\"auto, (max-width: 1024px) 100vw, 1024px\" \/><\/figure>\n\n\n\n<figure class=\"wp-block-image size-large\"><img loading=\"lazy\" decoding=\"async\" width=\"768\" height=\"1024\" data-id=\"3253\" src=\"https:\/\/udruga-106br.hr\/wp-content\/uploads\/2024\/06\/1000017209-768x1024.jpg\" alt=\"\" class=\"wp-image-3253\" srcset=\"https:\/\/udruga-106br.hr\/wp-content\/uploads\/2024\/06\/1000017209-768x1024.jpg 768w, https:\/\/udruga-106br.hr\/wp-content\/uploads\/2024\/06\/1000017209-225x300.jpg 225w, https:\/\/udruga-106br.hr\/wp-content\/uploads\/2024\/06\/1000017209-1152x1536.jpg 1152w, https:\/\/udruga-106br.hr\/wp-content\/uploads\/2024\/06\/1000017209.jpg 1200w\" sizes=\"auto, (max-width: 768px) 100vw, 768px\" \/><\/figure>\n<\/figure>\n\n\n\n<figure class=\"wp-block-image size-large\"><img loading=\"lazy\" decoding=\"async\" width=\"1024\" height=\"768\" src=\"https:\/\/udruga-106br.hr\/wp-content\/uploads\/2024\/06\/1000016557-1-1024x768.jpg\" alt=\"\" class=\"wp-image-3260\" srcset=\"https:\/\/udruga-106br.hr\/wp-content\/uploads\/2024\/06\/1000016557-1-1024x768.jpg 1024w, https:\/\/udruga-106br.hr\/wp-content\/uploads\/2024\/06\/1000016557-1-300x225.jpg 300w, https:\/\/udruga-106br.hr\/wp-content\/uploads\/2024\/06\/1000016557-1-768x576.jpg 768w, https:\/\/udruga-106br.hr\/wp-content\/uploads\/2024\/06\/1000016557-1-1536x1152.jpg 1536w, https:\/\/udruga-106br.hr\/wp-content\/uploads\/2024\/06\/1000016557-1-2048x1536.jpg 2048w\" sizes=\"auto, (max-width: 1024px) 100vw, 1024px\" \/><\/figure>\n\n\n\n<figure class=\"wp-block-image size-full\"><img loading=\"lazy\" decoding=\"async\" width=\"720\" height=\"357\" src=\"https:\/\/udruga-106br.hr\/wp-content\/uploads\/2024\/06\/1000016995-1.jpg\" alt=\"\" class=\"wp-image-3261\" srcset=\"https:\/\/udruga-106br.hr\/wp-content\/uploads\/2024\/06\/1000016995-1.jpg 720w, https:\/\/udruga-106br.hr\/wp-content\/uploads\/2024\/06\/1000016995-1-300x149.jpg 300w\" sizes=\"auto, (max-width: 720px) 100vw, 720px\" \/><\/figure>\n\n\n\n<div class=\"wp-block-file\"><a id=\"wp-block-file--media-0f1d6831-b6cb-4ea1-87d1-d2a06a306557\" href=\"https:\/\/udruga-106br.hr\/wp-content\/uploads\/2024\/06\/foto_video.mp4\">foto_video<\/a><a href=\"https:\/\/udruga-106br.hr\/wp-content\/uploads\/2024\/06\/foto_video.mp4\" class=\"wp-block-file__button\" download aria-describedby=\"wp-block-file--media-0f1d6831-b6cb-4ea1-87d1-d2a06a306557\">Preuzmi<\/a><\/div>\n<!-- AddThis Advanced Settings generic via filter on the_content --><!-- AddThis Share Buttons generic via filter on the_content -->","protected":false},"excerpt":{"rendered":"<p>S ponosom dijelimo uspomene sa 6. susreta hrvatskih braniteljica, odr\u017eanog 1. lipnja 2024. u prelijepom Zadru.Ovaj susret, organiziran od strane Udruge \u201c\u017dene u Domovinskom ratu \u2013 Zadar\u201d, okupio je braniteljice iz cijele Hrvatske i susjedne BiH kako bismo zajedno proslavili njihovu hrabrost i ulogu u obrani na\u0161e domovine. Srda\u010dno zahvaljujemo svim braniteljicama, a posebnu zahvalu &hellip; <a href=\"https:\/\/udruga-106br.hr\/index.php\/6-susret-hrvatskih-braniteljica-1-6-2024-zadar\/\" class=\"more-link\">Nastavi \u010ditati <span class=\"screen-reader-text\">6. susret hrvatskih braniteljica, 1.6.2024., Zadar<\/span><\/a><!-- AddThis Advanced Settings generic via filter on get_the_excerpt --><!-- AddThis Share Buttons generic via filter on get_the_excerpt --><\/p>\n","protected":false},"author":1,"featured_media":0,"comment_status":"closed","ping_status":"closed","sticky":false,"template":"","format":"standard","meta":{"footnotes":""},"categories":[32],"tags":[],"class_list":["post-3247","post","type-post","status-publish","format-standard","hentry","category-iz-zivota-udruge"],"_links":{"self":[{"href":"https:\/\/udruga-106br.hr\/index.php\/wp-json\/wp\/v2\/posts\/3247","targetHints":{"allow":["GET"]}}],"collection":[{"href":"https:\/\/udruga-106br.hr\/index.php\/wp-json\/wp\/v2\/posts"}],"about":[{"href":"https:\/\/udruga-106br.hr\/index.php\/wp-json\/wp\/v2\/types\/post"}],"author":[{"embeddable":true,"href":"https:\/\/udruga-106br.hr\/index.php\/wp-json\/wp\/v2\/users\/1"}],"replies":[{"embeddable":true,"href":"https:\/\/udruga-106br.hr\/index.php\/wp-json\/wp\/v2\/comments?post=3247"}],"version-history":[{"count":1,"href":"https:\/\/udruga-106br.hr\/index.php\/wp-json\/wp\/v2\/posts\/3247\/revisions"}],"predecessor-version":[{"id":3263,"href":"https:\/\/udruga-106br.hr\/index.php\/wp-json\/wp\/v2\/posts\/3247\/revisions\/3263"}],"wp:attachment":[{"href":"https:\/\/udruga-106br.hr\/index.php\/wp-json\/wp\/v2\/media?parent=3247"}],"wp:term":[{"taxonomy":"category","embeddable":true,"href":"https:\/\/udruga-106br.hr\/index.php\/wp-json\/wp\/v2\/categories?post=3247"},{"taxonomy":"post_tag","embeddable":true,"href":"https:\/\/udruga-106br.hr\/index.php\/wp-json\/wp\/v2\/tags?post=3247"}],"curies":[{"name":"wp","href":"https:\/\/api.w.org\/{rel}","templated":true}]}}