{"id":3264,"date":"2024-06-10T10:11:57","date_gmt":"2024-06-10T08:11:57","guid":{"rendered":"https:\/\/udruga-106br.hr\/?p=3264"},"modified":"2025-10-17T19:22:36","modified_gmt":"2025-10-17T17:22:36","slug":"odrzani-dani-otvorenih-vrata-7-6-2024-godine","status":"publish","type":"post","link":"https:\/\/udruga-106br.hr\/index.php\/odrzani-dani-otvorenih-vrata-7-6-2024-godine\/","title":{"rendered":"Odr\u017eani Dani otvorenih vrata &#8211; 7.6.2024. godine"},"content":{"rendered":"\n<p>Dragi prijatelji,<\/p>\n\n\n\n<p>zahvaljujemo svima koji su posjetili prostorije Udruge veterana 106. brigade Osijek i Spomen sobu. Va\u0161a prisutnost i zabilje\u017eene misli u Knjizi utisaka su nam od neizmjerne va\u017enosti. S ljubavlju i po\u0161tovanjem sje\u0107amo se poginulih branitelja \u010dije su fotografije postavljene kao podsjetnik na njihovu najve\u0107u \u017ertvu i ljubav prema domovini.<\/p>\n\n\n\n<p>Va\u0161a podr\u0161ka i iskrene rije\u010di daju nam snagu da nastavimo \u010duvati uspomene na na\u0161e heroje. Hvala vam \u0161to ste dio ove pri\u010de.<\/p>\n\n\n\n<p> Posjetite nas:<br> Pon, uto, \u010det, pet &#8211; 8.30h do 12.30h<br> Srijedom &#8211; 12h do 16h<\/p>\n\n\n\n<p>Za dogovor posjeta mo\u017eete nas kontaktirati na broj: 099 535 7001 (tajnica Udruge).<\/p>\n\n\n\n<figure class=\"wp-block-gallery has-nested-images columns-default is-cropped wp-block-gallery-1 is-layout-flex wp-block-gallery-is-layout-flex\">\n<figure class=\"wp-block-image size-large\"><img loading=\"lazy\" decoding=\"async\" width=\"768\" height=\"1024\" data-id=\"3265\" src=\"https:\/\/udruga-106br.hr\/wp-content\/uploads\/2024\/06\/viber_slika_2024-06-10_10-00-12-176-768x1024.jpg\" alt=\"\" class=\"wp-image-3265\" srcset=\"https:\/\/udruga-106br.hr\/wp-content\/uploads\/2024\/06\/viber_slika_2024-06-10_10-00-12-176-768x1024.jpg 768w, https:\/\/udruga-106br.hr\/wp-content\/uploads\/2024\/06\/viber_slika_2024-06-10_10-00-12-176-225x300.jpg 225w, https:\/\/udruga-106br.hr\/wp-content\/uploads\/2024\/06\/viber_slika_2024-06-10_10-00-12-176-1152x1536.jpg 1152w, https:\/\/udruga-106br.hr\/wp-content\/uploads\/2024\/06\/viber_slika_2024-06-10_10-00-12-176.jpg 1200w\" sizes=\"auto, (max-width: 768px) 100vw, 768px\" \/><\/figure>\n\n\n\n<figure class=\"wp-block-image size-large\"><img loading=\"lazy\" decoding=\"async\" width=\"768\" height=\"1024\" data-id=\"3268\" src=\"https:\/\/udruga-106br.hr\/wp-content\/uploads\/2024\/06\/viber_slika_2024-06-10_10-00-12-356-768x1024.jpg\" alt=\"\" class=\"wp-image-3268\" srcset=\"https:\/\/udruga-106br.hr\/wp-content\/uploads\/2024\/06\/viber_slika_2024-06-10_10-00-12-356-768x1024.jpg 768w, https:\/\/udruga-106br.hr\/wp-content\/uploads\/2024\/06\/viber_slika_2024-06-10_10-00-12-356-225x300.jpg 225w, https:\/\/udruga-106br.hr\/wp-content\/uploads\/2024\/06\/viber_slika_2024-06-10_10-00-12-356-1152x1536.jpg 1152w, https:\/\/udruga-106br.hr\/wp-content\/uploads\/2024\/06\/viber_slika_2024-06-10_10-00-12-356.jpg 1200w\" sizes=\"auto, (max-width: 768px) 100vw, 768px\" \/><\/figure>\n\n\n\n<figure class=\"wp-block-image size-large\"><img loading=\"lazy\" decoding=\"async\" width=\"768\" height=\"1024\" data-id=\"3267\" src=\"https:\/\/udruga-106br.hr\/wp-content\/uploads\/2024\/06\/viber_slika_2024-06-10_10-00-12-446-768x1024.jpg\" alt=\"\" class=\"wp-image-3267\" srcset=\"https:\/\/udruga-106br.hr\/wp-content\/uploads\/2024\/06\/viber_slika_2024-06-10_10-00-12-446-768x1024.jpg 768w, https:\/\/udruga-106br.hr\/wp-content\/uploads\/2024\/06\/viber_slika_2024-06-10_10-00-12-446-225x300.jpg 225w, https:\/\/udruga-106br.hr\/wp-content\/uploads\/2024\/06\/viber_slika_2024-06-10_10-00-12-446-1152x1536.jpg 1152w, https:\/\/udruga-106br.hr\/wp-content\/uploads\/2024\/06\/viber_slika_2024-06-10_10-00-12-446.jpg 1200w\" sizes=\"auto, (max-width: 768px) 100vw, 768px\" \/><\/figure>\n<\/figure>\n\n\n\n<figure class=\"wp-block-image size-large\"><img loading=\"lazy\" decoding=\"async\" width=\"1024\" height=\"768\" src=\"https:\/\/udruga-106br.hr\/wp-content\/uploads\/2024\/06\/viber_slika_2024-06-10_10-00-12-348-1-1024x768.jpg\" alt=\"\" class=\"wp-image-3269\" srcset=\"https:\/\/udruga-106br.hr\/wp-content\/uploads\/2024\/06\/viber_slika_2024-06-10_10-00-12-348-1-1024x768.jpg 1024w, https:\/\/udruga-106br.hr\/wp-content\/uploads\/2024\/06\/viber_slika_2024-06-10_10-00-12-348-1-300x225.jpg 300w, https:\/\/udruga-106br.hr\/wp-content\/uploads\/2024\/06\/viber_slika_2024-06-10_10-00-12-348-1-768x576.jpg 768w, https:\/\/udruga-106br.hr\/wp-content\/uploads\/2024\/06\/viber_slika_2024-06-10_10-00-12-348-1-1536x1152.jpg 1536w, https:\/\/udruga-106br.hr\/wp-content\/uploads\/2024\/06\/viber_slika_2024-06-10_10-00-12-348-1.jpg 1600w\" sizes=\"auto, (max-width: 1024px) 100vw, 1024px\" \/><\/figure>\n<!-- AddThis Advanced Settings generic via filter on the_content --><!-- AddThis Share Buttons generic via filter on the_content -->","protected":false},"excerpt":{"rendered":"<p>Dragi prijatelji, zahvaljujemo svima koji su posjetili prostorije Udruge veterana 106. brigade Osijek i Spomen sobu. Va\u0161a prisutnost i zabilje\u017eene misli u Knjizi utisaka su nam od neizmjerne va\u017enosti. S ljubavlju i po\u0161tovanjem sje\u0107amo se poginulih branitelja \u010dije su fotografije postavljene kao podsjetnik na njihovu najve\u0107u \u017ertvu i ljubav prema domovini. Va\u0161a podr\u0161ka i iskrene &hellip; <a href=\"https:\/\/udruga-106br.hr\/index.php\/odrzani-dani-otvorenih-vrata-7-6-2024-godine\/\" class=\"more-link\">Nastavi \u010ditati <span class=\"screen-reader-text\">Odr\u017eani Dani otvorenih vrata &#8211; 7.6.2024. godine<\/span><\/a><!-- AddThis Advanced Settings generic via filter on get_the_excerpt --><!-- AddThis Share Buttons generic via filter on get_the_excerpt --><\/p>\n","protected":false},"author":1,"featured_media":0,"comment_status":"closed","ping_status":"closed","sticky":false,"template":"","format":"standard","meta":{"footnotes":""},"categories":[32],"tags":[],"class_list":["post-3264","post","type-post","status-publish","format-standard","hentry","category-iz-zivota-udruge"],"_links":{"self":[{"href":"https:\/\/udruga-106br.hr\/index.php\/wp-json\/wp\/v2\/posts\/3264","targetHints":{"allow":["GET"]}}],"collection":[{"href":"https:\/\/udruga-106br.hr\/index.php\/wp-json\/wp\/v2\/posts"}],"about":[{"href":"https:\/\/udruga-106br.hr\/index.php\/wp-json\/wp\/v2\/types\/post"}],"author":[{"embeddable":true,"href":"https:\/\/udruga-106br.hr\/index.php\/wp-json\/wp\/v2\/users\/1"}],"replies":[{"embeddable":true,"href":"https:\/\/udruga-106br.hr\/index.php\/wp-json\/wp\/v2\/comments?post=3264"}],"version-history":[{"count":1,"href":"https:\/\/udruga-106br.hr\/index.php\/wp-json\/wp\/v2\/posts\/3264\/revisions"}],"predecessor-version":[{"id":3270,"href":"https:\/\/udruga-106br.hr\/index.php\/wp-json\/wp\/v2\/posts\/3264\/revisions\/3270"}],"wp:attachment":[{"href":"https:\/\/udruga-106br.hr\/index.php\/wp-json\/wp\/v2\/media?parent=3264"}],"wp:term":[{"taxonomy":"category","embeddable":true,"href":"https:\/\/udruga-106br.hr\/index.php\/wp-json\/wp\/v2\/categories?post=3264"},{"taxonomy":"post_tag","embeddable":true,"href":"https:\/\/udruga-106br.hr\/index.php\/wp-json\/wp\/v2\/tags?post=3264"}],"curies":[{"name":"wp","href":"https:\/\/api.w.org\/{rel}","templated":true}]}}