{"id":3271,"date":"2024-06-10T11:24:02","date_gmt":"2024-06-10T09:24:02","guid":{"rendered":"https:\/\/udruga-106br.hr\/?p=3271"},"modified":"2025-10-17T19:22:36","modified_gmt":"2025-10-17T17:22:36","slug":"6-6-2024-odrzana-izvjestajna-skupstina-kubis-dr-obz-za-2023-godinu-te-javna-tribina-izmjene-i-dopune-zakona-o-hrvatskim-braniteljima-iz-domovinskog-rata-i-clanovima-njihovih-obitelji-zdrav","status":"publish","type":"post","link":"https:\/\/udruga-106br.hr\/index.php\/6-6-2024-odrzana-izvjestajna-skupstina-kubis-dr-obz-za-2023-godinu-te-javna-tribina-izmjene-i-dopune-zakona-o-hrvatskim-braniteljima-iz-domovinskog-rata-i-clanovima-njihovih-obitelji-zdrav\/","title":{"rendered":"6.6.2024. odr\u017eana izvje\u0161tajna Skup\u0161tina KUBIS DR OB\u017d za 2023. godinu te javna tribina \u201cIzmjene i dopune zakona o hrvatskim braniteljima iz Domovinskog rata i \u010dlanovima njihovih obitelji, zdravstveni programi i prava hrvatskih branitelja i stradalnika Domovinskog rata\u201d"},"content":{"rendered":"\n<p>Predstavnici Udruge veterana 106. brigade Osijek sudjelovali su na izvje\u0161tajnoj Skup\u0161tini KUBIS DR OB\u017d za 2023. godinu te na javnoj tribini pod nazivom \u201cIzmjene i dopune zakona o hrvatskim braniteljima iz Domovinskog rata i \u010dlanovima njihovih obitelji, zdravstveni programi i prava hrvatskih branitelja i stradalnika Domovinskog rata\u201d. Ovaj doga\u0111aj odr\u017ean je u Hrvatskom domu u \u010cepinu, u \u010detvrtak, 6. lipnja 2024.<\/p>\n\n\n\n<p>Klju\u010dni sudionici i njihove prezentacije:<\/p>\n\n\n\n<ul class=\"wp-block-list\"><li>Sanja Ivkovi\u0107, voditeljica Podru\u010dnog odjela MHB-a u Osijeku: predstavila je najnovije izmjene Zakona o hrvatskim braniteljima, naglasiv\u0161i pove\u0107anje mirovina i invalidnina koje bi trebale pobolj\u0161ati materijalni status branitelja i njihovih obitelji. Najavila je osnivanje javnih ustanova za trajni smje\u0161taj branitelja uz zdravstvenu skrb, \u010dime \u0107e se zna\u010dajno unaprijediti kvaliteta \u017eivota branitelja.<\/li><li>Boris Abi\u010di\u0107, pomo\u0107nik pro\u010delnice Upravnog odjela za zdravstvo, socijalnu skrb i hrvatske branitelje OB\u017d-a: detaljno je govorio o nov\u010danim naknadama za nezaposlene branitelje i mogu\u0107nostima ostvarivanja jednokratne nov\u010dane pomo\u0107i.<\/li><li>Matea Matanov, pravnica u Hrvatskom zavodu za socijalni rad, Podru\u010dni ured u Osijeku: predstavila je Zakon o socijalnoj skrbi u svrhu ostvarivanja nova prava za starije osobe i osobe s invaliditetom.<\/li><li>Kristina Vukovi\u0107, vi\u0161a stru\u010dna savjetnica Podru\u010dnog odjela MHB-a u Osijeku: fokusirala se na aktivnosti MHB-a koje su usmjerene na za\u0161titu, o\u010duvanje i unaprje\u0111enje zdravlja branitelja.<\/li><li>Tajana Mundweil, vi\u0161a stru\u010dna savjetnica Doma hrvatskih veterana: prezentirala je mogu\u0107nosti boravka veterana i njihovih obitelji u Veteranskim centrima (Sinj, \u0160ibenik, Petrinja, Daruvar i Lipik) te njihove usluge i model rada.<\/li><li>Ru\u017eica Roso, vi\u0161a stru\u010dna savjetnica MHB-a u Osijeku: izlo\u017eila je zabrinjavaju\u0107e podatke o visokom broju samoubojstava me\u0111u starijim osobama i braniteljima, nagla\u0161avaju\u0107i va\u017enost pravovremene prevencije i dostupnost savjeta i pomo\u0107i u podru\u010dnoj jedinici MHB-a u Osijeku.<\/li><\/ul>\n\n\n\n<p>Tribina je zaklju\u010dena pitanjima sudionika vezanim za provedbu izmjena Zakona o pravima hrvatskih branitelja koje su stupile na snagu 1. sije\u010dnja 2024.<\/p>\n\n\n\n<p>Hvala svima na sudjelovanju i podr\u0161ci!<\/p>\n\n\n\n<figure class=\"wp-block-gallery has-nested-images columns-default is-cropped wp-block-gallery-1 is-layout-flex wp-block-gallery-is-layout-flex\">\n<figure class=\"wp-block-image size-large\"><img loading=\"lazy\" decoding=\"async\" width=\"1024\" height=\"768\" data-id=\"3275\" src=\"https:\/\/udruga-106br.hr\/wp-content\/uploads\/2024\/06\/6.6.2024.-Javna-tribina-izmjene-i-dopune-Zakona-o-hrvatskim-braniteljima-iz-DR-a...-1024x768.jpg\" alt=\"\" class=\"wp-image-3275\" srcset=\"https:\/\/udruga-106br.hr\/wp-content\/uploads\/2024\/06\/6.6.2024.-Javna-tribina-izmjene-i-dopune-Zakona-o-hrvatskim-braniteljima-iz-DR-a...-1024x768.jpg 1024w, https:\/\/udruga-106br.hr\/wp-content\/uploads\/2024\/06\/6.6.2024.-Javna-tribina-izmjene-i-dopune-Zakona-o-hrvatskim-braniteljima-iz-DR-a...-300x225.jpg 300w, https:\/\/udruga-106br.hr\/wp-content\/uploads\/2024\/06\/6.6.2024.-Javna-tribina-izmjene-i-dopune-Zakona-o-hrvatskim-braniteljima-iz-DR-a...-768x576.jpg 768w, https:\/\/udruga-106br.hr\/wp-content\/uploads\/2024\/06\/6.6.2024.-Javna-tribina-izmjene-i-dopune-Zakona-o-hrvatskim-braniteljima-iz-DR-a...-1536x1152.jpg 1536w, https:\/\/udruga-106br.hr\/wp-content\/uploads\/2024\/06\/6.6.2024.-Javna-tribina-izmjene-i-dopune-Zakona-o-hrvatskim-braniteljima-iz-DR-a....jpg 1600w\" sizes=\"auto, (max-width: 1024px) 100vw, 1024px\" \/><\/figure>\n\n\n\n<figure class=\"wp-block-image size-large\"><img loading=\"lazy\" decoding=\"async\" width=\"1024\" height=\"768\" data-id=\"3280\" src=\"https:\/\/udruga-106br.hr\/wp-content\/uploads\/2024\/06\/viber_slika_2024-06-10_10-23-22-496-1024x768.jpg\" alt=\"\" class=\"wp-image-3280\" srcset=\"https:\/\/udruga-106br.hr\/wp-content\/uploads\/2024\/06\/viber_slika_2024-06-10_10-23-22-496-1024x768.jpg 1024w, https:\/\/udruga-106br.hr\/wp-content\/uploads\/2024\/06\/viber_slika_2024-06-10_10-23-22-496-300x225.jpg 300w, https:\/\/udruga-106br.hr\/wp-content\/uploads\/2024\/06\/viber_slika_2024-06-10_10-23-22-496-768x576.jpg 768w, https:\/\/udruga-106br.hr\/wp-content\/uploads\/2024\/06\/viber_slika_2024-06-10_10-23-22-496-1536x1152.jpg 1536w, https:\/\/udruga-106br.hr\/wp-content\/uploads\/2024\/06\/viber_slika_2024-06-10_10-23-22-496.jpg 1600w\" sizes=\"auto, (max-width: 1024px) 100vw, 1024px\" \/><\/figure>\n\n\n\n<figure class=\"wp-block-image size-large\"><img loading=\"lazy\" decoding=\"async\" width=\"1024\" height=\"768\" data-id=\"3276\" src=\"https:\/\/udruga-106br.hr\/wp-content\/uploads\/2024\/06\/viber_slika_2024-06-10_10-23-22-516-1024x768.jpg\" alt=\"\" class=\"wp-image-3276\" srcset=\"https:\/\/udruga-106br.hr\/wp-content\/uploads\/2024\/06\/viber_slika_2024-06-10_10-23-22-516-1024x768.jpg 1024w, https:\/\/udruga-106br.hr\/wp-content\/uploads\/2024\/06\/viber_slika_2024-06-10_10-23-22-516-300x225.jpg 300w, https:\/\/udruga-106br.hr\/wp-content\/uploads\/2024\/06\/viber_slika_2024-06-10_10-23-22-516-768x576.jpg 768w, https:\/\/udruga-106br.hr\/wp-content\/uploads\/2024\/06\/viber_slika_2024-06-10_10-23-22-516-1536x1152.jpg 1536w, https:\/\/udruga-106br.hr\/wp-content\/uploads\/2024\/06\/viber_slika_2024-06-10_10-23-22-516.jpg 1600w\" sizes=\"auto, (max-width: 1024px) 100vw, 1024px\" \/><\/figure>\n\n\n\n<figure class=\"wp-block-image size-large\"><img loading=\"lazy\" decoding=\"async\" width=\"1024\" height=\"768\" data-id=\"3274\" src=\"https:\/\/udruga-106br.hr\/wp-content\/uploads\/2024\/06\/viber_slika_2024-06-10_10-23-22-538-1024x768.jpg\" alt=\"\" class=\"wp-image-3274\" srcset=\"https:\/\/udruga-106br.hr\/wp-content\/uploads\/2024\/06\/viber_slika_2024-06-10_10-23-22-538-1024x768.jpg 1024w, https:\/\/udruga-106br.hr\/wp-content\/uploads\/2024\/06\/viber_slika_2024-06-10_10-23-22-538-300x225.jpg 300w, https:\/\/udruga-106br.hr\/wp-content\/uploads\/2024\/06\/viber_slika_2024-06-10_10-23-22-538-768x576.jpg 768w, https:\/\/udruga-106br.hr\/wp-content\/uploads\/2024\/06\/viber_slika_2024-06-10_10-23-22-538-1536x1152.jpg 1536w, https:\/\/udruga-106br.hr\/wp-content\/uploads\/2024\/06\/viber_slika_2024-06-10_10-23-22-538.jpg 1600w\" sizes=\"auto, (max-width: 1024px) 100vw, 1024px\" \/><\/figure>\n\n\n\n<figure class=\"wp-block-image size-large\"><img loading=\"lazy\" decoding=\"async\" width=\"1024\" height=\"768\" data-id=\"3278\" src=\"https:\/\/udruga-106br.hr\/wp-content\/uploads\/2024\/06\/viber_slika_2024-06-10_10-23-22-646-1024x768.jpg\" alt=\"\" class=\"wp-image-3278\" srcset=\"https:\/\/udruga-106br.hr\/wp-content\/uploads\/2024\/06\/viber_slika_2024-06-10_10-23-22-646-1024x768.jpg 1024w, https:\/\/udruga-106br.hr\/wp-content\/uploads\/2024\/06\/viber_slika_2024-06-10_10-23-22-646-300x225.jpg 300w, https:\/\/udruga-106br.hr\/wp-content\/uploads\/2024\/06\/viber_slika_2024-06-10_10-23-22-646-768x576.jpg 768w, https:\/\/udruga-106br.hr\/wp-content\/uploads\/2024\/06\/viber_slika_2024-06-10_10-23-22-646-1536x1152.jpg 1536w, https:\/\/udruga-106br.hr\/wp-content\/uploads\/2024\/06\/viber_slika_2024-06-10_10-23-22-646.jpg 1600w\" sizes=\"auto, (max-width: 1024px) 100vw, 1024px\" \/><\/figure>\n\n\n\n<figure class=\"wp-block-image size-large\"><img loading=\"lazy\" decoding=\"async\" width=\"1024\" height=\"768\" data-id=\"3279\" src=\"https:\/\/udruga-106br.hr\/wp-content\/uploads\/2024\/06\/viber_slika_2024-06-10_10-23-22-658-1024x768.jpg\" alt=\"\" class=\"wp-image-3279\" srcset=\"https:\/\/udruga-106br.hr\/wp-content\/uploads\/2024\/06\/viber_slika_2024-06-10_10-23-22-658-1024x768.jpg 1024w, https:\/\/udruga-106br.hr\/wp-content\/uploads\/2024\/06\/viber_slika_2024-06-10_10-23-22-658-300x225.jpg 300w, https:\/\/udruga-106br.hr\/wp-content\/uploads\/2024\/06\/viber_slika_2024-06-10_10-23-22-658-768x576.jpg 768w, https:\/\/udruga-106br.hr\/wp-content\/uploads\/2024\/06\/viber_slika_2024-06-10_10-23-22-658-1536x1152.jpg 1536w, https:\/\/udruga-106br.hr\/wp-content\/uploads\/2024\/06\/viber_slika_2024-06-10_10-23-22-658.jpg 1600w\" sizes=\"auto, (max-width: 1024px) 100vw, 1024px\" \/><\/figure>\n\n\n\n<figure class=\"wp-block-image size-large\"><img loading=\"lazy\" decoding=\"async\" width=\"1024\" height=\"768\" data-id=\"3277\" src=\"https:\/\/udruga-106br.hr\/wp-content\/uploads\/2024\/06\/viber_slika_2024-06-10_10-23-22-702-1024x768.jpg\" alt=\"\" class=\"wp-image-3277\" srcset=\"https:\/\/udruga-106br.hr\/wp-content\/uploads\/2024\/06\/viber_slika_2024-06-10_10-23-22-702-1024x768.jpg 1024w, https:\/\/udruga-106br.hr\/wp-content\/uploads\/2024\/06\/viber_slika_2024-06-10_10-23-22-702-300x225.jpg 300w, https:\/\/udruga-106br.hr\/wp-content\/uploads\/2024\/06\/viber_slika_2024-06-10_10-23-22-702-768x576.jpg 768w, https:\/\/udruga-106br.hr\/wp-content\/uploads\/2024\/06\/viber_slika_2024-06-10_10-23-22-702-1536x1152.jpg 1536w, https:\/\/udruga-106br.hr\/wp-content\/uploads\/2024\/06\/viber_slika_2024-06-10_10-23-22-702.jpg 1600w\" sizes=\"auto, (max-width: 1024px) 100vw, 1024px\" \/><\/figure>\n\n\n\n<figure class=\"wp-block-image size-large\"><img loading=\"lazy\" decoding=\"async\" width=\"1024\" height=\"768\" data-id=\"3273\" src=\"https:\/\/udruga-106br.hr\/wp-content\/uploads\/2024\/06\/viber_slika_2024-06-10_10-23-23-153-1024x768.jpg\" alt=\"\" class=\"wp-image-3273\" srcset=\"https:\/\/udruga-106br.hr\/wp-content\/uploads\/2024\/06\/viber_slika_2024-06-10_10-23-23-153-1024x768.jpg 1024w, https:\/\/udruga-106br.hr\/wp-content\/uploads\/2024\/06\/viber_slika_2024-06-10_10-23-23-153-300x225.jpg 300w, https:\/\/udruga-106br.hr\/wp-content\/uploads\/2024\/06\/viber_slika_2024-06-10_10-23-23-153-768x576.jpg 768w, https:\/\/udruga-106br.hr\/wp-content\/uploads\/2024\/06\/viber_slika_2024-06-10_10-23-23-153-1536x1152.jpg 1536w, https:\/\/udruga-106br.hr\/wp-content\/uploads\/2024\/06\/viber_slika_2024-06-10_10-23-23-153.jpg 1600w\" sizes=\"auto, (max-width: 1024px) 100vw, 1024px\" \/><\/figure>\n<\/figure>\n<!-- AddThis Advanced Settings generic via filter on the_content --><!-- AddThis Share Buttons generic via filter on the_content -->","protected":false},"excerpt":{"rendered":"<p>Predstavnici Udruge veterana 106. brigade Osijek sudjelovali su na izvje\u0161tajnoj Skup\u0161tini KUBIS DR OB\u017d za 2023. godinu te na javnoj tribini pod nazivom \u201cIzmjene i dopune zakona o hrvatskim braniteljima iz Domovinskog rata i \u010dlanovima njihovih obitelji, zdravstveni programi i prava hrvatskih branitelja i stradalnika Domovinskog rata\u201d. Ovaj doga\u0111aj odr\u017ean je u Hrvatskom domu u &hellip; <a href=\"https:\/\/udruga-106br.hr\/index.php\/6-6-2024-odrzana-izvjestajna-skupstina-kubis-dr-obz-za-2023-godinu-te-javna-tribina-izmjene-i-dopune-zakona-o-hrvatskim-braniteljima-iz-domovinskog-rata-i-clanovima-njihovih-obitelji-zdrav\/\" class=\"more-link\">Nastavi \u010ditati <span class=\"screen-reader-text\">6.6.2024. odr\u017eana izvje\u0161tajna Skup\u0161tina KUBIS DR OB\u017d za 2023. godinu te javna tribina \u201cIzmjene i dopune zakona o hrvatskim braniteljima iz Domovinskog rata i \u010dlanovima njihovih obitelji, zdravstveni programi i prava hrvatskih branitelja i stradalnika Domovinskog rata\u201d<\/span><\/a><!-- AddThis Advanced Settings generic via filter on get_the_excerpt --><!-- AddThis Share Buttons generic via filter on get_the_excerpt --><\/p>\n","protected":false},"author":1,"featured_media":0,"comment_status":"closed","ping_status":"closed","sticky":false,"template":"","format":"standard","meta":{"footnotes":""},"categories":[32],"tags":[],"class_list":["post-3271","post","type-post","status-publish","format-standard","hentry","category-iz-zivota-udruge"],"_links":{"self":[{"href":"https:\/\/udruga-106br.hr\/index.php\/wp-json\/wp\/v2\/posts\/3271","targetHints":{"allow":["GET"]}}],"collection":[{"href":"https:\/\/udruga-106br.hr\/index.php\/wp-json\/wp\/v2\/posts"}],"about":[{"href":"https:\/\/udruga-106br.hr\/index.php\/wp-json\/wp\/v2\/types\/post"}],"author":[{"embeddable":true,"href":"https:\/\/udruga-106br.hr\/index.php\/wp-json\/wp\/v2\/users\/1"}],"replies":[{"embeddable":true,"href":"https:\/\/udruga-106br.hr\/index.php\/wp-json\/wp\/v2\/comments?post=3271"}],"version-history":[{"count":2,"href":"https:\/\/udruga-106br.hr\/index.php\/wp-json\/wp\/v2\/posts\/3271\/revisions"}],"predecessor-version":[{"id":3282,"href":"https:\/\/udruga-106br.hr\/index.php\/wp-json\/wp\/v2\/posts\/3271\/revisions\/3282"}],"wp:attachment":[{"href":"https:\/\/udruga-106br.hr\/index.php\/wp-json\/wp\/v2\/media?parent=3271"}],"wp:term":[{"taxonomy":"category","embeddable":true,"href":"https:\/\/udruga-106br.hr\/index.php\/wp-json\/wp\/v2\/categories?post=3271"},{"taxonomy":"post_tag","embeddable":true,"href":"https:\/\/udruga-106br.hr\/index.php\/wp-json\/wp\/v2\/tags?post=3271"}],"curies":[{"name":"wp","href":"https:\/\/api.w.org\/{rel}","templated":true}]}}