{"id":3283,"date":"2024-06-18T10:10:30","date_gmt":"2024-06-18T08:10:30","guid":{"rendered":"https:\/\/udruga-106br.hr\/?p=3283"},"modified":"2025-10-17T19:22:36","modified_gmt":"2025-10-17T17:22:36","slug":"poziv-za-dan-osjeckih-branitelja-dan-106-brigade-zng-rh-i-hrvatskog-dragovoljca-obz-28-6-2024","status":"publish","type":"post","link":"https:\/\/udruga-106br.hr\/index.php\/poziv-za-dan-osjeckih-branitelja-dan-106-brigade-zng-rh-i-hrvatskog-dragovoljca-obz-28-6-2024\/","title":{"rendered":"Poziv za Dan osje\u010dkih branitelja, Dan 106. brigade ZNG RH i hrvatskog dragovoljca OB\u017d &#8211; 28.6.2024."},"content":{"rendered":"\n<p>I ove godine s ponosom obilje\u017eavamo Dan osje\u010dkih branitelja, 33. obljetnicu osnutka 106. brigade (Dan 106. brigade ZNG RH) i Dan hrvatskog dragovoljca OB\u017d-a!<\/p>\n\n\n\n<p>Pridru\u017eite nam se u proslavi i odavanju po\u010dasti na\u0161im hrabrim braniteljima koji su dali sve za slobodu i sigurnost na\u0161eg grada i domovine. <\/p>\n\n\n\n<p> Datum: 28.6.2024.<br> Lokacija: Osijek<\/p>\n\n\n\n<p>Program doga\u0111aja je u privitku.<\/p>\n\n\n\n<p>Pozivamo sve gra\u0111ane, prijatelje i obitelji da nam se pridru\u017ee u ovom posebnom trenutku sje\u0107anja i zahvalnosti. Va\u0161a prisutnost \u0107e u\u010diniti ovaj dan jo\u0161 posebnijim! <\/p>\n\n\n\n<figure class=\"wp-block-image size-large\"><img loading=\"lazy\" decoding=\"async\" width=\"732\" height=\"1024\" src=\"https:\/\/udruga-106br.hr\/wp-content\/uploads\/2024\/06\/poooziv-732x1024.jpg\" alt=\"\" class=\"wp-image-3284\" srcset=\"https:\/\/udruga-106br.hr\/wp-content\/uploads\/2024\/06\/poooziv-732x1024.jpg 732w, https:\/\/udruga-106br.hr\/wp-content\/uploads\/2024\/06\/poooziv-215x300.jpg 215w, https:\/\/udruga-106br.hr\/wp-content\/uploads\/2024\/06\/poooziv-768x1074.jpg 768w, https:\/\/udruga-106br.hr\/wp-content\/uploads\/2024\/06\/poooziv-1098x1536.jpg 1098w, https:\/\/udruga-106br.hr\/wp-content\/uploads\/2024\/06\/poooziv.jpg 1144w\" sizes=\"auto, (max-width: 732px) 100vw, 732px\" \/><\/figure>\n<!-- AddThis Advanced Settings generic via filter on the_content --><!-- AddThis Share Buttons generic via filter on the_content -->","protected":false},"excerpt":{"rendered":"<p>I ove godine s ponosom obilje\u017eavamo Dan osje\u010dkih branitelja, 33. obljetnicu osnutka 106. brigade (Dan 106. brigade ZNG RH) i Dan hrvatskog dragovoljca OB\u017d-a! Pridru\u017eite nam se u proslavi i odavanju po\u010dasti na\u0161im hrabrim braniteljima koji su dali sve za slobodu i sigurnost na\u0161eg grada i domovine. Datum: 28.6.2024. Lokacija: Osijek Program doga\u0111aja je u &hellip; <a href=\"https:\/\/udruga-106br.hr\/index.php\/poziv-za-dan-osjeckih-branitelja-dan-106-brigade-zng-rh-i-hrvatskog-dragovoljca-obz-28-6-2024\/\" class=\"more-link\">Nastavi \u010ditati <span class=\"screen-reader-text\">Poziv za Dan osje\u010dkih branitelja, Dan 106. brigade ZNG RH i hrvatskog dragovoljca OB\u017d &#8211; 28.6.2024.<\/span><\/a><!-- AddThis Advanced Settings generic via filter on get_the_excerpt --><!-- AddThis Share Buttons generic via filter on get_the_excerpt --><\/p>\n","protected":false},"author":1,"featured_media":0,"comment_status":"closed","ping_status":"closed","sticky":false,"template":"","format":"standard","meta":{"footnotes":""},"categories":[32],"tags":[],"class_list":["post-3283","post","type-post","status-publish","format-standard","hentry","category-iz-zivota-udruge"],"_links":{"self":[{"href":"https:\/\/udruga-106br.hr\/index.php\/wp-json\/wp\/v2\/posts\/3283","targetHints":{"allow":["GET"]}}],"collection":[{"href":"https:\/\/udruga-106br.hr\/index.php\/wp-json\/wp\/v2\/posts"}],"about":[{"href":"https:\/\/udruga-106br.hr\/index.php\/wp-json\/wp\/v2\/types\/post"}],"author":[{"embeddable":true,"href":"https:\/\/udruga-106br.hr\/index.php\/wp-json\/wp\/v2\/users\/1"}],"replies":[{"embeddable":true,"href":"https:\/\/udruga-106br.hr\/index.php\/wp-json\/wp\/v2\/comments?post=3283"}],"version-history":[{"count":1,"href":"https:\/\/udruga-106br.hr\/index.php\/wp-json\/wp\/v2\/posts\/3283\/revisions"}],"predecessor-version":[{"id":3285,"href":"https:\/\/udruga-106br.hr\/index.php\/wp-json\/wp\/v2\/posts\/3283\/revisions\/3285"}],"wp:attachment":[{"href":"https:\/\/udruga-106br.hr\/index.php\/wp-json\/wp\/v2\/media?parent=3283"}],"wp:term":[{"taxonomy":"category","embeddable":true,"href":"https:\/\/udruga-106br.hr\/index.php\/wp-json\/wp\/v2\/categories?post=3283"},{"taxonomy":"post_tag","embeddable":true,"href":"https:\/\/udruga-106br.hr\/index.php\/wp-json\/wp\/v2\/tags?post=3283"}],"curies":[{"name":"wp","href":"https:\/\/api.w.org\/{rel}","templated":true}]}}