{"id":3304,"date":"2024-06-25T18:40:33","date_gmt":"2024-06-25T16:40:33","guid":{"rendered":"https:\/\/udruga-106br.hr\/?p=3304"},"modified":"2025-10-17T19:22:36","modified_gmt":"2025-10-17T17:22:36","slug":"postanite-clan-udruge","status":"publish","type":"post","link":"https:\/\/udruga-106br.hr\/index.php\/postanite-clan-udruge\/","title":{"rendered":"Postanite \u010dlan Udruge!"},"content":{"rendered":"\n<p>Dragi prijatelji,<\/p>\n\n\n\n<p>povodom Dana 106. brigade, Dana osje\u010dkih branitelja i Dana hrvatskog dragovoljca OB\u017d-a, Udruga veterana 106. brigade Osijek srda\u010dno vas i sve zainteresirane poziva na u\u010dlanjenje u na\u0161u udrugu!<\/p>\n\n\n\n<p>Na\u0161i suborci, hrvatski branitelji, podr\u017eavatelji branitelja &#8211; gra\u0111ani, djeca, mladi, stariji &#8211; svi ste dobrodo\u0161li!<\/p>\n\n\n\n<p> Adresa na\u0161eg ureda: K.P. Sva\u010di\u0107a 36, Osijek.<br> Zbog terenskih obaveza ovaj tjedan, najbolje je nazvati tajnicu Anju Pata\u010di\u0107 na broj 099 535 7001 kako biste dogovorili u\u010dlanjenje i preuzeli svoj poklon (majicu 106. brigade ili knjigu &#8220;Utvrda Osijek&#8221;).<\/p>\n\n\n\n<figure class=\"wp-block-image size-full\"><img loading=\"lazy\" decoding=\"async\" width=\"353\" height=\"455\" src=\"https:\/\/udruga-106br.hr\/wp-content\/uploads\/2024\/06\/majica-1a.png\" alt=\"\" class=\"wp-image-3305\" srcset=\"https:\/\/udruga-106br.hr\/wp-content\/uploads\/2024\/06\/majica-1a.png 353w, https:\/\/udruga-106br.hr\/wp-content\/uploads\/2024\/06\/majica-1a-233x300.png 233w\" sizes=\"auto, (max-width: 353px) 100vw, 353px\" \/><\/figure>\n\n\n\n<p><\/p>\n\n\n\n<figure class=\"wp-block-image size-large\"><img loading=\"lazy\" decoding=\"async\" width=\"756\" height=\"1024\" src=\"https:\/\/udruga-106br.hr\/wp-content\/uploads\/2024\/06\/Utvrda-Osijek-756x1024.jpg\" alt=\"\" class=\"wp-image-3306\" srcset=\"https:\/\/udruga-106br.hr\/wp-content\/uploads\/2024\/06\/Utvrda-Osijek-756x1024.jpg 756w, https:\/\/udruga-106br.hr\/wp-content\/uploads\/2024\/06\/Utvrda-Osijek-222x300.jpg 222w, https:\/\/udruga-106br.hr\/wp-content\/uploads\/2024\/06\/Utvrda-Osijek-768x1040.jpg 768w, https:\/\/udruga-106br.hr\/wp-content\/uploads\/2024\/06\/Utvrda-Osijek-1135x1536.jpg 1135w, https:\/\/udruga-106br.hr\/wp-content\/uploads\/2024\/06\/Utvrda-Osijek.jpg 1182w\" sizes=\"auto, (max-width: 756px) 100vw, 756px\" \/><\/figure>\n\n\n\n<p>Tako\u0111er, pozivamo Vas da posjetite Spomen sobu za sve poginule pripadnike 106. brigade. Vrijedi do\u0107i, vidjeti, odati po\u010dast tim velikim i hrabrim ljudima te se prisjetiti njihove \u017ertve. <\/p>\n\n\n\n<figure class=\"wp-block-image size-large\"><img loading=\"lazy\" decoding=\"async\" width=\"768\" height=\"1024\" src=\"https:\/\/udruga-106br.hr\/wp-content\/uploads\/2024\/06\/Spomensoba-natpis-768x1024.jpg\" alt=\"\" class=\"wp-image-3307\" srcset=\"https:\/\/udruga-106br.hr\/wp-content\/uploads\/2024\/06\/Spomensoba-natpis-768x1024.jpg 768w, https:\/\/udruga-106br.hr\/wp-content\/uploads\/2024\/06\/Spomensoba-natpis-225x300.jpg 225w, https:\/\/udruga-106br.hr\/wp-content\/uploads\/2024\/06\/Spomensoba-natpis-1152x1536.jpg 1152w, https:\/\/udruga-106br.hr\/wp-content\/uploads\/2024\/06\/Spomensoba-natpis.jpg 1200w\" sizes=\"auto, (max-width: 768px) 100vw, 768px\" \/><\/figure>\n\n\n\n<p>Podsje\u0107amo sve \u010dlanove da na obilje\u017eavanje Dana 106. brigade, Dana osje\u010dkih branitelja i Dana dragovoljaca OB\u017d-a do\u0111u u na\u0161im majicama kako bismo zajedno, skladno i dostojanstveno odali po\u010dast svim poginulima. <\/p>\n\n\n\n<figure class=\"wp-block-image size-full\"><img loading=\"lazy\" decoding=\"async\" width=\"412\" height=\"538\" src=\"https:\/\/udruga-106br.hr\/wp-content\/uploads\/2024\/06\/pp1.png\" alt=\"\" class=\"wp-image-3308\" srcset=\"https:\/\/udruga-106br.hr\/wp-content\/uploads\/2024\/06\/pp1.png 412w, https:\/\/udruga-106br.hr\/wp-content\/uploads\/2024\/06\/pp1-230x300.png 230w\" sizes=\"auto, (max-width: 412px) 100vw, 412px\" \/><\/figure>\n\n\n\n<p>Vidimo se u zajedni\u0161tvu i miru, nose\u0107i ih u mislima i srcu. <\/p>\n<!-- AddThis Advanced Settings generic via filter on the_content --><!-- AddThis Share Buttons generic via filter on the_content -->","protected":false},"excerpt":{"rendered":"<p>Dragi prijatelji, povodom Dana 106. brigade, Dana osje\u010dkih branitelja i Dana hrvatskog dragovoljca OB\u017d-a, Udruga veterana 106. brigade Osijek srda\u010dno vas i sve zainteresirane poziva na u\u010dlanjenje u na\u0161u udrugu! Na\u0161i suborci, hrvatski branitelji, podr\u017eavatelji branitelja &#8211; gra\u0111ani, djeca, mladi, stariji &#8211; svi ste dobrodo\u0161li! Adresa na\u0161eg ureda: K.P. Sva\u010di\u0107a 36, Osijek. Zbog terenskih obaveza &hellip; <a href=\"https:\/\/udruga-106br.hr\/index.php\/postanite-clan-udruge\/\" class=\"more-link\">Nastavi \u010ditati <span class=\"screen-reader-text\">Postanite \u010dlan Udruge!<\/span><\/a><!-- AddThis Advanced Settings generic via filter on get_the_excerpt --><!-- AddThis Share Buttons generic via filter on get_the_excerpt --><\/p>\n","protected":false},"author":1,"featured_media":0,"comment_status":"closed","ping_status":"closed","sticky":false,"template":"","format":"standard","meta":{"footnotes":""},"categories":[32],"tags":[],"class_list":["post-3304","post","type-post","status-publish","format-standard","hentry","category-iz-zivota-udruge"],"_links":{"self":[{"href":"https:\/\/udruga-106br.hr\/index.php\/wp-json\/wp\/v2\/posts\/3304","targetHints":{"allow":["GET"]}}],"collection":[{"href":"https:\/\/udruga-106br.hr\/index.php\/wp-json\/wp\/v2\/posts"}],"about":[{"href":"https:\/\/udruga-106br.hr\/index.php\/wp-json\/wp\/v2\/types\/post"}],"author":[{"embeddable":true,"href":"https:\/\/udruga-106br.hr\/index.php\/wp-json\/wp\/v2\/users\/1"}],"replies":[{"embeddable":true,"href":"https:\/\/udruga-106br.hr\/index.php\/wp-json\/wp\/v2\/comments?post=3304"}],"version-history":[{"count":1,"href":"https:\/\/udruga-106br.hr\/index.php\/wp-json\/wp\/v2\/posts\/3304\/revisions"}],"predecessor-version":[{"id":3309,"href":"https:\/\/udruga-106br.hr\/index.php\/wp-json\/wp\/v2\/posts\/3304\/revisions\/3309"}],"wp:attachment":[{"href":"https:\/\/udruga-106br.hr\/index.php\/wp-json\/wp\/v2\/media?parent=3304"}],"wp:term":[{"taxonomy":"category","embeddable":true,"href":"https:\/\/udruga-106br.hr\/index.php\/wp-json\/wp\/v2\/categories?post=3304"},{"taxonomy":"post_tag","embeddable":true,"href":"https:\/\/udruga-106br.hr\/index.php\/wp-json\/wp\/v2\/tags?post=3304"}],"curies":[{"name":"wp","href":"https:\/\/api.w.org\/{rel}","templated":true}]}}