{"id":3310,"date":"2024-06-29T22:32:12","date_gmt":"2024-06-29T20:32:12","guid":{"rendered":"https:\/\/udruga-106br.hr\/?p=3310"},"modified":"2025-10-17T19:22:36","modified_gmt":"2025-10-17T17:22:36","slug":"28-6-2024-svecano-obiljezen-dan-osjeckih-branitelja-33-obljetnica-osnutka-106-brigade-zng-rh-i-dan-hrvatskog-dragovoljca-obz-a","status":"publish","type":"post","link":"https:\/\/udruga-106br.hr\/index.php\/28-6-2024-svecano-obiljezen-dan-osjeckih-branitelja-33-obljetnica-osnutka-106-brigade-zng-rh-i-dan-hrvatskog-dragovoljca-obz-a\/","title":{"rendered":"28.6.2024. Sve\u010dano obilje\u017een Dan osje\u010dkih branitelja, 33. obljetnica osnutka 106. brigade ZNG RH i Dan hrvatskog dragovoljca OB\u017d-a!"},"content":{"rendered":"\n<p><br> Dan 28.6.2024. godine bio je dan pun ponosa i sje\u0107anja.<\/p>\n\n\n\n<p>U \u017eupnoj crkvi sv. Petra i Pavla u Osijeku odr\u017eana je Sveta misa za poginule i umrle hrvatske branitelje i civile. <br>Ovim dirljivim prisje\u0107anjem zapo\u010deli smo obilje\u017eavanje Dana osje\u010dkih branitelja, Dana 106. brigade ZNG RH i Dana hrvatskog dragovoljca Osje\u010dko-baranjske \u017eupanije.<br>Svetom misom odali smo po\u010dast hrabrim braniteljima i civilima koji su polo\u017eili svoje \u017eivote za na\u0161u slobodu. Neka njihova \u017ertva bude vje\u010dni podsjetnik na hrabrost i zajedni\u0161tvo koje nas je vodilo kroz najte\u017ea vremena.<\/p>\n\n\n\n<p>U 18h slijedilo je okupljanje sudionika mimohoda te naposlijetku i veli\u010danstveni mimohod sa trga Ante Star\u010devi\u0107a do Kapelice Majke Bo\u017eje Kraljice Mira. Zastave svih ratnih postrojbi grada Osijeka i Osje\u010dko-baranjske \u017eupanije vijorile su ponosno, dok su se sudionici zaustavili kako bi polo\u017eili vijence i zapalili svije\u0107e u znak sje\u0107anja na 1730 osoba koje su izgubile svoje \u017eivote tijekom Domovinskog rata \u2013 1327 branitelja i 403 civila. <br>Mimohodu su se pridru\u017eili osje\u010dki dragovoljci, branitelji, udruge proiza\u0161le iz Domovinskog rata, pripadnici Hrvatske vojske i policije, vatrogasne postrojbe, u\u010denici osje\u010dkih srednjih \u0161kola te brojni gra\u0111ani. Po\u010da\u0161\u0107eni smo i prisustvom 106. ora\u0161ke brigade HVO-a iz Ora\u0161ja te pripadnika udruge veterana UCK Mitrovica, \u0161to simbolizira na\u0161u posve\u0107enost suradnji i zajedni\u010dkoj borbi za slobodu.<br>Ova sve\u010danost nije samo obilje\u017eavanje va\u017enog povijesnog trenutka, ve\u0107 i izraz dubokog po\u0161tovanja prema hrabrosti i \u017ertvi branitelja i civila. Okupljanje razli\u010ditih postrojbi, udruga i institucija nagla\u0161ava jedinstvo i zajedni\u010dku posve\u0107enost o\u010duvanju sje\u0107anja. <br>U 21 sat, pripadnici Kohorte upalili su baklje na Osje\u010dkom pje\u0161a\u010dkom mostu, predstavljaju\u0107i sna\u017ean \u010din odavanja po\u010dasti. <br>Ovo sve\u010dano obilje\u017eavanje podsjetnik je na va\u017enost obrane slobode, zajedni\u0161tva i solidarnosti u te\u0161kim vremenima. Hvala svima koji su sudjelovali i podr\u017eali ovu va\u017enu obljetnicu. <\/p>\n\n\n\n<p>Va\u0161a ljubav, podr\u0161ka i jedinstvo inspiracija su za sve nas. <\/p>\n\n\n\n<figure class=\"wp-block-gallery has-nested-images columns-default is-cropped wp-block-gallery-1 is-layout-flex wp-block-gallery-is-layout-flex\">\n<figure class=\"wp-block-image size-large\"><img loading=\"lazy\" decoding=\"async\" width=\"1024\" height=\"768\" data-id=\"3313\" src=\"https:\/\/udruga-106br.hr\/wp-content\/uploads\/2024\/06\/viber_slika_2024-06-29_22-15-15-758-1024x768.jpg\" alt=\"\" class=\"wp-image-3313\" srcset=\"https:\/\/udruga-106br.hr\/wp-content\/uploads\/2024\/06\/viber_slika_2024-06-29_22-15-15-758-1024x768.jpg 1024w, https:\/\/udruga-106br.hr\/wp-content\/uploads\/2024\/06\/viber_slika_2024-06-29_22-15-15-758-300x225.jpg 300w, https:\/\/udruga-106br.hr\/wp-content\/uploads\/2024\/06\/viber_slika_2024-06-29_22-15-15-758-768x576.jpg 768w, https:\/\/udruga-106br.hr\/wp-content\/uploads\/2024\/06\/viber_slika_2024-06-29_22-15-15-758-1536x1152.jpg 1536w, https:\/\/udruga-106br.hr\/wp-content\/uploads\/2024\/06\/viber_slika_2024-06-29_22-15-15-758.jpg 1600w\" sizes=\"auto, (max-width: 1024px) 100vw, 1024px\" \/><\/figure>\n\n\n\n<figure class=\"wp-block-image size-large\"><img loading=\"lazy\" decoding=\"async\" width=\"1024\" height=\"768\" data-id=\"3311\" src=\"https:\/\/udruga-106br.hr\/wp-content\/uploads\/2024\/06\/viber_slika_2024-06-29_22-15-41-064-1024x768.jpg\" alt=\"\" class=\"wp-image-3311\" srcset=\"https:\/\/udruga-106br.hr\/wp-content\/uploads\/2024\/06\/viber_slika_2024-06-29_22-15-41-064-1024x768.jpg 1024w, https:\/\/udruga-106br.hr\/wp-content\/uploads\/2024\/06\/viber_slika_2024-06-29_22-15-41-064-300x225.jpg 300w, https:\/\/udruga-106br.hr\/wp-content\/uploads\/2024\/06\/viber_slika_2024-06-29_22-15-41-064-768x576.jpg 768w, https:\/\/udruga-106br.hr\/wp-content\/uploads\/2024\/06\/viber_slika_2024-06-29_22-15-41-064-1536x1152.jpg 1536w, https:\/\/udruga-106br.hr\/wp-content\/uploads\/2024\/06\/viber_slika_2024-06-29_22-15-41-064.jpg 1600w\" sizes=\"auto, (max-width: 1024px) 100vw, 1024px\" \/><\/figure>\n\n\n\n<figure class=\"wp-block-image size-large\"><img loading=\"lazy\" decoding=\"async\" width=\"768\" height=\"1024\" data-id=\"3318\" src=\"https:\/\/udruga-106br.hr\/wp-content\/uploads\/2024\/06\/viber_slika_2024-06-29_22-16-15-668-768x1024.jpg\" alt=\"\" class=\"wp-image-3318\" srcset=\"https:\/\/udruga-106br.hr\/wp-content\/uploads\/2024\/06\/viber_slika_2024-06-29_22-16-15-668-768x1024.jpg 768w, https:\/\/udruga-106br.hr\/wp-content\/uploads\/2024\/06\/viber_slika_2024-06-29_22-16-15-668-225x300.jpg 225w, https:\/\/udruga-106br.hr\/wp-content\/uploads\/2024\/06\/viber_slika_2024-06-29_22-16-15-668-1152x1536.jpg 1152w, https:\/\/udruga-106br.hr\/wp-content\/uploads\/2024\/06\/viber_slika_2024-06-29_22-16-15-668.jpg 1200w\" sizes=\"auto, (max-width: 768px) 100vw, 768px\" \/><\/figure>\n\n\n\n<figure class=\"wp-block-image size-large\"><img loading=\"lazy\" decoding=\"async\" width=\"768\" height=\"1024\" data-id=\"3320\" src=\"https:\/\/udruga-106br.hr\/wp-content\/uploads\/2024\/06\/viber_slika_2024-06-29_22-16-28-711-768x1024.jpg\" alt=\"\" class=\"wp-image-3320\" srcset=\"https:\/\/udruga-106br.hr\/wp-content\/uploads\/2024\/06\/viber_slika_2024-06-29_22-16-28-711-768x1024.jpg 768w, https:\/\/udruga-106br.hr\/wp-content\/uploads\/2024\/06\/viber_slika_2024-06-29_22-16-28-711-225x300.jpg 225w, https:\/\/udruga-106br.hr\/wp-content\/uploads\/2024\/06\/viber_slika_2024-06-29_22-16-28-711-1152x1536.jpg 1152w, https:\/\/udruga-106br.hr\/wp-content\/uploads\/2024\/06\/viber_slika_2024-06-29_22-16-28-711.jpg 1200w\" sizes=\"auto, (max-width: 768px) 100vw, 768px\" \/><\/figure>\n\n\n\n<figure class=\"wp-block-image size-large\"><img loading=\"lazy\" decoding=\"async\" width=\"1024\" height=\"768\" data-id=\"3316\" src=\"https:\/\/udruga-106br.hr\/wp-content\/uploads\/2024\/06\/viber_slika_2024-06-29_22-18-05-696-1024x768.jpg\" alt=\"\" class=\"wp-image-3316\" srcset=\"https:\/\/udruga-106br.hr\/wp-content\/uploads\/2024\/06\/viber_slika_2024-06-29_22-18-05-696-1024x768.jpg 1024w, https:\/\/udruga-106br.hr\/wp-content\/uploads\/2024\/06\/viber_slika_2024-06-29_22-18-05-696-300x225.jpg 300w, https:\/\/udruga-106br.hr\/wp-content\/uploads\/2024\/06\/viber_slika_2024-06-29_22-18-05-696-768x576.jpg 768w, https:\/\/udruga-106br.hr\/wp-content\/uploads\/2024\/06\/viber_slika_2024-06-29_22-18-05-696-1536x1152.jpg 1536w, https:\/\/udruga-106br.hr\/wp-content\/uploads\/2024\/06\/viber_slika_2024-06-29_22-18-05-696.jpg 1600w\" sizes=\"auto, (max-width: 1024px) 100vw, 1024px\" \/><\/figure>\n\n\n\n<figure class=\"wp-block-image size-large\"><img loading=\"lazy\" decoding=\"async\" width=\"1024\" height=\"768\" data-id=\"3319\" src=\"https:\/\/udruga-106br.hr\/wp-content\/uploads\/2024\/06\/viber_slika_2024-06-29_22-18-09-109-1024x768.jpg\" alt=\"\" class=\"wp-image-3319\" srcset=\"https:\/\/udruga-106br.hr\/wp-content\/uploads\/2024\/06\/viber_slika_2024-06-29_22-18-09-109-1024x768.jpg 1024w, https:\/\/udruga-106br.hr\/wp-content\/uploads\/2024\/06\/viber_slika_2024-06-29_22-18-09-109-300x225.jpg 300w, https:\/\/udruga-106br.hr\/wp-content\/uploads\/2024\/06\/viber_slika_2024-06-29_22-18-09-109-768x576.jpg 768w, https:\/\/udruga-106br.hr\/wp-content\/uploads\/2024\/06\/viber_slika_2024-06-29_22-18-09-109-1536x1152.jpg 1536w, https:\/\/udruga-106br.hr\/wp-content\/uploads\/2024\/06\/viber_slika_2024-06-29_22-18-09-109.jpg 1600w\" sizes=\"auto, (max-width: 1024px) 100vw, 1024px\" \/><\/figure>\n\n\n\n<figure class=\"wp-block-image size-large\"><img loading=\"lazy\" decoding=\"async\" width=\"768\" height=\"1024\" data-id=\"3317\" src=\"https:\/\/udruga-106br.hr\/wp-content\/uploads\/2024\/06\/viber_slika_2024-06-29_22-18-09-240-768x1024.jpg\" alt=\"\" class=\"wp-image-3317\" srcset=\"https:\/\/udruga-106br.hr\/wp-content\/uploads\/2024\/06\/viber_slika_2024-06-29_22-18-09-240-768x1024.jpg 768w, https:\/\/udruga-106br.hr\/wp-content\/uploads\/2024\/06\/viber_slika_2024-06-29_22-18-09-240-225x300.jpg 225w, https:\/\/udruga-106br.hr\/wp-content\/uploads\/2024\/06\/viber_slika_2024-06-29_22-18-09-240-1152x1536.jpg 1152w, https:\/\/udruga-106br.hr\/wp-content\/uploads\/2024\/06\/viber_slika_2024-06-29_22-18-09-240.jpg 1200w\" sizes=\"auto, (max-width: 768px) 100vw, 768px\" \/><\/figure>\n\n\n\n<figure class=\"wp-block-image size-large\"><img loading=\"lazy\" decoding=\"async\" width=\"1024\" height=\"768\" data-id=\"3315\" src=\"https:\/\/udruga-106br.hr\/wp-content\/uploads\/2024\/06\/viber_slika_2024-06-29_22-18-09-285-1024x768.jpg\" alt=\"\" class=\"wp-image-3315\" srcset=\"https:\/\/udruga-106br.hr\/wp-content\/uploads\/2024\/06\/viber_slika_2024-06-29_22-18-09-285-1024x768.jpg 1024w, https:\/\/udruga-106br.hr\/wp-content\/uploads\/2024\/06\/viber_slika_2024-06-29_22-18-09-285-300x225.jpg 300w, https:\/\/udruga-106br.hr\/wp-content\/uploads\/2024\/06\/viber_slika_2024-06-29_22-18-09-285-768x576.jpg 768w, https:\/\/udruga-106br.hr\/wp-content\/uploads\/2024\/06\/viber_slika_2024-06-29_22-18-09-285-1536x1152.jpg 1536w, https:\/\/udruga-106br.hr\/wp-content\/uploads\/2024\/06\/viber_slika_2024-06-29_22-18-09-285.jpg 1600w\" sizes=\"auto, (max-width: 1024px) 100vw, 1024px\" \/><\/figure>\n\n\n\n<figure class=\"wp-block-image size-large\"><img loading=\"lazy\" decoding=\"async\" width=\"768\" height=\"1024\" data-id=\"3314\" src=\"https:\/\/udruga-106br.hr\/wp-content\/uploads\/2024\/06\/viber_slika_2024-06-29_22-18-09-343-768x1024.jpg\" alt=\"\" class=\"wp-image-3314\" srcset=\"https:\/\/udruga-106br.hr\/wp-content\/uploads\/2024\/06\/viber_slika_2024-06-29_22-18-09-343-768x1024.jpg 768w, https:\/\/udruga-106br.hr\/wp-content\/uploads\/2024\/06\/viber_slika_2024-06-29_22-18-09-343-225x300.jpg 225w, https:\/\/udruga-106br.hr\/wp-content\/uploads\/2024\/06\/viber_slika_2024-06-29_22-18-09-343-1152x1536.jpg 1152w, https:\/\/udruga-106br.hr\/wp-content\/uploads\/2024\/06\/viber_slika_2024-06-29_22-18-09-343.jpg 1200w\" sizes=\"auto, (max-width: 768px) 100vw, 768px\" \/><\/figure>\n<\/figure>\n<!-- AddThis Advanced Settings generic via filter on the_content --><!-- AddThis Share Buttons generic via filter on the_content -->","protected":false},"excerpt":{"rendered":"<p>Dan 28.6.2024. godine bio je dan pun ponosa i sje\u0107anja. U \u017eupnoj crkvi sv. Petra i Pavla u Osijeku odr\u017eana je Sveta misa za poginule i umrle hrvatske branitelje i civile. Ovim dirljivim prisje\u0107anjem zapo\u010deli smo obilje\u017eavanje Dana osje\u010dkih branitelja, Dana 106. brigade ZNG RH i Dana hrvatskog dragovoljca Osje\u010dko-baranjske \u017eupanije.Svetom misom odali smo po\u010dast &hellip; <a href=\"https:\/\/udruga-106br.hr\/index.php\/28-6-2024-svecano-obiljezen-dan-osjeckih-branitelja-33-obljetnica-osnutka-106-brigade-zng-rh-i-dan-hrvatskog-dragovoljca-obz-a\/\" class=\"more-link\">Nastavi \u010ditati <span class=\"screen-reader-text\">28.6.2024. Sve\u010dano obilje\u017een Dan osje\u010dkih branitelja, 33. obljetnica osnutka 106. brigade ZNG RH i Dan hrvatskog dragovoljca OB\u017d-a!<\/span><\/a><!-- AddThis Advanced Settings generic via filter on get_the_excerpt --><!-- AddThis Share Buttons generic via filter on get_the_excerpt --><\/p>\n","protected":false},"author":1,"featured_media":0,"comment_status":"closed","ping_status":"closed","sticky":false,"template":"","format":"standard","meta":{"footnotes":""},"categories":[32],"tags":[],"class_list":["post-3310","post","type-post","status-publish","format-standard","hentry","category-iz-zivota-udruge"],"_links":{"self":[{"href":"https:\/\/udruga-106br.hr\/index.php\/wp-json\/wp\/v2\/posts\/3310","targetHints":{"allow":["GET"]}}],"collection":[{"href":"https:\/\/udruga-106br.hr\/index.php\/wp-json\/wp\/v2\/posts"}],"about":[{"href":"https:\/\/udruga-106br.hr\/index.php\/wp-json\/wp\/v2\/types\/post"}],"author":[{"embeddable":true,"href":"https:\/\/udruga-106br.hr\/index.php\/wp-json\/wp\/v2\/users\/1"}],"replies":[{"embeddable":true,"href":"https:\/\/udruga-106br.hr\/index.php\/wp-json\/wp\/v2\/comments?post=3310"}],"version-history":[{"count":1,"href":"https:\/\/udruga-106br.hr\/index.php\/wp-json\/wp\/v2\/posts\/3310\/revisions"}],"predecessor-version":[{"id":3321,"href":"https:\/\/udruga-106br.hr\/index.php\/wp-json\/wp\/v2\/posts\/3310\/revisions\/3321"}],"wp:attachment":[{"href":"https:\/\/udruga-106br.hr\/index.php\/wp-json\/wp\/v2\/media?parent=3310"}],"wp:term":[{"taxonomy":"category","embeddable":true,"href":"https:\/\/udruga-106br.hr\/index.php\/wp-json\/wp\/v2\/categories?post=3310"},{"taxonomy":"post_tag","embeddable":true,"href":"https:\/\/udruga-106br.hr\/index.php\/wp-json\/wp\/v2\/tags?post=3310"}],"curies":[{"name":"wp","href":"https:\/\/api.w.org\/{rel}","templated":true}]}}