{"id":3322,"date":"2024-07-01T13:19:36","date_gmt":"2024-07-01T11:19:36","guid":{"rendered":"https:\/\/udruga-106br.hr\/?p=3322"},"modified":"2025-10-17T19:22:35","modified_gmt":"2025-10-17T17:22:35","slug":"28-6-2024-proslavljena-33-obljetnica-osnutka-106-brigade-zng-rh-osijek","status":"publish","type":"post","link":"https:\/\/udruga-106br.hr\/index.php\/28-6-2024-proslavljena-33-obljetnica-osnutka-106-brigade-zng-rh-osijek\/","title":{"rendered":"28.6.2024. Proslavljena 33. obljetnica osnutka 106. brigade ZNG RH Osijek!"},"content":{"rendered":"\n<p><strong> Proslavili smo 33. obljetnicu osnutka 106. brigade ZNG RH Osijek! <\/strong><\/p>\n\n\n\n<p> Datum: 28.6.2024.<br> Vrijeme: 9:00 \u2013 12:00 sati<br> Lokacija: Centar za posjetitelje Tvr\u0111a, Cara Hadrijana 2<\/p>\n\n\n\n<p>Uz bogat program:<\/p>\n\n\n\n<p>&#8211; Otvorena izlo\u017eba ratnih fotografija Albanaca u Domovinskom ratu<\/p>\n\n\n\n<p>&#8211; Prezentirane knjige: \u201eKanon Leke Dukagjini &#8211; obi\u010dajni zakonik Albanaca\u201c i \u201eIstaknute albanske \u017eene\u201c autorice Edi Shukriu<\/p>\n\n\n\n<p>&#8211; Nastupila folklorna grupa \u201eShkendjja\u201c albanskog kulturnog dru\u0161tva u Hrvatskoj<\/p>\n\n\n\n<p>&#8211; Potpisan Sporazum o suradnji izme\u0111u Udruge veterana 106. brigade Osijek, Udruge dragovoljaca-veterana DR HVO &#8211; podru\u017enica Ora\u0161je i veterana UCK Mitrovica<\/p>\n\n\n\n<p>&#8211; Dru\u017eenje uz izvorna albanska jela i catering<\/p>\n\n\n\n<p>Izra\u017eavamo iskrenu zahvalnost svima koji su sudjelovali i prisustvovali sve\u010danosti obilje\u017eavanja 33. obljetnice osnutka 106. brigade ZNG RH Osijek, koja je odr\u017eana 28. lipnja 2024. godine u Centru za posjetitelje Tvr\u0111a. Va\u0161a podr\u0161ka i prisustvo u\u010dinili su ovaj doga\u0111aj posebnim i nezaboravnim.<\/p>\n\n\n\n<p>Posebno zahvaljujemo svim sudionicima programa:<\/p>\n\n\n\n<ul class=\"wp-block-list\"><li>sudioicima na inspirativnoj prezentaciji knjiga autorice Edi Shukriu,<\/li><li>folklornoj grupi \u201eShkendjja\u201c na prekrasnom nastupu,<\/li><li>predstavnicima OB\u017d i Grada na njihovoj podr\u0161ci i prisustvu,<\/li><li>svim partnerima i suradnicima na potpisivanju Sporazuma o suradnji.<br><\/li><\/ul>\n\n\n\n<p>Va\u0161a prisutnost i doprinos obogatili su na\u0161u sve\u010danost i doprinijeli njenom uspjehu. Hvala vam \u0161to ste bili dio ovog zna\u010dajnog dana za na\u0161u zajednicu.<\/p>\n\n\n\n<figure class=\"wp-block-gallery has-nested-images columns-default is-cropped wp-block-gallery-1 is-layout-flex wp-block-gallery-is-layout-flex\">\n<figure class=\"wp-block-image size-large\"><img loading=\"lazy\" decoding=\"async\" width=\"1024\" height=\"768\" data-id=\"3330\" src=\"https:\/\/udruga-106br.hr\/wp-content\/uploads\/2024\/07\/20240628_090254-1-1024x768.jpg\" alt=\"\" class=\"wp-image-3330\" srcset=\"https:\/\/udruga-106br.hr\/wp-content\/uploads\/2024\/07\/20240628_090254-1-1024x768.jpg 1024w, https:\/\/udruga-106br.hr\/wp-content\/uploads\/2024\/07\/20240628_090254-1-300x225.jpg 300w, https:\/\/udruga-106br.hr\/wp-content\/uploads\/2024\/07\/20240628_090254-1-768x576.jpg 768w, https:\/\/udruga-106br.hr\/wp-content\/uploads\/2024\/07\/20240628_090254-1-1536x1152.jpg 1536w, https:\/\/udruga-106br.hr\/wp-content\/uploads\/2024\/07\/20240628_090254-1-2048x1536.jpg 2048w\" sizes=\"auto, (max-width: 1024px) 100vw, 1024px\" \/><\/figure>\n\n\n\n<figure class=\"wp-block-image size-large\"><img loading=\"lazy\" decoding=\"async\" width=\"1024\" height=\"768\" data-id=\"3336\" src=\"https:\/\/udruga-106br.hr\/wp-content\/uploads\/2024\/07\/20240628_090317-1-1024x768.jpg\" alt=\"\" class=\"wp-image-3336\" srcset=\"https:\/\/udruga-106br.hr\/wp-content\/uploads\/2024\/07\/20240628_090317-1-1024x768.jpg 1024w, https:\/\/udruga-106br.hr\/wp-content\/uploads\/2024\/07\/20240628_090317-1-300x225.jpg 300w, https:\/\/udruga-106br.hr\/wp-content\/uploads\/2024\/07\/20240628_090317-1-768x576.jpg 768w, https:\/\/udruga-106br.hr\/wp-content\/uploads\/2024\/07\/20240628_090317-1-1536x1152.jpg 1536w, https:\/\/udruga-106br.hr\/wp-content\/uploads\/2024\/07\/20240628_090317-1-2048x1536.jpg 2048w\" sizes=\"auto, (max-width: 1024px) 100vw, 1024px\" \/><\/figure>\n\n\n\n<figure class=\"wp-block-image size-large\"><img loading=\"lazy\" decoding=\"async\" width=\"1024\" height=\"768\" data-id=\"3329\" src=\"https:\/\/udruga-106br.hr\/wp-content\/uploads\/2024\/07\/20240628_100852-1-1024x768.jpg\" alt=\"\" class=\"wp-image-3329\" srcset=\"https:\/\/udruga-106br.hr\/wp-content\/uploads\/2024\/07\/20240628_100852-1-1024x768.jpg 1024w, https:\/\/udruga-106br.hr\/wp-content\/uploads\/2024\/07\/20240628_100852-1-300x225.jpg 300w, https:\/\/udruga-106br.hr\/wp-content\/uploads\/2024\/07\/20240628_100852-1-768x576.jpg 768w, https:\/\/udruga-106br.hr\/wp-content\/uploads\/2024\/07\/20240628_100852-1-1536x1152.jpg 1536w, https:\/\/udruga-106br.hr\/wp-content\/uploads\/2024\/07\/20240628_100852-1-2048x1536.jpg 2048w\" sizes=\"auto, (max-width: 1024px) 100vw, 1024px\" \/><\/figure>\n\n\n\n<figure class=\"wp-block-image size-large\"><img loading=\"lazy\" decoding=\"async\" width=\"1024\" height=\"768\" data-id=\"3338\" src=\"https:\/\/udruga-106br.hr\/wp-content\/uploads\/2024\/07\/20240628_103221-1024x768.jpg\" alt=\"\" class=\"wp-image-3338\" srcset=\"https:\/\/udruga-106br.hr\/wp-content\/uploads\/2024\/07\/20240628_103221-1024x768.jpg 1024w, https:\/\/udruga-106br.hr\/wp-content\/uploads\/2024\/07\/20240628_103221-300x225.jpg 300w, https:\/\/udruga-106br.hr\/wp-content\/uploads\/2024\/07\/20240628_103221-768x576.jpg 768w, https:\/\/udruga-106br.hr\/wp-content\/uploads\/2024\/07\/20240628_103221-1536x1152.jpg 1536w, https:\/\/udruga-106br.hr\/wp-content\/uploads\/2024\/07\/20240628_103221-2048x1536.jpg 2048w\" sizes=\"auto, (max-width: 1024px) 100vw, 1024px\" \/><\/figure>\n\n\n\n<figure class=\"wp-block-image size-large\"><img loading=\"lazy\" decoding=\"async\" width=\"768\" height=\"1024\" data-id=\"3328\" src=\"https:\/\/udruga-106br.hr\/wp-content\/uploads\/2024\/07\/20240628_112011-1-768x1024.jpg\" alt=\"\" class=\"wp-image-3328\" srcset=\"https:\/\/udruga-106br.hr\/wp-content\/uploads\/2024\/07\/20240628_112011-1-768x1024.jpg 768w, https:\/\/udruga-106br.hr\/wp-content\/uploads\/2024\/07\/20240628_112011-1-225x300.jpg 225w, https:\/\/udruga-106br.hr\/wp-content\/uploads\/2024\/07\/20240628_112011-1-1152x1536.jpg 1152w, https:\/\/udruga-106br.hr\/wp-content\/uploads\/2024\/07\/20240628_112011-1-1536x2048.jpg 1536w, https:\/\/udruga-106br.hr\/wp-content\/uploads\/2024\/07\/20240628_112011-1-scaled.jpg 1920w\" sizes=\"auto, (max-width: 768px) 100vw, 768px\" \/><\/figure>\n\n\n\n<figure class=\"wp-block-image size-large\"><img loading=\"lazy\" decoding=\"async\" width=\"1024\" height=\"768\" data-id=\"3339\" src=\"https:\/\/udruga-106br.hr\/wp-content\/uploads\/2024\/07\/20240628_114205-1024x768.jpg\" alt=\"\" class=\"wp-image-3339\" srcset=\"https:\/\/udruga-106br.hr\/wp-content\/uploads\/2024\/07\/20240628_114205-1024x768.jpg 1024w, https:\/\/udruga-106br.hr\/wp-content\/uploads\/2024\/07\/20240628_114205-300x225.jpg 300w, https:\/\/udruga-106br.hr\/wp-content\/uploads\/2024\/07\/20240628_114205-768x576.jpg 768w, https:\/\/udruga-106br.hr\/wp-content\/uploads\/2024\/07\/20240628_114205-1536x1152.jpg 1536w, https:\/\/udruga-106br.hr\/wp-content\/uploads\/2024\/07\/20240628_114205-2048x1536.jpg 2048w\" sizes=\"auto, (max-width: 1024px) 100vw, 1024px\" \/><\/figure>\n\n\n\n<figure class=\"wp-block-image size-large\"><img loading=\"lazy\" decoding=\"async\" width=\"1024\" height=\"768\" data-id=\"3337\" src=\"https:\/\/udruga-106br.hr\/wp-content\/uploads\/2024\/07\/20240628_114617-1-1024x768.jpg\" alt=\"\" class=\"wp-image-3337\" srcset=\"https:\/\/udruga-106br.hr\/wp-content\/uploads\/2024\/07\/20240628_114617-1-1024x768.jpg 1024w, https:\/\/udruga-106br.hr\/wp-content\/uploads\/2024\/07\/20240628_114617-1-300x225.jpg 300w, https:\/\/udruga-106br.hr\/wp-content\/uploads\/2024\/07\/20240628_114617-1-768x576.jpg 768w, https:\/\/udruga-106br.hr\/wp-content\/uploads\/2024\/07\/20240628_114617-1-1536x1152.jpg 1536w, https:\/\/udruga-106br.hr\/wp-content\/uploads\/2024\/07\/20240628_114617-1-2048x1536.jpg 2048w\" sizes=\"auto, (max-width: 1024px) 100vw, 1024px\" \/><\/figure>\n<\/figure>\n<!-- AddThis Advanced Settings generic via filter on the_content --><!-- AddThis Share Buttons generic via filter on the_content -->","protected":false},"excerpt":{"rendered":"<p>Proslavili smo 33. obljetnicu osnutka 106. brigade ZNG RH Osijek! Datum: 28.6.2024. Vrijeme: 9:00 \u2013 12:00 sati Lokacija: Centar za posjetitelje Tvr\u0111a, Cara Hadrijana 2 Uz bogat program: &#8211; Otvorena izlo\u017eba ratnih fotografija Albanaca u Domovinskom ratu &#8211; Prezentirane knjige: \u201eKanon Leke Dukagjini &#8211; obi\u010dajni zakonik Albanaca\u201c i \u201eIstaknute albanske \u017eene\u201c autorice Edi Shukriu &#8211; &hellip; <a href=\"https:\/\/udruga-106br.hr\/index.php\/28-6-2024-proslavljena-33-obljetnica-osnutka-106-brigade-zng-rh-osijek\/\" class=\"more-link\">Nastavi \u010ditati <span class=\"screen-reader-text\">28.6.2024. Proslavljena 33. obljetnica osnutka 106. brigade ZNG RH Osijek!<\/span><\/a><!-- AddThis Advanced Settings generic via filter on get_the_excerpt --><!-- AddThis Share Buttons generic via filter on get_the_excerpt --><\/p>\n","protected":false},"author":1,"featured_media":0,"comment_status":"closed","ping_status":"closed","sticky":false,"template":"","format":"standard","meta":{"footnotes":""},"categories":[32],"tags":[],"class_list":["post-3322","post","type-post","status-publish","format-standard","hentry","category-iz-zivota-udruge"],"_links":{"self":[{"href":"https:\/\/udruga-106br.hr\/index.php\/wp-json\/wp\/v2\/posts\/3322","targetHints":{"allow":["GET"]}}],"collection":[{"href":"https:\/\/udruga-106br.hr\/index.php\/wp-json\/wp\/v2\/posts"}],"about":[{"href":"https:\/\/udruga-106br.hr\/index.php\/wp-json\/wp\/v2\/types\/post"}],"author":[{"embeddable":true,"href":"https:\/\/udruga-106br.hr\/index.php\/wp-json\/wp\/v2\/users\/1"}],"replies":[{"embeddable":true,"href":"https:\/\/udruga-106br.hr\/index.php\/wp-json\/wp\/v2\/comments?post=3322"}],"version-history":[{"count":1,"href":"https:\/\/udruga-106br.hr\/index.php\/wp-json\/wp\/v2\/posts\/3322\/revisions"}],"predecessor-version":[{"id":3340,"href":"https:\/\/udruga-106br.hr\/index.php\/wp-json\/wp\/v2\/posts\/3322\/revisions\/3340"}],"wp:attachment":[{"href":"https:\/\/udruga-106br.hr\/index.php\/wp-json\/wp\/v2\/media?parent=3322"}],"wp:term":[{"taxonomy":"category","embeddable":true,"href":"https:\/\/udruga-106br.hr\/index.php\/wp-json\/wp\/v2\/categories?post=3322"},{"taxonomy":"post_tag","embeddable":true,"href":"https:\/\/udruga-106br.hr\/index.php\/wp-json\/wp\/v2\/tags?post=3322"}],"curies":[{"name":"wp","href":"https:\/\/api.w.org\/{rel}","templated":true}]}}