{"id":3350,"date":"2024-07-07T22:13:02","date_gmt":"2024-07-07T20:13:02","guid":{"rendered":"https:\/\/udruga-106br.hr\/?p=3350"},"modified":"2025-10-17T19:22:35","modified_gmt":"2025-10-17T17:22:35","slug":"30-6-2024-povodom-28-lipnja-dana-106-brigade-dana-branitelja-i-dana-dragovoljca-obz-a-odrzan-je-6-memorijalni-turnir-u-streljastvu-branko-vekic","status":"publish","type":"post","link":"https:\/\/udruga-106br.hr\/index.php\/30-6-2024-povodom-28-lipnja-dana-106-brigade-dana-branitelja-i-dana-dragovoljca-obz-a-odrzan-je-6-memorijalni-turnir-u-streljastvu-branko-vekic\/","title":{"rendered":"30.6.2024. povodom 28. lipnja Dana 106. brigade, Dana branitelja i Dana dragovoljca OB\u017d-a, odr\u017ean je 6. memorijalni turnir u strelja\u0161tvu \u201e Branko Veki\u0107\u201c"},"content":{"rendered":"\n<p>U povodu 28. lipnja Dana 106. brigade, Dana branitelja i Dana dragovoljca OB\u017d-a, odr\u017ean je 6. memorijalni turnir u strelja\u0161tvu \u201e Branko Veki\u0107\u201c pod pokroviteljstvom Ministarstva hrvatskih branitelja na streli\u0161tu Pampas.<br>Turnir je odr\u017ean 30. lipnja s po\u010detkom u 9 sati i uvr\u0161ten je u kalendar natjecanja Hrvatskog strelja\u010dkog saveza.<br>6. Memorijalni turnir organizirali su Udruga veterana 106. brigade Osijek i GSK Centar 1786. Ove godine nismo uspjeli organizirati natjecanje u disciplini juri\u0161na pu\u0161ka jer nismo mogli dobiti streli\u0161te za pu\u0161ku zbog odr\u017eavanja prvenstva Europe i Hrvatske.<br>Slobodno je bilo streli\u0161te za pi\u0161tolj tako da smo uspjeli organizirali takmi\u010denje za pi\u0161tolj velikog kalibra 3&#215;10 hitaca na 25 metara (2&#215;150 s. 2&#215;20 s., 2&#215;10 s.)<br>Prijavilo se 7 ekipa iz Osijeka, Sl. Broda, Valpova, Koprivnice i Vinkovaca sa 34 takmi\u010dara. Sudili su Dario Kuzmanovi\u0107, Vjekoslav Vu\u010demilovi\u0107 i Radoslav Brlo\u0161i\u0107.<\/p>\n\n\n\n<p>Sa\u0161a \u017dupani\u0107, \u010dlan tima SK Metak, pojedina\u010dni je pobjednik u disciplini pi\u0161tolj veliki kalibar i obzirom da nije bilo memorijalne discipline progla\u0161en je za pobjednika 6. Memorijalnog turnira \u010dime je osvojio veliki prijelazni pehar i postao dobitnikom umjetni\u010dke slike posebnog poklona Udruge 106. brigade pojedina\u010dnom pobjedniku.<\/p>\n\n\n\n<p>Rezultati:<\/p>\n\n\n\n<p>Pojedina\u010dno:<\/p>\n\n\n\n<p>Sa\u0161a \u017dupani\u0107 263 (SK Metak)<br>Franc Saka\u010d 258 (SK Valpovo)<br>Zdenko \u0110umlija 257 (GSK Centar 1784)<\/p>\n\n\n\n<p>Ekipno:<\/p>\n\n\n\n<p>1. SK Metak 723<br>(\u017dupani\u0107, Spaji\u0107, Dubravec)<br>2. Veto Brod 702<br>(\u0160etina, Milo\u0161evi\u0107, Conjar)<br>3. GSK Centar 1784 691<br>(\u0110umlija, Ra\u0161tegorac, Mari\u0107)<\/p>\n\n\n\n<figure class=\"wp-block-gallery has-nested-images columns-default is-cropped wp-block-gallery-1 is-layout-flex wp-block-gallery-is-layout-flex\">\n<figure class=\"wp-block-image size-large\"><img loading=\"lazy\" decoding=\"async\" width=\"1024\" height=\"771\" data-id=\"3354\" src=\"https:\/\/udruga-106br.hr\/wp-content\/uploads\/2024\/07\/viber_slika_2024-07-07_21-33-20-958-1024x771.jpg\" alt=\"\" class=\"wp-image-3354\" srcset=\"https:\/\/udruga-106br.hr\/wp-content\/uploads\/2024\/07\/viber_slika_2024-07-07_21-33-20-958-1024x771.jpg 1024w, https:\/\/udruga-106br.hr\/wp-content\/uploads\/2024\/07\/viber_slika_2024-07-07_21-33-20-958-300x226.jpg 300w, https:\/\/udruga-106br.hr\/wp-content\/uploads\/2024\/07\/viber_slika_2024-07-07_21-33-20-958-768x578.jpg 768w, https:\/\/udruga-106br.hr\/wp-content\/uploads\/2024\/07\/viber_slika_2024-07-07_21-33-20-958-1536x1157.jpg 1536w, https:\/\/udruga-106br.hr\/wp-content\/uploads\/2024\/07\/viber_slika_2024-07-07_21-33-20-958.jpg 1600w\" sizes=\"auto, (max-width: 1024px) 100vw, 1024px\" \/><\/figure>\n\n\n\n<figure class=\"wp-block-image size-large\"><img loading=\"lazy\" decoding=\"async\" width=\"1024\" height=\"771\" data-id=\"3351\" src=\"https:\/\/udruga-106br.hr\/wp-content\/uploads\/2024\/07\/viber_slika_2024-07-07_21-33-21-019-1024x771.jpg\" alt=\"\" class=\"wp-image-3351\" srcset=\"https:\/\/udruga-106br.hr\/wp-content\/uploads\/2024\/07\/viber_slika_2024-07-07_21-33-21-019-1024x771.jpg 1024w, https:\/\/udruga-106br.hr\/wp-content\/uploads\/2024\/07\/viber_slika_2024-07-07_21-33-21-019-300x226.jpg 300w, https:\/\/udruga-106br.hr\/wp-content\/uploads\/2024\/07\/viber_slika_2024-07-07_21-33-21-019-768x578.jpg 768w, https:\/\/udruga-106br.hr\/wp-content\/uploads\/2024\/07\/viber_slika_2024-07-07_21-33-21-019-1536x1157.jpg 1536w, https:\/\/udruga-106br.hr\/wp-content\/uploads\/2024\/07\/viber_slika_2024-07-07_21-33-21-019.jpg 1600w\" sizes=\"auto, (max-width: 1024px) 100vw, 1024px\" \/><\/figure>\n\n\n\n<figure class=\"wp-block-image size-large\"><img loading=\"lazy\" decoding=\"async\" width=\"1024\" height=\"771\" data-id=\"3355\" src=\"https:\/\/udruga-106br.hr\/wp-content\/uploads\/2024\/07\/viber_slika_2024-07-07_21-33-21-153-1024x771.jpg\" alt=\"\" class=\"wp-image-3355\" srcset=\"https:\/\/udruga-106br.hr\/wp-content\/uploads\/2024\/07\/viber_slika_2024-07-07_21-33-21-153-1024x771.jpg 1024w, https:\/\/udruga-106br.hr\/wp-content\/uploads\/2024\/07\/viber_slika_2024-07-07_21-33-21-153-300x226.jpg 300w, https:\/\/udruga-106br.hr\/wp-content\/uploads\/2024\/07\/viber_slika_2024-07-07_21-33-21-153-768x578.jpg 768w, https:\/\/udruga-106br.hr\/wp-content\/uploads\/2024\/07\/viber_slika_2024-07-07_21-33-21-153-1536x1157.jpg 1536w, https:\/\/udruga-106br.hr\/wp-content\/uploads\/2024\/07\/viber_slika_2024-07-07_21-33-21-153.jpg 1600w\" sizes=\"auto, (max-width: 1024px) 100vw, 1024px\" \/><\/figure>\n\n\n\n<figure class=\"wp-block-image size-large\"><img loading=\"lazy\" decoding=\"async\" width=\"1024\" height=\"771\" data-id=\"3353\" src=\"https:\/\/udruga-106br.hr\/wp-content\/uploads\/2024\/07\/viber_slika_2024-07-07_21-33-21-206-1024x771.jpg\" alt=\"\" class=\"wp-image-3353\" srcset=\"https:\/\/udruga-106br.hr\/wp-content\/uploads\/2024\/07\/viber_slika_2024-07-07_21-33-21-206-1024x771.jpg 1024w, https:\/\/udruga-106br.hr\/wp-content\/uploads\/2024\/07\/viber_slika_2024-07-07_21-33-21-206-300x226.jpg 300w, https:\/\/udruga-106br.hr\/wp-content\/uploads\/2024\/07\/viber_slika_2024-07-07_21-33-21-206-768x578.jpg 768w, https:\/\/udruga-106br.hr\/wp-content\/uploads\/2024\/07\/viber_slika_2024-07-07_21-33-21-206-1536x1157.jpg 1536w, https:\/\/udruga-106br.hr\/wp-content\/uploads\/2024\/07\/viber_slika_2024-07-07_21-33-21-206.jpg 1600w\" sizes=\"auto, (max-width: 1024px) 100vw, 1024px\" \/><\/figure>\n\n\n\n<figure class=\"wp-block-image size-large\"><img loading=\"lazy\" decoding=\"async\" width=\"1024\" height=\"771\" data-id=\"3356\" src=\"https:\/\/udruga-106br.hr\/wp-content\/uploads\/2024\/07\/viber_slika_2024-07-07_21-33-39-171-1024x771.jpg\" alt=\"\" class=\"wp-image-3356\" srcset=\"https:\/\/udruga-106br.hr\/wp-content\/uploads\/2024\/07\/viber_slika_2024-07-07_21-33-39-171-1024x771.jpg 1024w, https:\/\/udruga-106br.hr\/wp-content\/uploads\/2024\/07\/viber_slika_2024-07-07_21-33-39-171-300x226.jpg 300w, https:\/\/udruga-106br.hr\/wp-content\/uploads\/2024\/07\/viber_slika_2024-07-07_21-33-39-171-768x578.jpg 768w, https:\/\/udruga-106br.hr\/wp-content\/uploads\/2024\/07\/viber_slika_2024-07-07_21-33-39-171-1536x1157.jpg 1536w, https:\/\/udruga-106br.hr\/wp-content\/uploads\/2024\/07\/viber_slika_2024-07-07_21-33-39-171.jpg 1600w\" sizes=\"auto, (max-width: 1024px) 100vw, 1024px\" \/><\/figure>\n\n\n\n<figure class=\"wp-block-image size-large\"><img loading=\"lazy\" decoding=\"async\" width=\"1024\" height=\"771\" data-id=\"3352\" src=\"https:\/\/udruga-106br.hr\/wp-content\/uploads\/2024\/07\/viber_slika_2024-07-07_21-33-39-224-1024x771.jpg\" alt=\"\" class=\"wp-image-3352\" srcset=\"https:\/\/udruga-106br.hr\/wp-content\/uploads\/2024\/07\/viber_slika_2024-07-07_21-33-39-224-1024x771.jpg 1024w, https:\/\/udruga-106br.hr\/wp-content\/uploads\/2024\/07\/viber_slika_2024-07-07_21-33-39-224-300x226.jpg 300w, https:\/\/udruga-106br.hr\/wp-content\/uploads\/2024\/07\/viber_slika_2024-07-07_21-33-39-224-768x578.jpg 768w, https:\/\/udruga-106br.hr\/wp-content\/uploads\/2024\/07\/viber_slika_2024-07-07_21-33-39-224-1536x1157.jpg 1536w, https:\/\/udruga-106br.hr\/wp-content\/uploads\/2024\/07\/viber_slika_2024-07-07_21-33-39-224.jpg 1600w\" sizes=\"auto, (max-width: 1024px) 100vw, 1024px\" \/><\/figure>\n<\/figure>\n<!-- AddThis Advanced Settings generic via filter on the_content --><!-- AddThis Share Buttons generic via filter on the_content -->","protected":false},"excerpt":{"rendered":"<p>U povodu 28. lipnja Dana 106. brigade, Dana branitelja i Dana dragovoljca OB\u017d-a, odr\u017ean je 6. memorijalni turnir u strelja\u0161tvu \u201e Branko Veki\u0107\u201c pod pokroviteljstvom Ministarstva hrvatskih branitelja na streli\u0161tu Pampas.Turnir je odr\u017ean 30. lipnja s po\u010detkom u 9 sati i uvr\u0161ten je u kalendar natjecanja Hrvatskog strelja\u010dkog saveza.6. Memorijalni turnir organizirali su Udruga veterana &hellip; <a href=\"https:\/\/udruga-106br.hr\/index.php\/30-6-2024-povodom-28-lipnja-dana-106-brigade-dana-branitelja-i-dana-dragovoljca-obz-a-odrzan-je-6-memorijalni-turnir-u-streljastvu-branko-vekic\/\" class=\"more-link\">Nastavi \u010ditati <span class=\"screen-reader-text\">30.6.2024. povodom 28. lipnja Dana 106. brigade, Dana branitelja i Dana dragovoljca OB\u017d-a, odr\u017ean je 6. memorijalni turnir u strelja\u0161tvu \u201e Branko Veki\u0107\u201c<\/span><\/a><!-- AddThis Advanced Settings generic via filter on get_the_excerpt --><!-- AddThis Share Buttons generic via filter on get_the_excerpt --><\/p>\n","protected":false},"author":1,"featured_media":0,"comment_status":"closed","ping_status":"closed","sticky":false,"template":"","format":"standard","meta":{"footnotes":""},"categories":[32],"tags":[],"class_list":["post-3350","post","type-post","status-publish","format-standard","hentry","category-iz-zivota-udruge"],"_links":{"self":[{"href":"https:\/\/udruga-106br.hr\/index.php\/wp-json\/wp\/v2\/posts\/3350","targetHints":{"allow":["GET"]}}],"collection":[{"href":"https:\/\/udruga-106br.hr\/index.php\/wp-json\/wp\/v2\/posts"}],"about":[{"href":"https:\/\/udruga-106br.hr\/index.php\/wp-json\/wp\/v2\/types\/post"}],"author":[{"embeddable":true,"href":"https:\/\/udruga-106br.hr\/index.php\/wp-json\/wp\/v2\/users\/1"}],"replies":[{"embeddable":true,"href":"https:\/\/udruga-106br.hr\/index.php\/wp-json\/wp\/v2\/comments?post=3350"}],"version-history":[{"count":1,"href":"https:\/\/udruga-106br.hr\/index.php\/wp-json\/wp\/v2\/posts\/3350\/revisions"}],"predecessor-version":[{"id":3357,"href":"https:\/\/udruga-106br.hr\/index.php\/wp-json\/wp\/v2\/posts\/3350\/revisions\/3357"}],"wp:attachment":[{"href":"https:\/\/udruga-106br.hr\/index.php\/wp-json\/wp\/v2\/media?parent=3350"}],"wp:term":[{"taxonomy":"category","embeddable":true,"href":"https:\/\/udruga-106br.hr\/index.php\/wp-json\/wp\/v2\/categories?post=3350"},{"taxonomy":"post_tag","embeddable":true,"href":"https:\/\/udruga-106br.hr\/index.php\/wp-json\/wp\/v2\/tags?post=3350"}],"curies":[{"name":"wp","href":"https:\/\/api.w.org\/{rel}","templated":true}]}}