{"id":3383,"date":"2024-07-08T11:28:50","date_gmt":"2024-07-08T09:28:50","guid":{"rendered":"https:\/\/udruga-106br.hr\/?p=3383"},"modified":"2025-10-17T19:22:35","modified_gmt":"2025-10-17T17:22:35","slug":"6-7-2024-obiljezena-33-obljetnica-pogibije-hrvatskih-branitelja-u-tenji","status":"publish","type":"post","link":"https:\/\/udruga-106br.hr\/index.php\/6-7-2024-obiljezena-33-obljetnica-pogibije-hrvatskih-branitelja-u-tenji\/","title":{"rendered":"6.7.2024. Obilje\u017eena 33. obljetnica pogibije hrvatskih branitelja u Tenji"},"content":{"rendered":"\n<p>U organizaciji Udruge hrvatskih dragovoljaca Domovinskog rata T.O. Tenja, u suradnji s HVIDR-om Orahovica i Mjesnim odborom Tenja, odali smo po\u010dast herojima Domovinskog rata.<\/p>\n\n\n\n<p>Kod spomen obilje\u017eja u Antunova\u010dkoj ulici, polo\u017eeni su vijenci i upaljene svije\u0107e za na\u0161e poginule branitelje: Damira Hornunga, Franju Jusupa, Zdravka Rittgassera, \u0110uru Ki\u0161a i Marka Zegnala.<\/p>\n\n\n\n<p>Obitelji, prijatelji, suborci, predstavnici braniteljskih i drugih udruga proisteklih iz Domovinskog rata, Hrvatske vojske i policije, Grad Osijek te \u017eupan Osje\u010dko-baranjske \u017eupanije Mato Luki\u0107 zajedno su odali po\u010dast na\u0161im herojima.<\/p>\n\n\n\n<p>Hvala svima koji su se pridru\u017eili i pokazali da se na\u0161i poginuli nikada ne\u0107e zaboraviti.<\/p>\n\n\n\n<figure class=\"wp-block-image size-full\"><img loading=\"lazy\" decoding=\"async\" width=\"572\" height=\"343\" src=\"https:\/\/udruga-106br.hr\/wp-content\/uploads\/2024\/07\/Bez-naslova.jpg\" alt=\"\" class=\"wp-image-3384\" srcset=\"https:\/\/udruga-106br.hr\/wp-content\/uploads\/2024\/07\/Bez-naslova.jpg 572w, https:\/\/udruga-106br.hr\/wp-content\/uploads\/2024\/07\/Bez-naslova-300x180.jpg 300w\" sizes=\"auto, (max-width: 572px) 100vw, 572px\" \/><\/figure>\n<!-- AddThis Advanced Settings generic via filter on the_content --><!-- AddThis Share Buttons generic via filter on the_content -->","protected":false},"excerpt":{"rendered":"<p>U organizaciji Udruge hrvatskih dragovoljaca Domovinskog rata T.O. Tenja, u suradnji s HVIDR-om Orahovica i Mjesnim odborom Tenja, odali smo po\u010dast herojima Domovinskog rata. Kod spomen obilje\u017eja u Antunova\u010dkoj ulici, polo\u017eeni su vijenci i upaljene svije\u0107e za na\u0161e poginule branitelje: Damira Hornunga, Franju Jusupa, Zdravka Rittgassera, \u0110uru Ki\u0161a i Marka Zegnala. Obitelji, prijatelji, suborci, predstavnici &hellip; <a href=\"https:\/\/udruga-106br.hr\/index.php\/6-7-2024-obiljezena-33-obljetnica-pogibije-hrvatskih-branitelja-u-tenji\/\" class=\"more-link\">Nastavi \u010ditati <span class=\"screen-reader-text\">6.7.2024. Obilje\u017eena 33. obljetnica pogibije hrvatskih branitelja u Tenji<\/span><\/a><!-- AddThis Advanced Settings generic via filter on get_the_excerpt --><!-- AddThis Share Buttons generic via filter on get_the_excerpt --><\/p>\n","protected":false},"author":1,"featured_media":0,"comment_status":"closed","ping_status":"closed","sticky":false,"template":"","format":"standard","meta":{"footnotes":""},"categories":[32],"tags":[],"class_list":["post-3383","post","type-post","status-publish","format-standard","hentry","category-iz-zivota-udruge"],"_links":{"self":[{"href":"https:\/\/udruga-106br.hr\/index.php\/wp-json\/wp\/v2\/posts\/3383","targetHints":{"allow":["GET"]}}],"collection":[{"href":"https:\/\/udruga-106br.hr\/index.php\/wp-json\/wp\/v2\/posts"}],"about":[{"href":"https:\/\/udruga-106br.hr\/index.php\/wp-json\/wp\/v2\/types\/post"}],"author":[{"embeddable":true,"href":"https:\/\/udruga-106br.hr\/index.php\/wp-json\/wp\/v2\/users\/1"}],"replies":[{"embeddable":true,"href":"https:\/\/udruga-106br.hr\/index.php\/wp-json\/wp\/v2\/comments?post=3383"}],"version-history":[{"count":1,"href":"https:\/\/udruga-106br.hr\/index.php\/wp-json\/wp\/v2\/posts\/3383\/revisions"}],"predecessor-version":[{"id":3385,"href":"https:\/\/udruga-106br.hr\/index.php\/wp-json\/wp\/v2\/posts\/3383\/revisions\/3385"}],"wp:attachment":[{"href":"https:\/\/udruga-106br.hr\/index.php\/wp-json\/wp\/v2\/media?parent=3383"}],"wp:term":[{"taxonomy":"category","embeddable":true,"href":"https:\/\/udruga-106br.hr\/index.php\/wp-json\/wp\/v2\/categories?post=3383"},{"taxonomy":"post_tag","embeddable":true,"href":"https:\/\/udruga-106br.hr\/index.php\/wp-json\/wp\/v2\/tags?post=3383"}],"curies":[{"name":"wp","href":"https:\/\/api.w.org\/{rel}","templated":true}]}}