{"id":3386,"date":"2024-07-08T12:12:03","date_gmt":"2024-07-08T10:12:03","guid":{"rendered":"https:\/\/udruga-106br.hr\/?p=3386"},"modified":"2025-10-17T19:22:35","modified_gmt":"2025-10-17T17:22:35","slug":"7-7-2024-godine-obiljezena-33-godisnjica-okupacije-celija-stradanja-hrvatskih-branitelja-i-civila-te-progonstva-mjestana","status":"publish","type":"post","link":"https:\/\/udruga-106br.hr\/index.php\/7-7-2024-godine-obiljezena-33-godisnjica-okupacije-celija-stradanja-hrvatskih-branitelja-i-civila-te-progonstva-mjestana\/","title":{"rendered":"7.7.2024. godine, obilje\u017eena 33. godi\u0161njica okupacije \u0106elija stradanja hrvatskih branitelja i civila te progonstva mje\u0161tana"},"content":{"rendered":"\n<p>Dana 7. srpnja 2024. godine, u \u0106elijama smo obilje\u017eili 33. godi\u0161njicu okupacije ovog mjesta, stradanja hrvatskih branitelja i civila te progonstva mje\u0161tana.<\/p>\n\n\n\n<p>Predstavnici udruge veterana 106. brigade Osijek paljenjem svije\u0107a i molitvom odali su po\u010dast svim \u017ertvama. Njihova hrabrost i \u017ertva ostaju trajni podsjetnik na te\u017einu borbe za slobodu.<\/p>\n\n\n\n<p>Napadi na \u0106elije bili su klju\u010dni za po\u010detak ratnog puta osje\u010dke 106. brigade ZNG RH, koja je slu\u017ebeno ustrojena 28. lipnja, neposredno nakon \u0161to je JNA tenkovima demonstrirala svoju oru\u017eanu mo\u0107 na osje\u010dkim ulicama.<\/p>\n\n\n\n<p>Ovaj doga\u0111aj neka nam bude vje\u010diti podsjetnik na va\u017enost izgradnje dru\u0161tva temeljenog na solidarnosti, razumijevanju i po\u0161tovanju. Na\u0161a je obveza \u010duvati mir i blagostanje za budu\u0107e generacije.<\/p>\n\n\n\n<p>Neka sje\u0107anje na sve \u017ertve bude inspiracija za bolju i mirniju budu\u0107nost. <\/p>\n\n\n\n<figure class=\"wp-block-gallery has-nested-images columns-default is-cropped wp-block-gallery-1 is-layout-flex wp-block-gallery-is-layout-flex\">\n<figure class=\"wp-block-image size-large\"><img loading=\"lazy\" decoding=\"async\" width=\"1024\" height=\"576\" data-id=\"3392\" src=\"https:\/\/udruga-106br.hr\/wp-content\/uploads\/2024\/07\/viber_slika_2024-07-07_21-12-15-143-1024x576.jpg\" alt=\"\" class=\"wp-image-3392\" srcset=\"https:\/\/udruga-106br.hr\/wp-content\/uploads\/2024\/07\/viber_slika_2024-07-07_21-12-15-143-1024x576.jpg 1024w, https:\/\/udruga-106br.hr\/wp-content\/uploads\/2024\/07\/viber_slika_2024-07-07_21-12-15-143-300x169.jpg 300w, https:\/\/udruga-106br.hr\/wp-content\/uploads\/2024\/07\/viber_slika_2024-07-07_21-12-15-143.jpg 1600w\" sizes=\"auto, (max-width: 1024px) 100vw, 1024px\" \/><\/figure>\n\n\n\n<figure class=\"wp-block-image size-large\"><img loading=\"lazy\" decoding=\"async\" width=\"1024\" height=\"576\" data-id=\"3389\" src=\"https:\/\/udruga-106br.hr\/wp-content\/uploads\/2024\/07\/viber_slika_2024-07-07_21-12-15-988-1024x576.jpg\" alt=\"\" class=\"wp-image-3389\" srcset=\"https:\/\/udruga-106br.hr\/wp-content\/uploads\/2024\/07\/viber_slika_2024-07-07_21-12-15-988-1024x576.jpg 1024w, https:\/\/udruga-106br.hr\/wp-content\/uploads\/2024\/07\/viber_slika_2024-07-07_21-12-15-988-300x169.jpg 300w, https:\/\/udruga-106br.hr\/wp-content\/uploads\/2024\/07\/viber_slika_2024-07-07_21-12-15-988-768x432.jpg 768w, https:\/\/udruga-106br.hr\/wp-content\/uploads\/2024\/07\/viber_slika_2024-07-07_21-12-15-988.jpg 1600w\" sizes=\"auto, (max-width: 1024px) 100vw, 1024px\" \/><\/figure>\n\n\n\n<figure class=\"wp-block-image size-large\"><img loading=\"lazy\" decoding=\"async\" width=\"1024\" height=\"576\" data-id=\"3390\" src=\"https:\/\/udruga-106br.hr\/wp-content\/uploads\/2024\/07\/viber_slika_2024-07-07_21-12-17-934-1024x576.jpg\" alt=\"\" class=\"wp-image-3390\" srcset=\"https:\/\/udruga-106br.hr\/wp-content\/uploads\/2024\/07\/viber_slika_2024-07-07_21-12-17-934-1024x576.jpg 1024w, https:\/\/udruga-106br.hr\/wp-content\/uploads\/2024\/07\/viber_slika_2024-07-07_21-12-17-934-300x169.jpg 300w, https:\/\/udruga-106br.hr\/wp-content\/uploads\/2024\/07\/viber_slika_2024-07-07_21-12-17-934-768x432.jpg 768w, https:\/\/udruga-106br.hr\/wp-content\/uploads\/2024\/07\/viber_slika_2024-07-07_21-12-17-934.jpg 1600w\" sizes=\"auto, (max-width: 1024px) 100vw, 1024px\" \/><\/figure>\n\n\n\n<figure class=\"wp-block-image size-large\"><img loading=\"lazy\" decoding=\"async\" width=\"1024\" height=\"576\" data-id=\"3387\" src=\"https:\/\/udruga-106br.hr\/wp-content\/uploads\/2024\/07\/viber_slika_2024-07-07_21-12-23-917-1024x576.jpg\" alt=\"\" class=\"wp-image-3387\" srcset=\"https:\/\/udruga-106br.hr\/wp-content\/uploads\/2024\/07\/viber_slika_2024-07-07_21-12-23-917-1024x576.jpg 1024w, https:\/\/udruga-106br.hr\/wp-content\/uploads\/2024\/07\/viber_slika_2024-07-07_21-12-23-917-300x169.jpg 300w, https:\/\/udruga-106br.hr\/wp-content\/uploads\/2024\/07\/viber_slika_2024-07-07_21-12-23-917-768x432.jpg 768w, https:\/\/udruga-106br.hr\/wp-content\/uploads\/2024\/07\/viber_slika_2024-07-07_21-12-23-917-1536x864.jpg 1536w, https:\/\/udruga-106br.hr\/wp-content\/uploads\/2024\/07\/viber_slika_2024-07-07_21-12-23-917.jpg 1600w\" sizes=\"auto, (max-width: 1024px) 100vw, 1024px\" \/><\/figure>\n\n\n\n<figure class=\"wp-block-image size-large\"><img loading=\"lazy\" decoding=\"async\" width=\"1024\" height=\"576\" data-id=\"3388\" src=\"https:\/\/udruga-106br.hr\/wp-content\/uploads\/2024\/07\/viber_slika_2024-07-07_21-12-24-194-1024x576.jpg\" alt=\"\" class=\"wp-image-3388\" srcset=\"https:\/\/udruga-106br.hr\/wp-content\/uploads\/2024\/07\/viber_slika_2024-07-07_21-12-24-194-1024x576.jpg 1024w, https:\/\/udruga-106br.hr\/wp-content\/uploads\/2024\/07\/viber_slika_2024-07-07_21-12-24-194-300x169.jpg 300w, https:\/\/udruga-106br.hr\/wp-content\/uploads\/2024\/07\/viber_slika_2024-07-07_21-12-24-194-768x432.jpg 768w, https:\/\/udruga-106br.hr\/wp-content\/uploads\/2024\/07\/viber_slika_2024-07-07_21-12-24-194-1536x864.jpg 1536w, https:\/\/udruga-106br.hr\/wp-content\/uploads\/2024\/07\/viber_slika_2024-07-07_21-12-24-194.jpg 1600w\" sizes=\"auto, (max-width: 1024px) 100vw, 1024px\" \/><\/figure>\n\n\n\n<figure class=\"wp-block-image size-large\"><img loading=\"lazy\" decoding=\"async\" width=\"1024\" height=\"576\" data-id=\"3391\" src=\"https:\/\/udruga-106br.hr\/wp-content\/uploads\/2024\/07\/viber_slika_2024-07-07_21-12-24-354-1024x576.jpg\" alt=\"\" class=\"wp-image-3391\" srcset=\"https:\/\/udruga-106br.hr\/wp-content\/uploads\/2024\/07\/viber_slika_2024-07-07_21-12-24-354-1024x576.jpg 1024w, https:\/\/udruga-106br.hr\/wp-content\/uploads\/2024\/07\/viber_slika_2024-07-07_21-12-24-354-300x169.jpg 300w, https:\/\/udruga-106br.hr\/wp-content\/uploads\/2024\/07\/viber_slika_2024-07-07_21-12-24-354.jpg 1600w\" sizes=\"auto, (max-width: 1024px) 100vw, 1024px\" \/><\/figure>\n<\/figure>\n<!-- AddThis Advanced Settings generic via filter on the_content --><!-- AddThis Share Buttons generic via filter on the_content -->","protected":false},"excerpt":{"rendered":"<p>Dana 7. srpnja 2024. godine, u \u0106elijama smo obilje\u017eili 33. godi\u0161njicu okupacije ovog mjesta, stradanja hrvatskih branitelja i civila te progonstva mje\u0161tana. Predstavnici udruge veterana 106. brigade Osijek paljenjem svije\u0107a i molitvom odali su po\u010dast svim \u017ertvama. Njihova hrabrost i \u017ertva ostaju trajni podsjetnik na te\u017einu borbe za slobodu. Napadi na \u0106elije bili su klju\u010dni &hellip; <a href=\"https:\/\/udruga-106br.hr\/index.php\/7-7-2024-godine-obiljezena-33-godisnjica-okupacije-celija-stradanja-hrvatskih-branitelja-i-civila-te-progonstva-mjestana\/\" class=\"more-link\">Nastavi \u010ditati <span class=\"screen-reader-text\">7.7.2024. godine, obilje\u017eena 33. godi\u0161njica okupacije \u0106elija stradanja hrvatskih branitelja i civila te progonstva mje\u0161tana<\/span><\/a><!-- AddThis Advanced Settings generic via filter on get_the_excerpt --><!-- AddThis Share Buttons generic via filter on get_the_excerpt --><\/p>\n","protected":false},"author":1,"featured_media":0,"comment_status":"closed","ping_status":"closed","sticky":false,"template":"","format":"standard","meta":{"footnotes":""},"categories":[32],"tags":[],"class_list":["post-3386","post","type-post","status-publish","format-standard","hentry","category-iz-zivota-udruge"],"_links":{"self":[{"href":"https:\/\/udruga-106br.hr\/index.php\/wp-json\/wp\/v2\/posts\/3386","targetHints":{"allow":["GET"]}}],"collection":[{"href":"https:\/\/udruga-106br.hr\/index.php\/wp-json\/wp\/v2\/posts"}],"about":[{"href":"https:\/\/udruga-106br.hr\/index.php\/wp-json\/wp\/v2\/types\/post"}],"author":[{"embeddable":true,"href":"https:\/\/udruga-106br.hr\/index.php\/wp-json\/wp\/v2\/users\/1"}],"replies":[{"embeddable":true,"href":"https:\/\/udruga-106br.hr\/index.php\/wp-json\/wp\/v2\/comments?post=3386"}],"version-history":[{"count":1,"href":"https:\/\/udruga-106br.hr\/index.php\/wp-json\/wp\/v2\/posts\/3386\/revisions"}],"predecessor-version":[{"id":3393,"href":"https:\/\/udruga-106br.hr\/index.php\/wp-json\/wp\/v2\/posts\/3386\/revisions\/3393"}],"wp:attachment":[{"href":"https:\/\/udruga-106br.hr\/index.php\/wp-json\/wp\/v2\/media?parent=3386"}],"wp:term":[{"taxonomy":"category","embeddable":true,"href":"https:\/\/udruga-106br.hr\/index.php\/wp-json\/wp\/v2\/categories?post=3386"},{"taxonomy":"post_tag","embeddable":true,"href":"https:\/\/udruga-106br.hr\/index.php\/wp-json\/wp\/v2\/tags?post=3386"}],"curies":[{"name":"wp","href":"https:\/\/api.w.org\/{rel}","templated":true}]}}