{"id":3410,"date":"2024-07-30T22:19:07","date_gmt":"2024-07-30T20:19:07","guid":{"rendered":"https:\/\/udruga-106br.hr\/?p=3410"},"modified":"2025-10-17T19:22:35","modified_gmt":"2025-10-17T17:22:35","slug":"pozivnica-za-komemoraciju-dalj-1-8-1991-1-8-2024","status":"publish","type":"post","link":"https:\/\/udruga-106br.hr\/index.php\/pozivnica-za-komemoraciju-dalj-1-8-1991-1-8-2024\/","title":{"rendered":"Pozivnica za komemoraciju &#8211; Dalj 1.8.1991. &#8211; 1.8.2024."},"content":{"rendered":"\n<p>Dragi \u010dlanovi Udruge veterana 106. brigade Osijek, dragi prijatelji i pratitelji,<\/p>\n\n\n\n<p>pozivamo vas da se pridru\u017eite komemoraciji u \u010dast poginulim hrvatskim braniteljima i civilima, koji su tragi\u010dno stradali 1.8.1991. godine u Dalju. Doga\u0111aj organizira PU Osje\u010dko-baranjska, a program obilje\u017eavanja \u0107e se odr\u017eati 1.8.2024. godine prema sljede\u0107em rasporedu:<\/p>\n\n\n\n<p>08:00 sati &#8211; Polaganje vijenca u Dunav s putni\u010dkog pristani\u0161ta u Aljma\u0161u<br>08:30 sati &#8211; Paljenje svije\u0107a ispred spomen obilje\u017eja poginulim pripadnicima prve satnije, prve bojne, tre\u0107e gardijske brigade Hrvatske vojske u Vinariji Erdut<br>09:30 sati &#8211; Polaganje vijenaca i paljenje svije\u0107a ispred spomen obilje\u017eja poginulim hrvatskim braniteljima, ispred Postaje grani\u010dne policije Dalj<br>10:25 sati &#8211; Promocija knjige &#8220;Aljma\u0161, Dalj i Erdut u Domovinskom ratu&#8221; autora Frane Toki\u0107a i Marina Banovi\u0107a u Poduzetni\u010dko-razvojnom centru op\u0107ine Erdut u Dalju, Ulica bana Jela\u010di\u0107a 1<br>11:10 sati &#8211; Sveta misa zadu\u0161nica u Crkvi sv. Josipa u Dalju.<\/p>\n\n\n\n<p>Pozivamo vas da svojim prisustvom dostojanstveno odamo po\u010dast na\u0161im hrabrim poginulim braniteljima, pru\u017eimo utjehu i podr\u0161ku njihovim obiteljima i o\u010duvamo sje\u0107anje na njihovu \u017ertvu.<\/p>\n<!-- AddThis Advanced Settings generic via filter on the_content --><!-- AddThis Share Buttons generic via filter on the_content -->","protected":false},"excerpt":{"rendered":"<p>Dragi \u010dlanovi Udruge veterana 106. brigade Osijek, dragi prijatelji i pratitelji, pozivamo vas da se pridru\u017eite komemoraciji u \u010dast poginulim hrvatskim braniteljima i civilima, koji su tragi\u010dno stradali 1.8.1991. godine u Dalju. Doga\u0111aj organizira PU Osje\u010dko-baranjska, a program obilje\u017eavanja \u0107e se odr\u017eati 1.8.2024. godine prema sljede\u0107em rasporedu: 08:00 sati &#8211; Polaganje vijenca u Dunav s &hellip; <a href=\"https:\/\/udruga-106br.hr\/index.php\/pozivnica-za-komemoraciju-dalj-1-8-1991-1-8-2024\/\" class=\"more-link\">Nastavi \u010ditati <span class=\"screen-reader-text\">Pozivnica za komemoraciju &#8211; Dalj 1.8.1991. &#8211; 1.8.2024.<\/span><\/a><!-- AddThis Advanced Settings generic via filter on get_the_excerpt --><!-- AddThis Share Buttons generic via filter on get_the_excerpt --><\/p>\n","protected":false},"author":1,"featured_media":0,"comment_status":"closed","ping_status":"closed","sticky":false,"template":"","format":"standard","meta":{"footnotes":""},"categories":[32],"tags":[],"class_list":["post-3410","post","type-post","status-publish","format-standard","hentry","category-iz-zivota-udruge"],"_links":{"self":[{"href":"https:\/\/udruga-106br.hr\/index.php\/wp-json\/wp\/v2\/posts\/3410","targetHints":{"allow":["GET"]}}],"collection":[{"href":"https:\/\/udruga-106br.hr\/index.php\/wp-json\/wp\/v2\/posts"}],"about":[{"href":"https:\/\/udruga-106br.hr\/index.php\/wp-json\/wp\/v2\/types\/post"}],"author":[{"embeddable":true,"href":"https:\/\/udruga-106br.hr\/index.php\/wp-json\/wp\/v2\/users\/1"}],"replies":[{"embeddable":true,"href":"https:\/\/udruga-106br.hr\/index.php\/wp-json\/wp\/v2\/comments?post=3410"}],"version-history":[{"count":2,"href":"https:\/\/udruga-106br.hr\/index.php\/wp-json\/wp\/v2\/posts\/3410\/revisions"}],"predecessor-version":[{"id":3415,"href":"https:\/\/udruga-106br.hr\/index.php\/wp-json\/wp\/v2\/posts\/3410\/revisions\/3415"}],"wp:attachment":[{"href":"https:\/\/udruga-106br.hr\/index.php\/wp-json\/wp\/v2\/media?parent=3410"}],"wp:term":[{"taxonomy":"category","embeddable":true,"href":"https:\/\/udruga-106br.hr\/index.php\/wp-json\/wp\/v2\/categories?post=3410"},{"taxonomy":"post_tag","embeddable":true,"href":"https:\/\/udruga-106br.hr\/index.php\/wp-json\/wp\/v2\/tags?post=3410"}],"curies":[{"name":"wp","href":"https:\/\/api.w.org\/{rel}","templated":true}]}}