{"id":3416,"date":"2024-08-04T10:34:51","date_gmt":"2024-08-04T08:34:51","guid":{"rendered":"https:\/\/udruga-106br.hr\/?p=3416"},"modified":"2025-10-17T19:22:35","modified_gmt":"2025-10-17T17:22:35","slug":"31-7-2024-susret-s-predstavnicima-udruge-policijskih-veterana-sever-dolenjske-i-bele-krajine-iz-slovenije","status":"publish","type":"post","link":"https:\/\/udruga-106br.hr\/index.php\/31-7-2024-susret-s-predstavnicima-udruge-policijskih-veterana-sever-dolenjske-i-bele-krajine-iz-slovenije\/","title":{"rendered":"31.7.2024. Susret s predstavnicima udruge policijskih veterana SEVER Dolenjske i Bele krajine iz Slovenije"},"content":{"rendered":"\n<p>Predstavnici udruge policijskih veterana SEVER Dolenjske i Bele krajine iz Slovenije posjetili su Udrugu veterana 106. brigade Osijek u srijedu, 31.7.2024. godine.<\/p>\n\n\n\n<p>Njihova udruga svake godine organizira izlet za svoje \u010dlanove, a tako je i ove godine. Odlu\u010dili su se za destinaciju Osje\u010dko-baranjske \u017eupanije u periodu od \u010detvrtka, 10.10.2024. do subote, 12.10.2024. Tradicija je susret s kolegama braniteljima.<\/p>\n\n\n\n<p>Ostatak programa je potpuno otvoren i mogu se prilagoditi, pa su nas zamolili da im pomognemo sa sugestijama za posjet na\u0161im kulturnim dobrima, nekoj manifestaciji, festivalu i sl. Zajedno smo se podru\u017eili i me\u0111usobno podijelili iskustva vo\u0111enja udruga u Hrvatskoj i Sloveniji.<\/p>\n\n\n\n<p>Hvala na predivnom dru\u017eenju! <\/p>\n\n\n\n<figure class=\"wp-block-image size-large\"><img loading=\"lazy\" decoding=\"async\" width=\"1024\" height=\"768\" src=\"https:\/\/udruga-106br.hr\/wp-content\/uploads\/2024\/08\/Slovenci-1024x768.jpg\" alt=\"\" class=\"wp-image-3417\" srcset=\"https:\/\/udruga-106br.hr\/wp-content\/uploads\/2024\/08\/Slovenci-1024x768.jpg 1024w, https:\/\/udruga-106br.hr\/wp-content\/uploads\/2024\/08\/Slovenci-300x225.jpg 300w, https:\/\/udruga-106br.hr\/wp-content\/uploads\/2024\/08\/Slovenci-768x576.jpg 768w, https:\/\/udruga-106br.hr\/wp-content\/uploads\/2024\/08\/Slovenci-1536x1152.jpg 1536w, https:\/\/udruga-106br.hr\/wp-content\/uploads\/2024\/08\/Slovenci.jpg 1600w\" sizes=\"auto, (max-width: 1024px) 100vw, 1024px\" \/><\/figure>\n<!-- AddThis Advanced Settings generic via filter on the_content --><!-- AddThis Share Buttons generic via filter on the_content -->","protected":false},"excerpt":{"rendered":"<p>Predstavnici udruge policijskih veterana SEVER Dolenjske i Bele krajine iz Slovenije posjetili su Udrugu veterana 106. brigade Osijek u srijedu, 31.7.2024. godine. Njihova udruga svake godine organizira izlet za svoje \u010dlanove, a tako je i ove godine. Odlu\u010dili su se za destinaciju Osje\u010dko-baranjske \u017eupanije u periodu od \u010detvrtka, 10.10.2024. do subote, 12.10.2024. Tradicija je susret &hellip; <a href=\"https:\/\/udruga-106br.hr\/index.php\/31-7-2024-susret-s-predstavnicima-udruge-policijskih-veterana-sever-dolenjske-i-bele-krajine-iz-slovenije\/\" class=\"more-link\">Nastavi \u010ditati <span class=\"screen-reader-text\">31.7.2024. Susret s predstavnicima udruge policijskih veterana SEVER Dolenjske i Bele krajine iz Slovenije<\/span><\/a><!-- AddThis Advanced Settings generic via filter on get_the_excerpt --><!-- AddThis Share Buttons generic via filter on get_the_excerpt --><\/p>\n","protected":false},"author":1,"featured_media":0,"comment_status":"closed","ping_status":"closed","sticky":false,"template":"","format":"standard","meta":{"footnotes":""},"categories":[32],"tags":[],"class_list":["post-3416","post","type-post","status-publish","format-standard","hentry","category-iz-zivota-udruge"],"_links":{"self":[{"href":"https:\/\/udruga-106br.hr\/index.php\/wp-json\/wp\/v2\/posts\/3416","targetHints":{"allow":["GET"]}}],"collection":[{"href":"https:\/\/udruga-106br.hr\/index.php\/wp-json\/wp\/v2\/posts"}],"about":[{"href":"https:\/\/udruga-106br.hr\/index.php\/wp-json\/wp\/v2\/types\/post"}],"author":[{"embeddable":true,"href":"https:\/\/udruga-106br.hr\/index.php\/wp-json\/wp\/v2\/users\/1"}],"replies":[{"embeddable":true,"href":"https:\/\/udruga-106br.hr\/index.php\/wp-json\/wp\/v2\/comments?post=3416"}],"version-history":[{"count":1,"href":"https:\/\/udruga-106br.hr\/index.php\/wp-json\/wp\/v2\/posts\/3416\/revisions"}],"predecessor-version":[{"id":3418,"href":"https:\/\/udruga-106br.hr\/index.php\/wp-json\/wp\/v2\/posts\/3416\/revisions\/3418"}],"wp:attachment":[{"href":"https:\/\/udruga-106br.hr\/index.php\/wp-json\/wp\/v2\/media?parent=3416"}],"wp:term":[{"taxonomy":"category","embeddable":true,"href":"https:\/\/udruga-106br.hr\/index.php\/wp-json\/wp\/v2\/categories?post=3416"},{"taxonomy":"post_tag","embeddable":true,"href":"https:\/\/udruga-106br.hr\/index.php\/wp-json\/wp\/v2\/tags?post=3416"}],"curies":[{"name":"wp","href":"https:\/\/api.w.org\/{rel}","templated":true}]}}