{"id":3419,"date":"2024-08-04T14:33:04","date_gmt":"2024-08-04T12:33:04","guid":{"rendered":"https:\/\/udruga-106br.hr\/?p=3419"},"modified":"2025-10-17T19:22:14","modified_gmt":"2025-10-17T17:22:14","slug":"1-8-2024-obiljezavanje-33-godisnjice-bitke-za-dalj-i-erdut","status":"publish","type":"post","link":"https:\/\/udruga-106br.hr\/index.php\/1-8-2024-obiljezavanje-33-godisnjice-bitke-za-dalj-i-erdut\/","title":{"rendered":"1.8.2024. Obilje\u017eavanje 33. godi\u0161njice bitke za Dalj i Erdut"},"content":{"rendered":"\n<p>Dana 1. kolovoza 1991., jedinice 51. motorizirane brigade Jugoslavenske narodne armije napale su podru\u010dje Dalja i Erduta. Na\u0161i hrabri policijski slu\u017ebenici i branitelji juna\u010dki su se borili za obranu svog doma. Nakon deset sati \u017eestokih borbi, neprijateljski tenkovski projektil uni\u0161tio je policijsku postaju, a pre\u017eivjeli branitelji su brutalno ubijeni.<\/p>\n\n\n\n<p><strong>1. kolovoza 2024. godine<\/strong> obilje\u017eena je godi\u0161njica ovog tragi\u010dnog doga\u0111aja. U Dalju su upaljene svije\u0107e pred spomenikom poginulim mje\u0161tanima Aljma\u0161a iz 1991. godine, a vijenci su polo\u017eeni iz policijskog plovila u Dunavu, u \u010dast prognanog stanovni\u0161tva Aljma\u0161a, Dalja i Erduta.<\/p>\n\n\n\n<p>Svije\u0107e su tako\u0111er upaljene i vijenci polo\u017eeni pred Spomen-obilje\u017ejem poginulih pripadnika prve satnije, prve bojne i tre\u0107e gardijske brigade Hrvatske vojske u Erdutu.<\/p>\n\n\n\n<p><strong>Komemoracija<\/strong> za poginule policajce, pripadnike Zbora narodne garde i Civilne za\u0161tite zapo\u010dela je u 9:30 sati ispred Postaje grani\u010dne policije Dalj. U doga\u0111aju su sudjelovali i predstavnici Udruge veterana 106. brigade Osijek, koji su zapalili svije\u0107u, pomolili se i poklonili hrabroj \u017ertvi mje\u0161tana Dalja.<\/p>\n\n\n\n<p>U 10:25 sati uslijedila je promocija knjige &#8220;Aljma\u0161, Dalj i Erdut u Domovinskom ratu&#8221; autora Frane Toki\u0107a i Marina Banovi\u0107a u Poduzetni\u010dko-razvojnom centru op\u0107ine Erdut u Dalju.<\/p>\n\n\n\n<p>Nakon promocije knjige, u dvori\u0161tu Crkve svetog Josipa u Dalju odr\u017eana je sveta misa u \u010dast poginulih branitelja.<\/p>\n\n\n\n<p>S ponosom i tugom sje\u0107amo se svih onih koji su polo\u017eili svoje \u017eivote za na\u0161u slobodu. Neka njihova \u017ertva nikada ne bude zaboravljena. <\/p>\n<!-- AddThis Advanced Settings generic via filter on the_content --><!-- AddThis Share Buttons generic via filter on the_content -->","protected":false},"excerpt":{"rendered":"<p>Dana 1. kolovoza 1991., jedinice 51. motorizirane brigade Jugoslavenske narodne armije napale su podru\u010dje Dalja i Erduta. Na\u0161i hrabri policijski slu\u017ebenici i branitelji juna\u010dki su se borili za obranu svog doma. Nakon deset sati \u017eestokih borbi, neprijateljski tenkovski projektil uni\u0161tio je policijsku postaju, a pre\u017eivjeli branitelji su brutalno ubijeni. 1. kolovoza 2024. godine obilje\u017eena je &hellip; <a href=\"https:\/\/udruga-106br.hr\/index.php\/1-8-2024-obiljezavanje-33-godisnjice-bitke-za-dalj-i-erdut\/\" class=\"more-link\">Nastavi \u010ditati <span class=\"screen-reader-text\">1.8.2024. Obilje\u017eavanje 33. godi\u0161njice bitke za Dalj i Erdut<\/span><\/a><!-- AddThis Advanced Settings generic via filter on get_the_excerpt --><!-- AddThis Share Buttons generic via filter on get_the_excerpt --><\/p>\n","protected":false},"author":1,"featured_media":0,"comment_status":"closed","ping_status":"closed","sticky":false,"template":"","format":"standard","meta":{"footnotes":""},"categories":[32],"tags":[],"class_list":["post-3419","post","type-post","status-publish","format-standard","hentry","category-iz-zivota-udruge"],"_links":{"self":[{"href":"https:\/\/udruga-106br.hr\/index.php\/wp-json\/wp\/v2\/posts\/3419","targetHints":{"allow":["GET"]}}],"collection":[{"href":"https:\/\/udruga-106br.hr\/index.php\/wp-json\/wp\/v2\/posts"}],"about":[{"href":"https:\/\/udruga-106br.hr\/index.php\/wp-json\/wp\/v2\/types\/post"}],"author":[{"embeddable":true,"href":"https:\/\/udruga-106br.hr\/index.php\/wp-json\/wp\/v2\/users\/1"}],"replies":[{"embeddable":true,"href":"https:\/\/udruga-106br.hr\/index.php\/wp-json\/wp\/v2\/comments?post=3419"}],"version-history":[{"count":1,"href":"https:\/\/udruga-106br.hr\/index.php\/wp-json\/wp\/v2\/posts\/3419\/revisions"}],"predecessor-version":[{"id":3420,"href":"https:\/\/udruga-106br.hr\/index.php\/wp-json\/wp\/v2\/posts\/3419\/revisions\/3420"}],"wp:attachment":[{"href":"https:\/\/udruga-106br.hr\/index.php\/wp-json\/wp\/v2\/media?parent=3419"}],"wp:term":[{"taxonomy":"category","embeddable":true,"href":"https:\/\/udruga-106br.hr\/index.php\/wp-json\/wp\/v2\/categories?post=3419"},{"taxonomy":"post_tag","embeddable":true,"href":"https:\/\/udruga-106br.hr\/index.php\/wp-json\/wp\/v2\/tags?post=3419"}],"curies":[{"name":"wp","href":"https:\/\/api.w.org\/{rel}","templated":true}]}}