{"id":3421,"date":"2024-08-04T14:35:50","date_gmt":"2024-08-04T12:35:50","guid":{"rendered":"https:\/\/udruga-106br.hr\/?p=3421"},"modified":"2025-10-17T19:22:13","modified_gmt":"2025-10-17T17:22:13","slug":"poziv-na-obiljezavanje-5-8-2024-dan-pobjede-i-domovinske-zahvalnosti-dan-hrvatskih-branitelja","status":"publish","type":"post","link":"https:\/\/udruga-106br.hr\/index.php\/poziv-na-obiljezavanje-5-8-2024-dan-pobjede-i-domovinske-zahvalnosti-dan-hrvatskih-branitelja\/","title":{"rendered":"Poziv na obilje\u017eavanje 5.8.2024. &#8211; Dan pobjede i domovinske zahvalnosti i Dan hrvatskih branitelja"},"content":{"rendered":"\n<p>Po\u0161tovani \u010dlanovi i prijatelji Udruge veterana 106. brigade Osijek,<\/p>\n\n\n\n<p>Povodom Dana pobjede i domovinske zahvalnosti te Dana hrvatskih branitelja, u znak sje\u0107anja na poginule hrvatske branitelje i civilne \u017ertve Domovinskog rata, Grad Osijek i Osje\u010dko-baranjska \u017eupanija polo\u017eit \u0107e vijenac.<\/p>\n\n\n\n<p> Datum: ponedjeljak, 5. kolovoza 2024. godine<br> Vrijeme: 9.00 sati<br> Mjesto: Kapelica Majke Bo\u017eje Kraljice Mira, Krunska utvrda, lijeva obala Drave<\/p>\n\n\n\n<p>Pozivamo vas da nam se pridru\u017eite i svojim prisustvom uveli\u010date ovu sve\u010danost. Zajedno odajmo po\u010dast onima koji su svoje \u017eivote polo\u017eili za na\u0161u slobodu.<\/p>\n\n\n\n<p>Va\u0161a podr\u0161ka i nazo\u010dnost su nam od velikog zna\u010daja.<\/p>\n<!-- AddThis Advanced Settings generic via filter on the_content --><!-- AddThis Share Buttons generic via filter on the_content -->","protected":false},"excerpt":{"rendered":"<p>Po\u0161tovani \u010dlanovi i prijatelji Udruge veterana 106. brigade Osijek, Povodom Dana pobjede i domovinske zahvalnosti te Dana hrvatskih branitelja, u znak sje\u0107anja na poginule hrvatske branitelje i civilne \u017ertve Domovinskog rata, Grad Osijek i Osje\u010dko-baranjska \u017eupanija polo\u017eit \u0107e vijenac. Datum: ponedjeljak, 5. kolovoza 2024. godine Vrijeme: 9.00 sati Mjesto: Kapelica Majke Bo\u017eje Kraljice Mira, Krunska &hellip; <a href=\"https:\/\/udruga-106br.hr\/index.php\/poziv-na-obiljezavanje-5-8-2024-dan-pobjede-i-domovinske-zahvalnosti-dan-hrvatskih-branitelja\/\" class=\"more-link\">Nastavi \u010ditati <span class=\"screen-reader-text\">Poziv na obilje\u017eavanje 5.8.2024. &#8211; Dan pobjede i domovinske zahvalnosti i Dan hrvatskih branitelja<\/span><\/a><!-- AddThis Advanced Settings generic via filter on get_the_excerpt --><!-- AddThis Share Buttons generic via filter on get_the_excerpt --><\/p>\n","protected":false},"author":1,"featured_media":0,"comment_status":"closed","ping_status":"closed","sticky":false,"template":"","format":"standard","meta":{"footnotes":""},"categories":[32],"tags":[],"class_list":["post-3421","post","type-post","status-publish","format-standard","hentry","category-iz-zivota-udruge"],"_links":{"self":[{"href":"https:\/\/udruga-106br.hr\/index.php\/wp-json\/wp\/v2\/posts\/3421","targetHints":{"allow":["GET"]}}],"collection":[{"href":"https:\/\/udruga-106br.hr\/index.php\/wp-json\/wp\/v2\/posts"}],"about":[{"href":"https:\/\/udruga-106br.hr\/index.php\/wp-json\/wp\/v2\/types\/post"}],"author":[{"embeddable":true,"href":"https:\/\/udruga-106br.hr\/index.php\/wp-json\/wp\/v2\/users\/1"}],"replies":[{"embeddable":true,"href":"https:\/\/udruga-106br.hr\/index.php\/wp-json\/wp\/v2\/comments?post=3421"}],"version-history":[{"count":2,"href":"https:\/\/udruga-106br.hr\/index.php\/wp-json\/wp\/v2\/posts\/3421\/revisions"}],"predecessor-version":[{"id":3423,"href":"https:\/\/udruga-106br.hr\/index.php\/wp-json\/wp\/v2\/posts\/3421\/revisions\/3423"}],"wp:attachment":[{"href":"https:\/\/udruga-106br.hr\/index.php\/wp-json\/wp\/v2\/media?parent=3421"}],"wp:term":[{"taxonomy":"category","embeddable":true,"href":"https:\/\/udruga-106br.hr\/index.php\/wp-json\/wp\/v2\/categories?post=3421"},{"taxonomy":"post_tag","embeddable":true,"href":"https:\/\/udruga-106br.hr\/index.php\/wp-json\/wp\/v2\/tags?post=3421"}],"curies":[{"name":"wp","href":"https:\/\/api.w.org\/{rel}","templated":true}]}}