{"id":3424,"date":"2024-08-05T10:23:08","date_gmt":"2024-08-05T08:23:08","guid":{"rendered":"https:\/\/udruga-106br.hr\/?p=3424"},"modified":"2025-10-17T19:22:13","modified_gmt":"2025-10-17T17:22:13","slug":"5-8-2024-dan-pobjede-i-domovinske-zahvalnosti-i-dan-hrvatskih-branitelja","status":"publish","type":"post","link":"https:\/\/udruga-106br.hr\/index.php\/5-8-2024-dan-pobjede-i-domovinske-zahvalnosti-i-dan-hrvatskih-branitelja\/","title":{"rendered":"5.8.2024. Dan pobjede i domovinske zahvalnosti i Dan hrvatskih branitelja\u00a0"},"content":{"rendered":"\n<p> Na dana\u0161nji dan, 5. kolovoza, s ponosom obilje\u017eavamo Dan pobjede i domovinske zahvalnosti te Dan hrvatskih branitelja na Kapelici Kraljice mira.<\/p>\n\n\n\n<p> S dubokim po\u0161tovanjem odajemo po\u010dast hrabrim junacima i svim onima koji su dali svoje \u017eivote za slobodu i neovisnost Hrvatske.<\/p>\n\n\n\n<p> Tijekom sve\u010dane ceremonije polaganja vijenaca i paljenja svije\u0107a, prisjetili smo se hrabrosti i nesebi\u010dnosti na\u0161ih branitelja koji su se borili za suverenitet i mir na\u0161e domovine. Ovaj poseban dan podsje\u0107a nas na vrijednosti zajedni\u0161tva, hrabrosti i odlu\u010dnosti koje su na\u0161i branitelji demonstrirali tijekom Domovinskog rata.<\/p>\n\n\n\n<p> Uz prisustvo vojnih i civilnih vlasti, obitelji branitelja i gra\u0111ana, na\u0161e misli bile su usmjerene prema onima koji su svoje \u017eivote utkali u temelje slobodne Hrvatske. Njihov neizmjerni doprinos i \u017ertva ne\u0107e nikada biti zaboravljeni.<\/p>\n\n\n\n<p> Hvala vam \u0161to ste nam omogu\u0107ili \u017eivot u slobodi i miru. Va\u0161a hrabrost i \u017ertva vje\u010dno \u0107e biti u na\u0161im srcima.<\/p>\n\n\n<!-- AddThis Advanced Settings generic via filter on the_content --><!-- AddThis Share Buttons generic via filter on the_content -->","protected":false},"excerpt":{"rendered":"<p>Na dana\u0161nji dan, 5. kolovoza, s ponosom obilje\u017eavamo Dan pobjede i domovinske zahvalnosti te Dan hrvatskih branitelja na Kapelici Kraljice mira. S dubokim po\u0161tovanjem odajemo po\u010dast hrabrim junacima i svim onima koji su dali svoje \u017eivote za slobodu i neovisnost Hrvatske. Tijekom sve\u010dane ceremonije polaganja vijenaca i paljenja svije\u0107a, prisjetili smo se hrabrosti i nesebi\u010dnosti &hellip; <a href=\"https:\/\/udruga-106br.hr\/index.php\/5-8-2024-dan-pobjede-i-domovinske-zahvalnosti-i-dan-hrvatskih-branitelja\/\" class=\"more-link\">Nastavi \u010ditati <span class=\"screen-reader-text\">5.8.2024. Dan pobjede i domovinske zahvalnosti i Dan hrvatskih branitelja\u00a0<\/span><\/a><!-- AddThis Advanced Settings generic via filter on get_the_excerpt --><!-- AddThis Share Buttons generic via filter on get_the_excerpt --><\/p>\n","protected":false},"author":1,"featured_media":0,"comment_status":"closed","ping_status":"closed","sticky":false,"template":"","format":"standard","meta":{"footnotes":""},"categories":[32],"tags":[],"class_list":["post-3424","post","type-post","status-publish","format-standard","hentry","category-iz-zivota-udruge"],"_links":{"self":[{"href":"https:\/\/udruga-106br.hr\/index.php\/wp-json\/wp\/v2\/posts\/3424","targetHints":{"allow":["GET"]}}],"collection":[{"href":"https:\/\/udruga-106br.hr\/index.php\/wp-json\/wp\/v2\/posts"}],"about":[{"href":"https:\/\/udruga-106br.hr\/index.php\/wp-json\/wp\/v2\/types\/post"}],"author":[{"embeddable":true,"href":"https:\/\/udruga-106br.hr\/index.php\/wp-json\/wp\/v2\/users\/1"}],"replies":[{"embeddable":true,"href":"https:\/\/udruga-106br.hr\/index.php\/wp-json\/wp\/v2\/comments?post=3424"}],"version-history":[{"count":1,"href":"https:\/\/udruga-106br.hr\/index.php\/wp-json\/wp\/v2\/posts\/3424\/revisions"}],"predecessor-version":[{"id":3425,"href":"https:\/\/udruga-106br.hr\/index.php\/wp-json\/wp\/v2\/posts\/3424\/revisions\/3425"}],"wp:attachment":[{"href":"https:\/\/udruga-106br.hr\/index.php\/wp-json\/wp\/v2\/media?parent=3424"}],"wp:term":[{"taxonomy":"category","embeddable":true,"href":"https:\/\/udruga-106br.hr\/index.php\/wp-json\/wp\/v2\/categories?post=3424"},{"taxonomy":"post_tag","embeddable":true,"href":"https:\/\/udruga-106br.hr\/index.php\/wp-json\/wp\/v2\/tags?post=3424"}],"curies":[{"name":"wp","href":"https:\/\/api.w.org\/{rel}","templated":true}]}}