{"id":3426,"date":"2024-08-05T10:48:58","date_gmt":"2024-08-05T08:48:58","guid":{"rendered":"https:\/\/udruga-106br.hr\/?p=3426"},"modified":"2025-10-17T19:22:13","modified_gmt":"2025-10-17T17:22:13","slug":"cestitka-za-dan-pobjede-i-domovinske-zahvalnosti-dan-hrvatskih-branitelja-i-29-obljetnicu-vojno-redarstvene-operacije-oluja","status":"publish","type":"post","link":"https:\/\/udruga-106br.hr\/index.php\/cestitka-za-dan-pobjede-i-domovinske-zahvalnosti-dan-hrvatskih-branitelja-i-29-obljetnicu-vojno-redarstvene-operacije-oluja\/","title":{"rendered":"\u010cestitka za Dan pobjede i domovinske zahvalnosti, Dan hrvatskih branitelja i 29. obljetnicu vojno-redarstvene operacije Oluja"},"content":{"rendered":"\n<p>Po\u0161tovane obitelji poginulih, nestalih i umrlih hrvatskih branitelja, dragi prijatelji, pripadnici 106. brigade, \u010dlanovi udruge i svi hrvatski branitelji,<\/p>\n\n\n\n<p>S velikim po\u0161tovanjem i zahvalno\u0161\u0107u \u010destitamo vam Dan pobjede i domovinske zahvalnosti, Dan hrvatskih branitelja i 29. obljetnicu vojno-redarstvene operacije Oluja.<\/p>\n\n\n\n<p>Ovaj dan ispunjava nas ponosom i dubokom zahvalno\u0161\u0107u prema svima koji su dali svoje \u017eivote za na\u0161u slobodu i budu\u0107nost. Danas se sje\u0107amo na\u0161ih hrabrih suboraca, nestalih, te svih koji vi\u0161e nisu s nama. Njihova \u017ertva nikada ne\u0107e biti zaboravljena, a njihova hrabrost i predanost zauvijek \u0107e ostati u na\u0161im srcima.<\/p>\n\n\n\n<p>Ujedinjeni u po\u0161tovanju prema svim braniteljima i njihovim obiteljima, obilje\u017eavamo ovaj dan kao simbol na\u0161e neizmjerne zahvalnosti i po\u0161tovanja prema vama, hrabrim borcima za slobodu i domovinu.<\/p>\n\n\n\n<p>Neka Dan pobjede i domovinske zahvalnosti, Dan hrvatskih branitelja i 29. obljetnica operacije Oluja bude prilika da se prisjetimo iznimnih doprinosa i zajedni\u010dki gradimo bolju budu\u0107nost za na\u0161u domovinu.<\/p>\n\n\n\n<p>S po\u0161tovanjem,<br>Dubravko Panci\u0107<br>Predsjednik Udruge veterana 106. brigade Osijek<\/p>\n\n\n\n<figure class=\"wp-block-image size-full\"><img loading=\"lazy\" decoding=\"async\" width=\"788\" height=\"798\" src=\"https:\/\/udruga-106br.hr\/wp-content\/uploads\/2024\/08\/Dan-pobjede-logo.jpg\" alt=\"\" class=\"wp-image-3427\" srcset=\"https:\/\/udruga-106br.hr\/wp-content\/uploads\/2024\/08\/Dan-pobjede-logo.jpg 788w, https:\/\/udruga-106br.hr\/wp-content\/uploads\/2024\/08\/Dan-pobjede-logo-296x300.jpg 296w, https:\/\/udruga-106br.hr\/wp-content\/uploads\/2024\/08\/Dan-pobjede-logo-768x778.jpg 768w\" sizes=\"auto, (max-width: 788px) 100vw, 788px\" \/><\/figure>\n<!-- AddThis Advanced Settings generic via filter on the_content --><!-- AddThis Share Buttons generic via filter on the_content -->","protected":false},"excerpt":{"rendered":"<p>Po\u0161tovane obitelji poginulih, nestalih i umrlih hrvatskih branitelja, dragi prijatelji, pripadnici 106. brigade, \u010dlanovi udruge i svi hrvatski branitelji, S velikim po\u0161tovanjem i zahvalno\u0161\u0107u \u010destitamo vam Dan pobjede i domovinske zahvalnosti, Dan hrvatskih branitelja i 29. obljetnicu vojno-redarstvene operacije Oluja. Ovaj dan ispunjava nas ponosom i dubokom zahvalno\u0161\u0107u prema svima koji su dali svoje \u017eivote &hellip; <a href=\"https:\/\/udruga-106br.hr\/index.php\/cestitka-za-dan-pobjede-i-domovinske-zahvalnosti-dan-hrvatskih-branitelja-i-29-obljetnicu-vojno-redarstvene-operacije-oluja\/\" class=\"more-link\">Nastavi \u010ditati <span class=\"screen-reader-text\">\u010cestitka za Dan pobjede i domovinske zahvalnosti, Dan hrvatskih branitelja i 29. obljetnicu vojno-redarstvene operacije Oluja<\/span><\/a><!-- AddThis Advanced Settings generic via filter on get_the_excerpt --><!-- AddThis Share Buttons generic via filter on get_the_excerpt --><\/p>\n","protected":false},"author":1,"featured_media":0,"comment_status":"closed","ping_status":"closed","sticky":false,"template":"","format":"standard","meta":{"footnotes":""},"categories":[32],"tags":[],"class_list":["post-3426","post","type-post","status-publish","format-standard","hentry","category-iz-zivota-udruge"],"_links":{"self":[{"href":"https:\/\/udruga-106br.hr\/index.php\/wp-json\/wp\/v2\/posts\/3426","targetHints":{"allow":["GET"]}}],"collection":[{"href":"https:\/\/udruga-106br.hr\/index.php\/wp-json\/wp\/v2\/posts"}],"about":[{"href":"https:\/\/udruga-106br.hr\/index.php\/wp-json\/wp\/v2\/types\/post"}],"author":[{"embeddable":true,"href":"https:\/\/udruga-106br.hr\/index.php\/wp-json\/wp\/v2\/users\/1"}],"replies":[{"embeddable":true,"href":"https:\/\/udruga-106br.hr\/index.php\/wp-json\/wp\/v2\/comments?post=3426"}],"version-history":[{"count":1,"href":"https:\/\/udruga-106br.hr\/index.php\/wp-json\/wp\/v2\/posts\/3426\/revisions"}],"predecessor-version":[{"id":3428,"href":"https:\/\/udruga-106br.hr\/index.php\/wp-json\/wp\/v2\/posts\/3426\/revisions\/3428"}],"wp:attachment":[{"href":"https:\/\/udruga-106br.hr\/index.php\/wp-json\/wp\/v2\/media?parent=3426"}],"wp:term":[{"taxonomy":"category","embeddable":true,"href":"https:\/\/udruga-106br.hr\/index.php\/wp-json\/wp\/v2\/categories?post=3426"},{"taxonomy":"post_tag","embeddable":true,"href":"https:\/\/udruga-106br.hr\/index.php\/wp-json\/wp\/v2\/tags?post=3426"}],"curies":[{"name":"wp","href":"https:\/\/api.w.org\/{rel}","templated":true}]}}