{"id":3474,"date":"2024-08-13T11:46:32","date_gmt":"2024-08-13T09:46:32","guid":{"rendered":"https:\/\/udruga-106br.hr\/?p=3474"},"modified":"2025-10-17T19:22:13","modified_gmt":"2025-10-17T17:22:13","slug":"poziv-na-dan-sjecanja-na-zatocenike-srpskih-logora-nemetin-14-8-2024-godine","status":"publish","type":"post","link":"https:\/\/udruga-106br.hr\/index.php\/poziv-na-dan-sjecanja-na-zatocenike-srpskih-logora-nemetin-14-8-2024-godine\/","title":{"rendered":"Poziv na Dan sje\u0107anja na zato\u010denike srpskih logora &#8211; Nemetin, 14.8.2024. godine\u00a0"},"content":{"rendered":"\n<p>Dragi prijatelji i pratitelji,<\/p>\n\n\n\n<p>pozvani smo te i Vas pozivamo da nam se pridru\u017eite na obilje\u017eavanju Dana sje\u0107anja na zato\u010denike srpskih logora, koje \u0107e se odr\u017eati u Nemetinu, 14. kolovoza 2024. godine, s po\u010detkom u 10:00 sati.<\/p>\n\n\n\n<p>Ovaj dan posve\u0107en je svim hrabrim ljudima koji su pro\u0161li kroz strahote zato\u010deni\u0161tva u srpskim logorima tijekom Domovinskog rata. Kroz zajedni\u010dko sje\u0107anje, iskazujemo zahvalnost i po\u0161tovanje prema njihovoj \u017ertvi, a na\u0161om prisutno\u0161\u0107u osna\u017eujemo njihovu borbu za pravdu i istinu.<\/p>\n\n\n\n<p>Svi ste dobrodo\u0161li da zajedno odamo po\u010dast i prisjetimo se onih koji su pretrpjeli neizmjernu bol i nepravdu, ali su ostali simbolom snage i dostojanstva.<\/p>\n\n\n<!-- AddThis Advanced Settings generic via filter on the_content --><!-- AddThis Share Buttons generic via filter on the_content -->","protected":false},"excerpt":{"rendered":"<p>Dragi prijatelji i pratitelji, pozvani smo te i Vas pozivamo da nam se pridru\u017eite na obilje\u017eavanju Dana sje\u0107anja na zato\u010denike srpskih logora, koje \u0107e se odr\u017eati u Nemetinu, 14. kolovoza 2024. godine, s po\u010detkom u 10:00 sati. Ovaj dan posve\u0107en je svim hrabrim ljudima koji su pro\u0161li kroz strahote zato\u010deni\u0161tva u srpskim logorima tijekom Domovinskog &hellip; <a href=\"https:\/\/udruga-106br.hr\/index.php\/poziv-na-dan-sjecanja-na-zatocenike-srpskih-logora-nemetin-14-8-2024-godine\/\" class=\"more-link\">Nastavi \u010ditati <span class=\"screen-reader-text\">Poziv na Dan sje\u0107anja na zato\u010denike srpskih logora &#8211; Nemetin, 14.8.2024. godine\u00a0<\/span><\/a><!-- AddThis Advanced Settings generic via filter on get_the_excerpt --><!-- AddThis Share Buttons generic via filter on get_the_excerpt --><\/p>\n","protected":false},"author":1,"featured_media":0,"comment_status":"closed","ping_status":"closed","sticky":false,"template":"","format":"standard","meta":{"footnotes":""},"categories":[32],"tags":[],"class_list":["post-3474","post","type-post","status-publish","format-standard","hentry","category-iz-zivota-udruge"],"_links":{"self":[{"href":"https:\/\/udruga-106br.hr\/index.php\/wp-json\/wp\/v2\/posts\/3474","targetHints":{"allow":["GET"]}}],"collection":[{"href":"https:\/\/udruga-106br.hr\/index.php\/wp-json\/wp\/v2\/posts"}],"about":[{"href":"https:\/\/udruga-106br.hr\/index.php\/wp-json\/wp\/v2\/types\/post"}],"author":[{"embeddable":true,"href":"https:\/\/udruga-106br.hr\/index.php\/wp-json\/wp\/v2\/users\/1"}],"replies":[{"embeddable":true,"href":"https:\/\/udruga-106br.hr\/index.php\/wp-json\/wp\/v2\/comments?post=3474"}],"version-history":[{"count":1,"href":"https:\/\/udruga-106br.hr\/index.php\/wp-json\/wp\/v2\/posts\/3474\/revisions"}],"predecessor-version":[{"id":3475,"href":"https:\/\/udruga-106br.hr\/index.php\/wp-json\/wp\/v2\/posts\/3474\/revisions\/3475"}],"wp:attachment":[{"href":"https:\/\/udruga-106br.hr\/index.php\/wp-json\/wp\/v2\/media?parent=3474"}],"wp:term":[{"taxonomy":"category","embeddable":true,"href":"https:\/\/udruga-106br.hr\/index.php\/wp-json\/wp\/v2\/categories?post=3474"},{"taxonomy":"post_tag","embeddable":true,"href":"https:\/\/udruga-106br.hr\/index.php\/wp-json\/wp\/v2\/tags?post=3474"}],"curies":[{"name":"wp","href":"https:\/\/api.w.org\/{rel}","templated":true}]}}