{"id":3476,"date":"2024-09-18T11:07:52","date_gmt":"2024-09-18T09:07:52","guid":{"rendered":"https:\/\/udruga-106br.hr\/?p=3476"},"modified":"2025-10-17T19:22:13","modified_gmt":"2025-10-17T17:22:13","slug":"obiljezavanje-33-obljetnice-od-nastanka-hrvatske-policije-i-stradavanja-prvih-hrvatskih-policajaca-na-podrucju-baranje-te-28-godina-od-povratka-u-maticnu-policijsku-postaju-13-kolovoza-2024","status":"publish","type":"post","link":"https:\/\/udruga-106br.hr\/index.php\/obiljezavanje-33-obljetnice-od-nastanka-hrvatske-policije-i-stradavanja-prvih-hrvatskih-policajaca-na-podrucju-baranje-te-28-godina-od-povratka-u-maticnu-policijsku-postaju-13-kolovoza-2024\/","title":{"rendered":"Obilje\u017eavanje 33. obljetnice od nastanka Hrvatske policije i stradavanja prvih Hrvatskih policajaca na podru\u010dju Baranje te 28. godina od povratka u mati\u010dnu policijsku postaju &#8211; 13.8.2024."},"content":{"rendered":"\n<p>Obilje\u017eavanje 33. obljetnice od nastanka Hrvatske policije i stradavanja prvih Hrvatskih policajaca na podru\u010dju Baranje te 28. godina od povratka u mati\u010dnu policijsku postaju zapo\u010delo je 13. kolovoza 2024. godine Svetom misom zadu\u0161nicom za sve poginule i umrle hrvatske branitelje u Crkvi svetog Martina u Belom Manastiru. Nakon Svete mise kod spomen obilje\u017eja ispred Policijske postaje Beli Manastir \u010dlanovi obitelji poginulih, njihovi suborci, predstavnici Policijske uprave Osje\u010dko-baranjske, Predsjednika RH, Ministarstva hrvatskih branitelja, Osje\u010dko-baranjske \u017eupanije, Grada Belog Manastira i baranjskih op\u0107ina te braniteljskih i udruga proisteklih iz Domovinskog rata polo\u017eili su vijence i upalili svije\u0107e u \u010dast svim poginulim i umrlim policajcima. Istom su nazo\u010dili i predstavnici Udruge veterana 106. brigade Osijek te se dostojanstveno pridru\u017eili obilje\u017eavanju ovih velikih doga\u0111aja.<\/p>\n\n\n\n<figure class=\"wp-block-image size-full\"><img loading=\"lazy\" decoding=\"async\" width=\"794\" height=\"453\" src=\"https:\/\/udruga-106br.hr\/wp-content\/uploads\/2024\/09\/33.-obljetnice-od-nastanka-Hrvatske-policije-i-stradavanja-prvih-Hrvatskih-policajaca-na-podrucju-Baranje.png\" alt=\"\" class=\"wp-image-3477\" srcset=\"https:\/\/udruga-106br.hr\/wp-content\/uploads\/2024\/09\/33.-obljetnice-od-nastanka-Hrvatske-policije-i-stradavanja-prvih-Hrvatskih-policajaca-na-podrucju-Baranje.png 794w, https:\/\/udruga-106br.hr\/wp-content\/uploads\/2024\/09\/33.-obljetnice-od-nastanka-Hrvatske-policije-i-stradavanja-prvih-Hrvatskih-policajaca-na-podrucju-Baranje-300x171.png 300w, https:\/\/udruga-106br.hr\/wp-content\/uploads\/2024\/09\/33.-obljetnice-od-nastanka-Hrvatske-policije-i-stradavanja-prvih-Hrvatskih-policajaca-na-podrucju-Baranje-768x438.png 768w\" sizes=\"auto, (max-width: 794px) 100vw, 794px\" \/><\/figure>\n<!-- AddThis Advanced Settings generic via filter on the_content --><!-- AddThis Share Buttons generic via filter on the_content -->","protected":false},"excerpt":{"rendered":"<p>Obilje\u017eavanje 33. obljetnice od nastanka Hrvatske policije i stradavanja prvih Hrvatskih policajaca na podru\u010dju Baranje te 28. godina od povratka u mati\u010dnu policijsku postaju zapo\u010delo je 13. kolovoza 2024. godine Svetom misom zadu\u0161nicom za sve poginule i umrle hrvatske branitelje u Crkvi svetog Martina u Belom Manastiru. Nakon Svete mise kod spomen obilje\u017eja ispred Policijske &hellip; <a href=\"https:\/\/udruga-106br.hr\/index.php\/obiljezavanje-33-obljetnice-od-nastanka-hrvatske-policije-i-stradavanja-prvih-hrvatskih-policajaca-na-podrucju-baranje-te-28-godina-od-povratka-u-maticnu-policijsku-postaju-13-kolovoza-2024\/\" class=\"more-link\">Nastavi \u010ditati <span class=\"screen-reader-text\">Obilje\u017eavanje 33. obljetnice od nastanka Hrvatske policije i stradavanja prvih Hrvatskih policajaca na podru\u010dju Baranje te 28. godina od povratka u mati\u010dnu policijsku postaju &#8211; 13.8.2024.<\/span><\/a><!-- AddThis Advanced Settings generic via filter on get_the_excerpt --><!-- AddThis Share Buttons generic via filter on get_the_excerpt --><\/p>\n","protected":false},"author":1,"featured_media":0,"comment_status":"closed","ping_status":"closed","sticky":false,"template":"","format":"standard","meta":{"footnotes":""},"categories":[32],"tags":[],"class_list":["post-3476","post","type-post","status-publish","format-standard","hentry","category-iz-zivota-udruge"],"_links":{"self":[{"href":"https:\/\/udruga-106br.hr\/index.php\/wp-json\/wp\/v2\/posts\/3476","targetHints":{"allow":["GET"]}}],"collection":[{"href":"https:\/\/udruga-106br.hr\/index.php\/wp-json\/wp\/v2\/posts"}],"about":[{"href":"https:\/\/udruga-106br.hr\/index.php\/wp-json\/wp\/v2\/types\/post"}],"author":[{"embeddable":true,"href":"https:\/\/udruga-106br.hr\/index.php\/wp-json\/wp\/v2\/users\/1"}],"replies":[{"embeddable":true,"href":"https:\/\/udruga-106br.hr\/index.php\/wp-json\/wp\/v2\/comments?post=3476"}],"version-history":[{"count":2,"href":"https:\/\/udruga-106br.hr\/index.php\/wp-json\/wp\/v2\/posts\/3476\/revisions"}],"predecessor-version":[{"id":3479,"href":"https:\/\/udruga-106br.hr\/index.php\/wp-json\/wp\/v2\/posts\/3476\/revisions\/3479"}],"wp:attachment":[{"href":"https:\/\/udruga-106br.hr\/index.php\/wp-json\/wp\/v2\/media?parent=3476"}],"wp:term":[{"taxonomy":"category","embeddable":true,"href":"https:\/\/udruga-106br.hr\/index.php\/wp-json\/wp\/v2\/categories?post=3476"},{"taxonomy":"post_tag","embeddable":true,"href":"https:\/\/udruga-106br.hr\/index.php\/wp-json\/wp\/v2\/tags?post=3476"}],"curies":[{"name":"wp","href":"https:\/\/api.w.org\/{rel}","templated":true}]}}