{"id":3480,"date":"2024-09-18T11:22:14","date_gmt":"2024-09-18T09:22:14","guid":{"rendered":"https:\/\/udruga-106br.hr\/?p=3480"},"modified":"2025-10-17T19:22:13","modified_gmt":"2025-10-17T17:22:13","slug":"dan-sjecanja-na-zatocenike-srpskih-logora-14-8-2024","status":"publish","type":"post","link":"https:\/\/udruga-106br.hr\/index.php\/dan-sjecanja-na-zatocenike-srpskih-logora-14-8-2024\/","title":{"rendered":"Dan sje\u0107anja na zato\u010denike srpskih logora &#8211; 14.8.2024."},"content":{"rendered":"\n<p>Dana 14. kolovoza 2024. godine, u Nemetinu je odr\u017ean Dan sje\u0107anja na zato\u010denike srpskih logora. U ti\u0161ini i dostojanstvu, s po\u010detkom u 10:00 sati, okupili smo se kako bismo odali po\u010dast i sje\u0107anje svim onim hrabrim ljudima koji su pro\u0161li kroz neizmjerne patnje u srpskim logorima tijekom Domovinskog rata.<br>Ovaj doga\u0111aj jo\u0161 jednom nas je podsjetio na va\u017enost zajedni\u010dkog sje\u0107anja i solidarnosti u o\u010duvanju istine o strahotama koje su zadesile na\u0161 narod. Hvala svima koji su nazo\u010dili ovome doga\u0111aju i koji \u0107e uvijek nositi u srcu sje\u0107anje na one koji su pretrpjeli neizmjernu bol.<\/p>\n\n\n\n<figure class=\"wp-block-gallery has-nested-images columns-default is-cropped wp-block-gallery-1 is-layout-flex wp-block-gallery-is-layout-flex\">\n<figure class=\"wp-block-image size-large\"><img loading=\"lazy\" decoding=\"async\" width=\"757\" height=\"792\" data-id=\"3482\" src=\"https:\/\/udruga-106br.hr\/wp-content\/uploads\/2024\/09\/Nemetin-web.png\" alt=\"\" class=\"wp-image-3482\" srcset=\"https:\/\/udruga-106br.hr\/wp-content\/uploads\/2024\/09\/Nemetin-web.png 757w, https:\/\/udruga-106br.hr\/wp-content\/uploads\/2024\/09\/Nemetin-web-287x300.png 287w\" sizes=\"auto, (max-width: 757px) 100vw, 757px\" \/><\/figure>\n\n\n\n<figure class=\"wp-block-image size-large\"><img loading=\"lazy\" decoding=\"async\" width=\"730\" height=\"794\" data-id=\"3481\" src=\"https:\/\/udruga-106br.hr\/wp-content\/uploads\/2024\/09\/Nemetin-web1.png\" alt=\"\" class=\"wp-image-3481\" srcset=\"https:\/\/udruga-106br.hr\/wp-content\/uploads\/2024\/09\/Nemetin-web1.png 730w, https:\/\/udruga-106br.hr\/wp-content\/uploads\/2024\/09\/Nemetin-web1-276x300.png 276w\" sizes=\"auto, (max-width: 730px) 100vw, 730px\" \/><\/figure>\n<\/figure>\n<!-- AddThis Advanced Settings generic via filter on the_content --><!-- AddThis Share Buttons generic via filter on the_content -->","protected":false},"excerpt":{"rendered":"<p>Dana 14. kolovoza 2024. godine, u Nemetinu je odr\u017ean Dan sje\u0107anja na zato\u010denike srpskih logora. U ti\u0161ini i dostojanstvu, s po\u010detkom u 10:00 sati, okupili smo se kako bismo odali po\u010dast i sje\u0107anje svim onim hrabrim ljudima koji su pro\u0161li kroz neizmjerne patnje u srpskim logorima tijekom Domovinskog rata.Ovaj doga\u0111aj jo\u0161 jednom nas je podsjetio &hellip; <a href=\"https:\/\/udruga-106br.hr\/index.php\/dan-sjecanja-na-zatocenike-srpskih-logora-14-8-2024\/\" class=\"more-link\">Nastavi \u010ditati <span class=\"screen-reader-text\">Dan sje\u0107anja na zato\u010denike srpskih logora &#8211; 14.8.2024.<\/span><\/a><!-- AddThis Advanced Settings generic via filter on get_the_excerpt --><!-- AddThis Share Buttons generic via filter on get_the_excerpt --><\/p>\n","protected":false},"author":1,"featured_media":0,"comment_status":"closed","ping_status":"closed","sticky":false,"template":"","format":"standard","meta":{"footnotes":""},"categories":[32],"tags":[],"class_list":["post-3480","post","type-post","status-publish","format-standard","hentry","category-iz-zivota-udruge"],"_links":{"self":[{"href":"https:\/\/udruga-106br.hr\/index.php\/wp-json\/wp\/v2\/posts\/3480","targetHints":{"allow":["GET"]}}],"collection":[{"href":"https:\/\/udruga-106br.hr\/index.php\/wp-json\/wp\/v2\/posts"}],"about":[{"href":"https:\/\/udruga-106br.hr\/index.php\/wp-json\/wp\/v2\/types\/post"}],"author":[{"embeddable":true,"href":"https:\/\/udruga-106br.hr\/index.php\/wp-json\/wp\/v2\/users\/1"}],"replies":[{"embeddable":true,"href":"https:\/\/udruga-106br.hr\/index.php\/wp-json\/wp\/v2\/comments?post=3480"}],"version-history":[{"count":1,"href":"https:\/\/udruga-106br.hr\/index.php\/wp-json\/wp\/v2\/posts\/3480\/revisions"}],"predecessor-version":[{"id":3483,"href":"https:\/\/udruga-106br.hr\/index.php\/wp-json\/wp\/v2\/posts\/3480\/revisions\/3483"}],"wp:attachment":[{"href":"https:\/\/udruga-106br.hr\/index.php\/wp-json\/wp\/v2\/media?parent=3480"}],"wp:term":[{"taxonomy":"category","embeddable":true,"href":"https:\/\/udruga-106br.hr\/index.php\/wp-json\/wp\/v2\/categories?post=3480"},{"taxonomy":"post_tag","embeddable":true,"href":"https:\/\/udruga-106br.hr\/index.php\/wp-json\/wp\/v2\/tags?post=3480"}],"curies":[{"name":"wp","href":"https:\/\/api.w.org\/{rel}","templated":true}]}}