{"id":3484,"date":"2024-09-18T11:32:46","date_gmt":"2024-09-18T09:32:46","guid":{"rendered":"https:\/\/udruga-106br.hr\/?p=3484"},"modified":"2025-10-17T19:22:13","modified_gmt":"2025-10-17T17:22:13","slug":"22-8-2024-godine-u-dardi-svecano-otkrivena-spomen-ploca-posvecena-dvojici-poginulih-pripadnika-osjecke-specijalne-policije-orao","status":"publish","type":"post","link":"https:\/\/udruga-106br.hr\/index.php\/22-8-2024-godine-u-dardi-svecano-otkrivena-spomen-ploca-posvecena-dvojici-poginulih-pripadnika-osjecke-specijalne-policije-orao\/","title":{"rendered":"22.8.2024. godine, u Dardi &#8211; sve\u010dano otkrivena spomen-plo\u010da posve\u0107ena dvojici poginulih pripadnika osje\u010dke specijalne policije &#8220;Orao&#8221;"},"content":{"rendered":"\n<p>Dana 22. kolovoza 2024. godine, u Dardi je sve\u010dano otkrivena spomen-plo\u010da posve\u0107ena dvojici poginulih pripadnika osje\u010dke specijalne policije &#8220;Orao&#8221;, Darku Ku\u0161i\u0107u i Mili Grbe\u0161i\u0107u, \u010dime je obilje\u017eena 33. godi\u0161njica njihove tragi\u010dne pogibije. Ovaj \u010din sje\u0107anja predstavlja va\u017ean podsjetnik na doga\u0111aje iz 22. kolovoza 1991. godine, kada su Ku\u0161i\u0107 i Grbe\u0161i\u0107, zajedno sa svojim kolegama, zarobljeni u zgradi Osnovne \u0161kole Darda tijekom napada snaga tzv. JNA i lokalnog srpskog stanovni\u0161tva. Dok su njihovi kolege kasnije razmijenjeni, Grbe\u0161i\u0107 i Ku\u0161i\u0107 su, na\u017ealost, izgubili \u017eivot u zarobljeni\u0161tvu. Spomen-plo\u010du su otkrili Ivu\u0161a Ku\u0161i\u0107, majka Darka Ku\u0161i\u0107a, i Marko Pole, biv\u0161i policajac i ratni zarobljenik. Sve\u010danom otkrivanju spomen plo\u010de nazo\u010dili su te svije\u0107u pred istom upalili i predstavnici Udruge veterana 106. brigade Osijek. Hvala svima koji su do\u0161li iskazati po\u0161tovanje i zahvalnost stradalim hrvatskim braniteljima.<\/p>\n\n\n\n<figure class=\"wp-block-gallery has-nested-images columns-default is-cropped wp-block-gallery-1 is-layout-flex wp-block-gallery-is-layout-flex\">\n<figure class=\"wp-block-image size-large\"><img loading=\"lazy\" decoding=\"async\" width=\"583\" height=\"765\" data-id=\"3486\" src=\"https:\/\/udruga-106br.hr\/wp-content\/uploads\/2024\/09\/22.-kolovoza-2024.-godine.png\" alt=\"\" class=\"wp-image-3486\" srcset=\"https:\/\/udruga-106br.hr\/wp-content\/uploads\/2024\/09\/22.-kolovoza-2024.-godine.png 583w, https:\/\/udruga-106br.hr\/wp-content\/uploads\/2024\/09\/22.-kolovoza-2024.-godine-229x300.png 229w\" sizes=\"auto, (max-width: 583px) 100vw, 583px\" \/><\/figure>\n\n\n\n<figure class=\"wp-block-image size-large\"><img loading=\"lazy\" decoding=\"async\" width=\"542\" height=\"786\" data-id=\"3485\" src=\"https:\/\/udruga-106br.hr\/wp-content\/uploads\/2024\/09\/22.-kolovoza-2024.-godine1.png\" alt=\"\" class=\"wp-image-3485\" srcset=\"https:\/\/udruga-106br.hr\/wp-content\/uploads\/2024\/09\/22.-kolovoza-2024.-godine1.png 542w, https:\/\/udruga-106br.hr\/wp-content\/uploads\/2024\/09\/22.-kolovoza-2024.-godine1-207x300.png 207w\" sizes=\"auto, (max-width: 542px) 100vw, 542px\" \/><\/figure>\n<\/figure>\n\n\n\n<figure class=\"wp-block-image size-full\"><img loading=\"lazy\" decoding=\"async\" width=\"688\" height=\"577\" src=\"https:\/\/udruga-106br.hr\/wp-content\/uploads\/2024\/09\/22.-kolovoza-2024.-godine2-1.png\" alt=\"\" class=\"wp-image-3488\" srcset=\"https:\/\/udruga-106br.hr\/wp-content\/uploads\/2024\/09\/22.-kolovoza-2024.-godine2-1.png 688w, https:\/\/udruga-106br.hr\/wp-content\/uploads\/2024\/09\/22.-kolovoza-2024.-godine2-1-300x252.png 300w\" sizes=\"auto, (max-width: 688px) 100vw, 688px\" \/><\/figure>\n<!-- AddThis Advanced Settings generic via filter on the_content --><!-- AddThis Share Buttons generic via filter on the_content -->","protected":false},"excerpt":{"rendered":"<p>Dana 22. kolovoza 2024. godine, u Dardi je sve\u010dano otkrivena spomen-plo\u010da posve\u0107ena dvojici poginulih pripadnika osje\u010dke specijalne policije &#8220;Orao&#8221;, Darku Ku\u0161i\u0107u i Mili Grbe\u0161i\u0107u, \u010dime je obilje\u017eena 33. godi\u0161njica njihove tragi\u010dne pogibije. Ovaj \u010din sje\u0107anja predstavlja va\u017ean podsjetnik na doga\u0111aje iz 22. kolovoza 1991. godine, kada su Ku\u0161i\u0107 i Grbe\u0161i\u0107, zajedno sa svojim kolegama, zarobljeni &hellip; <a href=\"https:\/\/udruga-106br.hr\/index.php\/22-8-2024-godine-u-dardi-svecano-otkrivena-spomen-ploca-posvecena-dvojici-poginulih-pripadnika-osjecke-specijalne-policije-orao\/\" class=\"more-link\">Nastavi \u010ditati <span class=\"screen-reader-text\">22.8.2024. godine, u Dardi &#8211; sve\u010dano otkrivena spomen-plo\u010da posve\u0107ena dvojici poginulih pripadnika osje\u010dke specijalne policije &#8220;Orao&#8221;<\/span><\/a><!-- AddThis Advanced Settings generic via filter on get_the_excerpt --><!-- AddThis Share Buttons generic via filter on get_the_excerpt --><\/p>\n","protected":false},"author":1,"featured_media":0,"comment_status":"closed","ping_status":"closed","sticky":false,"template":"","format":"standard","meta":{"footnotes":""},"categories":[32],"tags":[],"class_list":["post-3484","post","type-post","status-publish","format-standard","hentry","category-iz-zivota-udruge"],"_links":{"self":[{"href":"https:\/\/udruga-106br.hr\/index.php\/wp-json\/wp\/v2\/posts\/3484","targetHints":{"allow":["GET"]}}],"collection":[{"href":"https:\/\/udruga-106br.hr\/index.php\/wp-json\/wp\/v2\/posts"}],"about":[{"href":"https:\/\/udruga-106br.hr\/index.php\/wp-json\/wp\/v2\/types\/post"}],"author":[{"embeddable":true,"href":"https:\/\/udruga-106br.hr\/index.php\/wp-json\/wp\/v2\/users\/1"}],"replies":[{"embeddable":true,"href":"https:\/\/udruga-106br.hr\/index.php\/wp-json\/wp\/v2\/comments?post=3484"}],"version-history":[{"count":1,"href":"https:\/\/udruga-106br.hr\/index.php\/wp-json\/wp\/v2\/posts\/3484\/revisions"}],"predecessor-version":[{"id":3489,"href":"https:\/\/udruga-106br.hr\/index.php\/wp-json\/wp\/v2\/posts\/3484\/revisions\/3489"}],"wp:attachment":[{"href":"https:\/\/udruga-106br.hr\/index.php\/wp-json\/wp\/v2\/media?parent=3484"}],"wp:term":[{"taxonomy":"category","embeddable":true,"href":"https:\/\/udruga-106br.hr\/index.php\/wp-json\/wp\/v2\/categories?post=3484"},{"taxonomy":"post_tag","embeddable":true,"href":"https:\/\/udruga-106br.hr\/index.php\/wp-json\/wp\/v2\/tags?post=3484"}],"curies":[{"name":"wp","href":"https:\/\/api.w.org\/{rel}","templated":true}]}}