{"id":3490,"date":"2024-09-18T11:40:46","date_gmt":"2024-09-18T09:40:46","guid":{"rendered":"https:\/\/udruga-106br.hr\/?p=3490"},"modified":"2025-10-17T19:22:13","modified_gmt":"2025-10-17T17:22:13","slug":"23-8-2024-godine-duro-podboj-prije-33-godine-izgubio-zivot-braneci-odasiljac-belje-od-agresora-tijekom-domovinskog-rata","status":"publish","type":"post","link":"https:\/\/udruga-106br.hr\/index.php\/23-8-2024-godine-duro-podboj-prije-33-godine-izgubio-zivot-braneci-odasiljac-belje-od-agresora-tijekom-domovinskog-rata\/","title":{"rendered":"23.8.2024. godine &#8211; \u0110uro Podboj prije 33 godine izgubio \u017eivot brane\u0107i oda\u0161ilja\u010d Belje od agresora tijekom Domovinskog rata"},"content":{"rendered":"\n<p>23.8.2024. godine s pijetetom smo se prisjetili hrabrosti i \u017ertve na\u0161eg kolege, \u0110ure Podboja, koji je prije 33 godine izgubio \u017eivot brane\u0107i oda\u0161ilja\u010d Belje od agresora tijekom Domovinskog rata.<\/p>\n\n\n\n<p>\u0110uro Podboj bio je pravi heroj koji je do posljednjeg daha branio oda\u0161ilja\u010d na kojem je radio, a koji danas ponosno nosi njegovo ime. Oda\u0161ilja\u010d Belje, zbog svog strate\u0161kog polo\u017eaja, bio je klju\u010dan za emitiranje informativnog programa na podru\u010dju Slavonije, Srijema, Baranje i dijela Podravine. Prekidom signala, mnogi stanovnici ovog dijela Hrvatske ostali bi bez prijeko potrebnih informacija u trenucima kada su one bile od presudne va\u017enosti za obranu zemlje.<\/p>\n\n\n\n<p>Unato\u010d okupaciji i razaranju, sustav Oda\u0161ilja\u010da i veza uspio je neprekidno oda\u0161iljati radijske i televizijske programe Hrvatske radiotelevizije, \u010dime je sprije\u010dena informativna blokada. Ova hrabra borba osigurala je pobjedu i na medijskom frontu, a na\u0161 suborac \u0110uro dao je za to najvrjednije \u0161to je imao, svoj \u017eivot.<\/p>\n\n\n\n<p>Njegova \u017ertva nikada ne\u0107e biti zaboravljena, a njegovo ime zauvijek \u0107e biti upisano u povijest na\u0161e borbe za slobodu.<\/p>\n\n\n\n<p>Po\u010divaj u miru, \u0110uro.<\/p>\n\n\n\n<figure class=\"wp-block-gallery has-nested-images columns-default is-cropped wp-block-gallery-1 is-layout-flex wp-block-gallery-is-layout-flex\">\n<figure class=\"wp-block-image size-large\"><img loading=\"lazy\" decoding=\"async\" width=\"624\" height=\"802\" data-id=\"3493\" src=\"https:\/\/udruga-106br.hr\/wp-content\/uploads\/2024\/09\/Duro-Podboj-23.8..png\" alt=\"\" class=\"wp-image-3493\" srcset=\"https:\/\/udruga-106br.hr\/wp-content\/uploads\/2024\/09\/Duro-Podboj-23.8..png 624w, https:\/\/udruga-106br.hr\/wp-content\/uploads\/2024\/09\/Duro-Podboj-23.8.-233x300.png 233w\" sizes=\"auto, (max-width: 624px) 100vw, 624px\" \/><\/figure>\n\n\n\n<figure class=\"wp-block-image size-large\"><img loading=\"lazy\" decoding=\"async\" width=\"539\" height=\"800\" data-id=\"3491\" src=\"https:\/\/udruga-106br.hr\/wp-content\/uploads\/2024\/09\/Duro-Podboj-23.8.1.png\" alt=\"\" class=\"wp-image-3491\" srcset=\"https:\/\/udruga-106br.hr\/wp-content\/uploads\/2024\/09\/Duro-Podboj-23.8.1.png 539w, https:\/\/udruga-106br.hr\/wp-content\/uploads\/2024\/09\/Duro-Podboj-23.8.1-202x300.png 202w\" sizes=\"auto, (max-width: 539px) 100vw, 539px\" \/><\/figure>\n\n\n\n<figure class=\"wp-block-image size-large\"><img loading=\"lazy\" decoding=\"async\" width=\"558\" height=\"718\" data-id=\"3495\" src=\"https:\/\/udruga-106br.hr\/wp-content\/uploads\/2024\/09\/Duro-Podboj-23.8.2.png\" alt=\"\" class=\"wp-image-3495\" srcset=\"https:\/\/udruga-106br.hr\/wp-content\/uploads\/2024\/09\/Duro-Podboj-23.8.2.png 558w, https:\/\/udruga-106br.hr\/wp-content\/uploads\/2024\/09\/Duro-Podboj-23.8.2-233x300.png 233w\" sizes=\"auto, (max-width: 558px) 100vw, 558px\" \/><\/figure>\n\n\n\n<figure class=\"wp-block-image size-large\"><img loading=\"lazy\" decoding=\"async\" width=\"576\" height=\"779\" data-id=\"3496\" src=\"https:\/\/udruga-106br.hr\/wp-content\/uploads\/2024\/09\/Duro-Podboj-23.8.3.png\" alt=\"\" class=\"wp-image-3496\" srcset=\"https:\/\/udruga-106br.hr\/wp-content\/uploads\/2024\/09\/Duro-Podboj-23.8.3.png 576w, https:\/\/udruga-106br.hr\/wp-content\/uploads\/2024\/09\/Duro-Podboj-23.8.3-222x300.png 222w\" sizes=\"auto, (max-width: 576px) 100vw, 576px\" \/><\/figure>\n\n\n\n<figure class=\"wp-block-image size-large\"><img loading=\"lazy\" decoding=\"async\" width=\"553\" height=\"766\" data-id=\"3492\" src=\"https:\/\/udruga-106br.hr\/wp-content\/uploads\/2024\/09\/Duro-Podboj-23.8.4.png\" alt=\"\" class=\"wp-image-3492\" srcset=\"https:\/\/udruga-106br.hr\/wp-content\/uploads\/2024\/09\/Duro-Podboj-23.8.4.png 553w, https:\/\/udruga-106br.hr\/wp-content\/uploads\/2024\/09\/Duro-Podboj-23.8.4-217x300.png 217w\" sizes=\"auto, (max-width: 553px) 100vw, 553px\" \/><\/figure>\n\n\n\n<figure class=\"wp-block-image size-large\"><img loading=\"lazy\" decoding=\"async\" width=\"592\" height=\"767\" data-id=\"3494\" src=\"https:\/\/udruga-106br.hr\/wp-content\/uploads\/2024\/09\/Duro-Podboj-23.8.5.png\" alt=\"\" class=\"wp-image-3494\" srcset=\"https:\/\/udruga-106br.hr\/wp-content\/uploads\/2024\/09\/Duro-Podboj-23.8.5.png 592w, https:\/\/udruga-106br.hr\/wp-content\/uploads\/2024\/09\/Duro-Podboj-23.8.5-232x300.png 232w\" sizes=\"auto, (max-width: 592px) 100vw, 592px\" \/><\/figure>\n<\/figure>\n<!-- AddThis Advanced Settings generic via filter on the_content --><!-- AddThis Share Buttons generic via filter on the_content -->","protected":false},"excerpt":{"rendered":"<p>23.8.2024. godine s pijetetom smo se prisjetili hrabrosti i \u017ertve na\u0161eg kolege, \u0110ure Podboja, koji je prije 33 godine izgubio \u017eivot brane\u0107i oda\u0161ilja\u010d Belje od agresora tijekom Domovinskog rata. \u0110uro Podboj bio je pravi heroj koji je do posljednjeg daha branio oda\u0161ilja\u010d na kojem je radio, a koji danas ponosno nosi njegovo ime. Oda\u0161ilja\u010d Belje, &hellip; <a href=\"https:\/\/udruga-106br.hr\/index.php\/23-8-2024-godine-duro-podboj-prije-33-godine-izgubio-zivot-braneci-odasiljac-belje-od-agresora-tijekom-domovinskog-rata\/\" class=\"more-link\">Nastavi \u010ditati <span class=\"screen-reader-text\">23.8.2024. godine &#8211; \u0110uro Podboj prije 33 godine izgubio \u017eivot brane\u0107i oda\u0161ilja\u010d Belje od agresora tijekom Domovinskog rata<\/span><\/a><!-- AddThis Advanced Settings generic via filter on get_the_excerpt --><!-- AddThis Share Buttons generic via filter on get_the_excerpt --><\/p>\n","protected":false},"author":1,"featured_media":0,"comment_status":"closed","ping_status":"closed","sticky":false,"template":"","format":"standard","meta":{"footnotes":""},"categories":[32],"tags":[],"class_list":["post-3490","post","type-post","status-publish","format-standard","hentry","category-iz-zivota-udruge"],"_links":{"self":[{"href":"https:\/\/udruga-106br.hr\/index.php\/wp-json\/wp\/v2\/posts\/3490","targetHints":{"allow":["GET"]}}],"collection":[{"href":"https:\/\/udruga-106br.hr\/index.php\/wp-json\/wp\/v2\/posts"}],"about":[{"href":"https:\/\/udruga-106br.hr\/index.php\/wp-json\/wp\/v2\/types\/post"}],"author":[{"embeddable":true,"href":"https:\/\/udruga-106br.hr\/index.php\/wp-json\/wp\/v2\/users\/1"}],"replies":[{"embeddable":true,"href":"https:\/\/udruga-106br.hr\/index.php\/wp-json\/wp\/v2\/comments?post=3490"}],"version-history":[{"count":1,"href":"https:\/\/udruga-106br.hr\/index.php\/wp-json\/wp\/v2\/posts\/3490\/revisions"}],"predecessor-version":[{"id":3497,"href":"https:\/\/udruga-106br.hr\/index.php\/wp-json\/wp\/v2\/posts\/3490\/revisions\/3497"}],"wp:attachment":[{"href":"https:\/\/udruga-106br.hr\/index.php\/wp-json\/wp\/v2\/media?parent=3490"}],"wp:term":[{"taxonomy":"category","embeddable":true,"href":"https:\/\/udruga-106br.hr\/index.php\/wp-json\/wp\/v2\/categories?post=3490"},{"taxonomy":"post_tag","embeddable":true,"href":"https:\/\/udruga-106br.hr\/index.php\/wp-json\/wp\/v2\/tags?post=3490"}],"curies":[{"name":"wp","href":"https:\/\/api.w.org\/{rel}","templated":true}]}}