{"id":3498,"date":"2024-09-23T13:30:39","date_gmt":"2024-09-23T11:30:39","guid":{"rendered":"https:\/\/udruga-106br.hr\/?p=3498"},"modified":"2025-10-17T19:22:13","modified_gmt":"2025-10-17T17:22:13","slug":"26-8-2024-otkrivanje-spomen-ploce-u-cast-poginulim-i-umrlim-pripadnicima-135-brigade-hrvatske-vojske","status":"publish","type":"post","link":"https:\/\/udruga-106br.hr\/index.php\/26-8-2024-otkrivanje-spomen-ploce-u-cast-poginulim-i-umrlim-pripadnicima-135-brigade-hrvatske-vojske\/","title":{"rendered":"26.8.2024. &#8211; otkrivanje spomen plo\u010de u \u010dast poginulim i umrlim pripadnicima 135. brigade Hrvatske vojske"},"content":{"rendered":"\n<p>26. kolovoza 2024. s ponosom smo prisustvovali sve\u010danosti otkrivanja spomen plo\u010de u \u010dast poginulim i umrlim pripadnicima 135. brigade Hrvatske vojske.<br>Na ovom va\u017enom doga\u0111aju, zajedno smo odali po\u010dast herojima koji su svoje \u017eivote dali za na\u0161u slobodu.<\/p>\n\n\n\n<p>Polo\u017eili smo vijenac i zapalili svije\u0107e kod kri\u017ea ispred Kapele Majke Bo\u017eje Kraljice Mira, \u010duvaju\u0107i sje\u0107anje na njihovu \u017ertvu i hrabrost. Na\u0161i pali suborci zauvijek \u0107e \u017eivjeti u na\u0161im srcima i mislima.<\/p>\n\n\n\n<p>Neka im je vje\u010dna slava i hvala.<\/p>\n\n\n\n<figure class=\"wp-block-gallery has-nested-images columns-default is-cropped wp-block-gallery-1 is-layout-flex wp-block-gallery-is-layout-flex\">\n<figure class=\"wp-block-image size-large\"><img loading=\"lazy\" decoding=\"async\" width=\"540\" height=\"765\" data-id=\"3500\" src=\"https:\/\/udruga-106br.hr\/wp-content\/uploads\/2024\/09\/26.8.-1.png\" alt=\"\" class=\"wp-image-3500\" srcset=\"https:\/\/udruga-106br.hr\/wp-content\/uploads\/2024\/09\/26.8.-1.png 540w, https:\/\/udruga-106br.hr\/wp-content\/uploads\/2024\/09\/26.8.-1-212x300.png 212w\" sizes=\"auto, (max-width: 540px) 100vw, 540px\" \/><\/figure>\n\n\n\n<figure class=\"wp-block-image size-large\"><img loading=\"lazy\" decoding=\"async\" width=\"525\" height=\"736\" data-id=\"3504\" src=\"https:\/\/udruga-106br.hr\/wp-content\/uploads\/2024\/09\/26.8.-2.png\" alt=\"\" class=\"wp-image-3504\" srcset=\"https:\/\/udruga-106br.hr\/wp-content\/uploads\/2024\/09\/26.8.-2.png 525w, https:\/\/udruga-106br.hr\/wp-content\/uploads\/2024\/09\/26.8.-2-214x300.png 214w\" sizes=\"auto, (max-width: 525px) 100vw, 525px\" \/><\/figure>\n\n\n\n<figure class=\"wp-block-image size-large\"><img loading=\"lazy\" decoding=\"async\" width=\"547\" height=\"711\" data-id=\"3503\" src=\"https:\/\/udruga-106br.hr\/wp-content\/uploads\/2024\/09\/26.8.-3.png\" alt=\"\" class=\"wp-image-3503\" srcset=\"https:\/\/udruga-106br.hr\/wp-content\/uploads\/2024\/09\/26.8.-3.png 547w, https:\/\/udruga-106br.hr\/wp-content\/uploads\/2024\/09\/26.8.-3-231x300.png 231w\" sizes=\"auto, (max-width: 547px) 100vw, 547px\" \/><\/figure>\n\n\n\n<figure class=\"wp-block-image size-large\"><img loading=\"lazy\" decoding=\"async\" width=\"527\" height=\"770\" data-id=\"3499\" src=\"https:\/\/udruga-106br.hr\/wp-content\/uploads\/2024\/09\/26.8.-4.png\" alt=\"\" class=\"wp-image-3499\" srcset=\"https:\/\/udruga-106br.hr\/wp-content\/uploads\/2024\/09\/26.8.-4.png 527w, https:\/\/udruga-106br.hr\/wp-content\/uploads\/2024\/09\/26.8.-4-205x300.png 205w\" sizes=\"auto, (max-width: 527px) 100vw, 527px\" \/><\/figure>\n\n\n\n<figure class=\"wp-block-image size-large\"><img loading=\"lazy\" decoding=\"async\" width=\"581\" height=\"760\" data-id=\"3501\" src=\"https:\/\/udruga-106br.hr\/wp-content\/uploads\/2024\/09\/26.8.-5.png\" alt=\"\" class=\"wp-image-3501\" srcset=\"https:\/\/udruga-106br.hr\/wp-content\/uploads\/2024\/09\/26.8.-5.png 581w, https:\/\/udruga-106br.hr\/wp-content\/uploads\/2024\/09\/26.8.-5-229x300.png 229w\" sizes=\"auto, (max-width: 581px) 100vw, 581px\" \/><\/figure>\n\n\n\n<figure class=\"wp-block-image size-large\"><img loading=\"lazy\" decoding=\"async\" width=\"557\" height=\"791\" data-id=\"3502\" src=\"https:\/\/udruga-106br.hr\/wp-content\/uploads\/2024\/09\/26.8..png\" alt=\"\" class=\"wp-image-3502\" srcset=\"https:\/\/udruga-106br.hr\/wp-content\/uploads\/2024\/09\/26.8..png 557w, https:\/\/udruga-106br.hr\/wp-content\/uploads\/2024\/09\/26.8.-211x300.png 211w\" sizes=\"auto, (max-width: 557px) 100vw, 557px\" \/><\/figure>\n<\/figure>\n<!-- AddThis Advanced Settings generic via filter on the_content --><!-- AddThis Share Buttons generic via filter on the_content -->","protected":false},"excerpt":{"rendered":"<p>26. kolovoza 2024. s ponosom smo prisustvovali sve\u010danosti otkrivanja spomen plo\u010de u \u010dast poginulim i umrlim pripadnicima 135. brigade Hrvatske vojske.Na ovom va\u017enom doga\u0111aju, zajedno smo odali po\u010dast herojima koji su svoje \u017eivote dali za na\u0161u slobodu. Polo\u017eili smo vijenac i zapalili svije\u0107e kod kri\u017ea ispred Kapele Majke Bo\u017eje Kraljice Mira, \u010duvaju\u0107i sje\u0107anje na njihovu &hellip; <a href=\"https:\/\/udruga-106br.hr\/index.php\/26-8-2024-otkrivanje-spomen-ploce-u-cast-poginulim-i-umrlim-pripadnicima-135-brigade-hrvatske-vojske\/\" class=\"more-link\">Nastavi \u010ditati <span class=\"screen-reader-text\">26.8.2024. &#8211; otkrivanje spomen plo\u010de u \u010dast poginulim i umrlim pripadnicima 135. brigade Hrvatske vojske<\/span><\/a><!-- AddThis Advanced Settings generic via filter on get_the_excerpt --><!-- AddThis Share Buttons generic via filter on get_the_excerpt --><\/p>\n","protected":false},"author":1,"featured_media":0,"comment_status":"closed","ping_status":"closed","sticky":false,"template":"","format":"standard","meta":{"footnotes":""},"categories":[32],"tags":[],"class_list":["post-3498","post","type-post","status-publish","format-standard","hentry","category-iz-zivota-udruge"],"_links":{"self":[{"href":"https:\/\/udruga-106br.hr\/index.php\/wp-json\/wp\/v2\/posts\/3498","targetHints":{"allow":["GET"]}}],"collection":[{"href":"https:\/\/udruga-106br.hr\/index.php\/wp-json\/wp\/v2\/posts"}],"about":[{"href":"https:\/\/udruga-106br.hr\/index.php\/wp-json\/wp\/v2\/types\/post"}],"author":[{"embeddable":true,"href":"https:\/\/udruga-106br.hr\/index.php\/wp-json\/wp\/v2\/users\/1"}],"replies":[{"embeddable":true,"href":"https:\/\/udruga-106br.hr\/index.php\/wp-json\/wp\/v2\/comments?post=3498"}],"version-history":[{"count":1,"href":"https:\/\/udruga-106br.hr\/index.php\/wp-json\/wp\/v2\/posts\/3498\/revisions"}],"predecessor-version":[{"id":3505,"href":"https:\/\/udruga-106br.hr\/index.php\/wp-json\/wp\/v2\/posts\/3498\/revisions\/3505"}],"wp:attachment":[{"href":"https:\/\/udruga-106br.hr\/index.php\/wp-json\/wp\/v2\/media?parent=3498"}],"wp:term":[{"taxonomy":"category","embeddable":true,"href":"https:\/\/udruga-106br.hr\/index.php\/wp-json\/wp\/v2\/categories?post=3498"},{"taxonomy":"post_tag","embeddable":true,"href":"https:\/\/udruga-106br.hr\/index.php\/wp-json\/wp\/v2\/tags?post=3498"}],"curies":[{"name":"wp","href":"https:\/\/api.w.org\/{rel}","templated":true}]}}