{"id":3506,"date":"2024-09-23T13:33:02","date_gmt":"2024-09-23T11:33:02","guid":{"rendered":"https:\/\/udruga-106br.hr\/?p=3506"},"modified":"2025-10-17T19:22:13","modified_gmt":"2025-10-17T17:22:13","slug":"poziv-3-9-2024-dan-sjecanja-na-poginule-i-nestale-branitelje-bilja","status":"publish","type":"post","link":"https:\/\/udruga-106br.hr\/index.php\/poziv-3-9-2024-dan-sjecanja-na-poginule-i-nestale-branitelje-bilja\/","title":{"rendered":"Poziv &#8211; 3.9.2024. &#8211; Dan sje\u0107anja na poginule i nestale branitelje Bilja"},"content":{"rendered":"\n<p>Pozivamo vas da nam se pridru\u017eite u obilje\u017eavanju Dana sje\u0107anja na na\u0161e hrabre branitelje. Ovim doga\u0111ajem odajemo po\u010dast svima koji su dali svoje \u017eivote za na\u0161u slobodu, kao i onima \u010dija sudbina jo\u0161 uvijek nije poznata.<\/p>\n\n\n\n<p>Program:<\/p>\n\n\n\n<p>&#8211; 8:00 h &#8211; Okupljanje u prostorijama Op\u0107ine Bilje<\/p>\n\n\n\n<p>&#8211; 8:30 h &#8211; Polaganje vijenaca na Centralnom groblju u Osijeku<\/p>\n\n\n\n<p>&#8211; 9:00 h &#8211; Polaganje vijenaca na Retfala\u010dkom groblju u Osijeku<\/p>\n\n\n\n<p>&#8211; 10:00 h &#8211; Polaganje vijenaca na mjesnom groblju u Bilju<\/p>\n\n\n\n<p>&#8211; 17:00 h &#8211; Sveta misa za poginule i nestale branitelje u crkvi Bezgrje\u0161nog Za\u010de\u0107a Bla\u017eene Djevice Marije u Bilju<\/p>\n\n\n\n<p>&#8211; 17:45 h &#8211; Mimohod do Parka hrvatskih branitelja<\/p>\n\n\n\n<p>&#8211; 18:00 h &#8211; Polaganje vijenaca kod spomen obilje\u017eja u Bilju<\/p>\n\n\n\n<p>Va\u017eno je da se okupimo i ujedinimo u sje\u0107anju, kako bismo zajedno odali po\u010dast onima koji su svoje \u017eivote polo\u017eili za na\u0161u domovinu.<\/p>\n\n\n\n<figure class=\"wp-block-image size-full\"><img loading=\"lazy\" decoding=\"async\" width=\"465\" height=\"671\" src=\"https:\/\/udruga-106br.hr\/wp-content\/uploads\/2024\/09\/3.9.-pozivnica_BILJE1.png\" alt=\"\" class=\"wp-image-3507\" srcset=\"https:\/\/udruga-106br.hr\/wp-content\/uploads\/2024\/09\/3.9.-pozivnica_BILJE1.png 465w, https:\/\/udruga-106br.hr\/wp-content\/uploads\/2024\/09\/3.9.-pozivnica_BILJE1-208x300.png 208w\" sizes=\"auto, (max-width: 465px) 100vw, 465px\" \/><\/figure>\n<!-- AddThis Advanced Settings generic via filter on the_content --><!-- AddThis Share Buttons generic via filter on the_content -->","protected":false},"excerpt":{"rendered":"<p>Pozivamo vas da nam se pridru\u017eite u obilje\u017eavanju Dana sje\u0107anja na na\u0161e hrabre branitelje. Ovim doga\u0111ajem odajemo po\u010dast svima koji su dali svoje \u017eivote za na\u0161u slobodu, kao i onima \u010dija sudbina jo\u0161 uvijek nije poznata. Program: &#8211; 8:00 h &#8211; Okupljanje u prostorijama Op\u0107ine Bilje &#8211; 8:30 h &#8211; Polaganje vijenaca na Centralnom groblju &hellip; <a href=\"https:\/\/udruga-106br.hr\/index.php\/poziv-3-9-2024-dan-sjecanja-na-poginule-i-nestale-branitelje-bilja\/\" class=\"more-link\">Nastavi \u010ditati <span class=\"screen-reader-text\">Poziv &#8211; 3.9.2024. &#8211; Dan sje\u0107anja na poginule i nestale branitelje Bilja<\/span><\/a><!-- AddThis Advanced Settings generic via filter on get_the_excerpt --><!-- AddThis Share Buttons generic via filter on get_the_excerpt --><\/p>\n","protected":false},"author":1,"featured_media":0,"comment_status":"closed","ping_status":"closed","sticky":false,"template":"","format":"standard","meta":{"footnotes":""},"categories":[32],"tags":[],"class_list":["post-3506","post","type-post","status-publish","format-standard","hentry","category-iz-zivota-udruge"],"_links":{"self":[{"href":"https:\/\/udruga-106br.hr\/index.php\/wp-json\/wp\/v2\/posts\/3506","targetHints":{"allow":["GET"]}}],"collection":[{"href":"https:\/\/udruga-106br.hr\/index.php\/wp-json\/wp\/v2\/posts"}],"about":[{"href":"https:\/\/udruga-106br.hr\/index.php\/wp-json\/wp\/v2\/types\/post"}],"author":[{"embeddable":true,"href":"https:\/\/udruga-106br.hr\/index.php\/wp-json\/wp\/v2\/users\/1"}],"replies":[{"embeddable":true,"href":"https:\/\/udruga-106br.hr\/index.php\/wp-json\/wp\/v2\/comments?post=3506"}],"version-history":[{"count":2,"href":"https:\/\/udruga-106br.hr\/index.php\/wp-json\/wp\/v2\/posts\/3506\/revisions"}],"predecessor-version":[{"id":3509,"href":"https:\/\/udruga-106br.hr\/index.php\/wp-json\/wp\/v2\/posts\/3506\/revisions\/3509"}],"wp:attachment":[{"href":"https:\/\/udruga-106br.hr\/index.php\/wp-json\/wp\/v2\/media?parent=3506"}],"wp:term":[{"taxonomy":"category","embeddable":true,"href":"https:\/\/udruga-106br.hr\/index.php\/wp-json\/wp\/v2\/categories?post=3506"},{"taxonomy":"post_tag","embeddable":true,"href":"https:\/\/udruga-106br.hr\/index.php\/wp-json\/wp\/v2\/tags?post=3506"}],"curies":[{"name":"wp","href":"https:\/\/api.w.org\/{rel}","templated":true}]}}