{"id":3510,"date":"2024-09-30T09:58:14","date_gmt":"2024-09-30T07:58:14","guid":{"rendered":"https:\/\/udruga-106br.hr\/?p=3510"},"modified":"2025-10-17T19:22:13","modified_gmt":"2025-10-17T17:22:13","slug":"__trashed-2","status":"publish","type":"post","link":"https:\/\/udruga-106br.hr\/index.php\/__trashed-2\/","title":{"rendered":"3.9.2024. &#8211; Dan sje\u0107anja na poginule hrvatske branitelje Bilja 3. rujna 1991. godine"},"content":{"rendered":"\n<p>3.9.2024. godine zajedno s mje\u0161tanima Bilja smo obilje\u017eili jedan od najte\u017eih trenutaka u povijesti Domovinskog rata na na\u0161em podru\u010dju \u2013 Dan sje\u0107anja na poginule hrvatske branitelje Bilja. 3. rujna 1991. godine zauvijek \u0107e ostati urezan u na\u0161a srca kao simbol hrabrosti, \u017ertve i nepokolebljive ljubavi prema domovini.<\/p>\n\n\n\n<p>Obilje\u017eavanje je zapo\u010delo okupljanjem u prostorijama Op\u0107ine Bilje u 8 sati, nakon \u010dega je uslijedilo polaganje vijenaca na Centralnom i Retfala\u010dkom groblju u Osijeku te na groblju u Bilju. U 17h odr\u017eana je Sveta misa u crkvi Bezgre\u0161nog za\u010de\u0107a Bla\u017eene Djevice Marije, gdje smo se pomolili za sve na\u0161e poginule i nestale branitelje, ali i za sve one koji su izgubili svoje najmilije u Domovinskom ratu.<\/p>\n\n\n\n<p>Mimohod prema Parku hrvatskih branitelja bio je trenutak kada smo svi, u ti\u0161ini i dostojanstvu, odali po\u010dast onima koji su dali svoje \u017eivote za na\u0161u slobodu. Pred spomen-obilje\u017ejem smo polo\u017eili vijence i zapalili svije\u0107e, u znak vje\u010dnog sje\u0107anja na njihove neizmjerne \u017ertve.<\/p>\n\n\n\n<p>Ovaj dan nas podsje\u0107a koliko je va\u017eno \u010duvati uspomenu na hrabre branitelje Bilja i neprestano prenositi poruku o njihovoj \u017ertvi novim generacijama. S ponosom se sje\u0107amo svih onih koji su se borili za na\u0161u slobodu.<br>Neka im je vje\u010dna slava i hvala!&nbsp;<\/p>\n\n\n\n<figure class=\"wp-block-gallery has-nested-images columns-default is-cropped wp-block-gallery-1 is-layout-flex wp-block-gallery-is-layout-flex\">\n<figure class=\"wp-block-image size-full\"><img loading=\"lazy\" decoding=\"async\" width=\"754\" height=\"565\" data-id=\"3519\" src=\"https:\/\/udruga-106br.hr\/wp-content\/uploads\/2024\/09\/3.9..png\" alt=\"\" class=\"wp-image-3519\" srcset=\"https:\/\/udruga-106br.hr\/wp-content\/uploads\/2024\/09\/3.9..png 754w, https:\/\/udruga-106br.hr\/wp-content\/uploads\/2024\/09\/3.9.-300x225.png 300w\" sizes=\"auto, (max-width: 754px) 100vw, 754px\" \/><\/figure>\n\n\n\n<figure class=\"wp-block-image size-large\"><img loading=\"lazy\" decoding=\"async\" width=\"695\" height=\"564\" data-id=\"3515\" src=\"https:\/\/udruga-106br.hr\/wp-content\/uploads\/2024\/09\/3.9.-1.png\" alt=\"\" class=\"wp-image-3515\" srcset=\"https:\/\/udruga-106br.hr\/wp-content\/uploads\/2024\/09\/3.9.-1.png 695w, https:\/\/udruga-106br.hr\/wp-content\/uploads\/2024\/09\/3.9.-1-300x243.png 300w\" sizes=\"auto, (max-width: 695px) 100vw, 695px\" \/><\/figure>\n\n\n\n<figure class=\"wp-block-image size-large\"><img loading=\"lazy\" decoding=\"async\" width=\"705\" height=\"562\" data-id=\"3517\" src=\"https:\/\/udruga-106br.hr\/wp-content\/uploads\/2024\/09\/3.9.-2.png\" alt=\"\" class=\"wp-image-3517\" srcset=\"https:\/\/udruga-106br.hr\/wp-content\/uploads\/2024\/09\/3.9.-2.png 705w, https:\/\/udruga-106br.hr\/wp-content\/uploads\/2024\/09\/3.9.-2-300x239.png 300w\" sizes=\"auto, (max-width: 705px) 100vw, 705px\" \/><\/figure>\n\n\n\n<figure class=\"wp-block-image size-large\"><img loading=\"lazy\" decoding=\"async\" width=\"716\" height=\"567\" data-id=\"3513\" src=\"https:\/\/udruga-106br.hr\/wp-content\/uploads\/2024\/09\/3.9.-4.png\" alt=\"\" class=\"wp-image-3513\" srcset=\"https:\/\/udruga-106br.hr\/wp-content\/uploads\/2024\/09\/3.9.-4.png 716w, https:\/\/udruga-106br.hr\/wp-content\/uploads\/2024\/09\/3.9.-4-300x238.png 300w\" sizes=\"auto, (max-width: 716px) 100vw, 716px\" \/><\/figure>\n\n\n\n<figure class=\"wp-block-image size-large\"><img loading=\"lazy\" decoding=\"async\" width=\"716\" height=\"572\" data-id=\"3520\" src=\"https:\/\/udruga-106br.hr\/wp-content\/uploads\/2024\/09\/3.9.-5.png\" alt=\"\" class=\"wp-image-3520\" srcset=\"https:\/\/udruga-106br.hr\/wp-content\/uploads\/2024\/09\/3.9.-5.png 716w, https:\/\/udruga-106br.hr\/wp-content\/uploads\/2024\/09\/3.9.-5-300x240.png 300w\" sizes=\"auto, (max-width: 716px) 100vw, 716px\" \/><\/figure>\n\n\n\n<figure class=\"wp-block-image size-large\"><img loading=\"lazy\" decoding=\"async\" width=\"716\" height=\"576\" data-id=\"3516\" src=\"https:\/\/udruga-106br.hr\/wp-content\/uploads\/2024\/09\/3.9.-6.png\" alt=\"\" class=\"wp-image-3516\" srcset=\"https:\/\/udruga-106br.hr\/wp-content\/uploads\/2024\/09\/3.9.-6.png 716w, https:\/\/udruga-106br.hr\/wp-content\/uploads\/2024\/09\/3.9.-6-300x241.png 300w\" sizes=\"auto, (max-width: 716px) 100vw, 716px\" \/><\/figure>\n\n\n\n<figure class=\"wp-block-image size-large\"><img loading=\"lazy\" decoding=\"async\" width=\"720\" height=\"572\" data-id=\"3521\" src=\"https:\/\/udruga-106br.hr\/wp-content\/uploads\/2024\/09\/3.9.-7.png\" alt=\"\" class=\"wp-image-3521\" srcset=\"https:\/\/udruga-106br.hr\/wp-content\/uploads\/2024\/09\/3.9.-7.png 720w, https:\/\/udruga-106br.hr\/wp-content\/uploads\/2024\/09\/3.9.-7-300x238.png 300w\" sizes=\"auto, (max-width: 720px) 100vw, 720px\" \/><\/figure>\n<\/figure>\n\n\n\n<figure class=\"wp-block-image size-full\"><img loading=\"lazy\" decoding=\"async\" width=\"638\" height=\"491\" src=\"https:\/\/udruga-106br.hr\/wp-content\/uploads\/2024\/09\/3.9.-8-1.png\" alt=\"\" class=\"wp-image-3522\" srcset=\"https:\/\/udruga-106br.hr\/wp-content\/uploads\/2024\/09\/3.9.-8-1.png 638w, https:\/\/udruga-106br.hr\/wp-content\/uploads\/2024\/09\/3.9.-8-1-300x231.png 300w\" sizes=\"auto, (max-width: 638px) 100vw, 638px\" \/><\/figure>\n<!-- AddThis Advanced Settings generic via filter on the_content --><!-- AddThis Share Buttons generic via filter on the_content -->","protected":false},"excerpt":{"rendered":"<p>3.9.2024. godine zajedno s mje\u0161tanima Bilja smo obilje\u017eili jedan od najte\u017eih trenutaka u povijesti Domovinskog rata na na\u0161em podru\u010dju \u2013 Dan sje\u0107anja na poginule hrvatske branitelje Bilja. 3. rujna 1991. godine zauvijek \u0107e ostati urezan u na\u0161a srca kao simbol hrabrosti, \u017ertve i nepokolebljive ljubavi prema domovini. Obilje\u017eavanje je zapo\u010delo okupljanjem u prostorijama Op\u0107ine Bilje &hellip; <a href=\"https:\/\/udruga-106br.hr\/index.php\/__trashed-2\/\" class=\"more-link\">Nastavi \u010ditati <span class=\"screen-reader-text\">3.9.2024. &#8211; Dan sje\u0107anja na poginule hrvatske branitelje Bilja 3. rujna 1991. godine<\/span><\/a><!-- AddThis Advanced Settings generic via filter on get_the_excerpt --><!-- AddThis Share Buttons generic via filter on get_the_excerpt --><\/p>\n","protected":false},"author":1,"featured_media":0,"comment_status":"closed","ping_status":"closed","sticky":false,"template":"","format":"standard","meta":{"footnotes":""},"categories":[32],"tags":[],"class_list":["post-3510","post","type-post","status-publish","format-standard","hentry","category-iz-zivota-udruge"],"_links":{"self":[{"href":"https:\/\/udruga-106br.hr\/index.php\/wp-json\/wp\/v2\/posts\/3510","targetHints":{"allow":["GET"]}}],"collection":[{"href":"https:\/\/udruga-106br.hr\/index.php\/wp-json\/wp\/v2\/posts"}],"about":[{"href":"https:\/\/udruga-106br.hr\/index.php\/wp-json\/wp\/v2\/types\/post"}],"author":[{"embeddable":true,"href":"https:\/\/udruga-106br.hr\/index.php\/wp-json\/wp\/v2\/users\/1"}],"replies":[{"embeddable":true,"href":"https:\/\/udruga-106br.hr\/index.php\/wp-json\/wp\/v2\/comments?post=3510"}],"version-history":[{"count":2,"href":"https:\/\/udruga-106br.hr\/index.php\/wp-json\/wp\/v2\/posts\/3510\/revisions"}],"predecessor-version":[{"id":3523,"href":"https:\/\/udruga-106br.hr\/index.php\/wp-json\/wp\/v2\/posts\/3510\/revisions\/3523"}],"wp:attachment":[{"href":"https:\/\/udruga-106br.hr\/index.php\/wp-json\/wp\/v2\/media?parent=3510"}],"wp:term":[{"taxonomy":"category","embeddable":true,"href":"https:\/\/udruga-106br.hr\/index.php\/wp-json\/wp\/v2\/categories?post=3510"},{"taxonomy":"post_tag","embeddable":true,"href":"https:\/\/udruga-106br.hr\/index.php\/wp-json\/wp\/v2\/tags?post=3510"}],"curies":[{"name":"wp","href":"https:\/\/api.w.org\/{rel}","templated":true}]}}