{"id":3524,"date":"2024-09-30T10:42:01","date_gmt":"2024-09-30T08:42:01","guid":{"rendered":"https:\/\/udruga-106br.hr\/?p=3524"},"modified":"2025-10-17T19:22:13","modified_gmt":"2025-10-17T17:22:13","slug":"poziv-medunarodni-sajam-sigurnosti-i-obrane-defcros-dana-5-i-6-rujna-2024-godine","status":"publish","type":"post","link":"https:\/\/udruga-106br.hr\/index.php\/poziv-medunarodni-sajam-sigurnosti-i-obrane-defcros-dana-5-i-6-rujna-2024-godine\/","title":{"rendered":"Poziv &#8211; Me\u0111unarodni sajam sigurnosti i obrane -DEFCROS dana 5. i 6. rujna 2024. godine"},"content":{"rendered":"\n<p>U Osijeku, u Gospodarskom centru OB\u017d-a odr\u017eava se Me\u0111unarodni sajam sigurnosti i obrane -DEFCROS dana 5. i 6. rujna 2024. godine.<\/p>\n\n\n\n<p>Sve\u010dano otvorenje sajma je danas 5. rujna 2024. godine u 10 sati.<\/p>\n\n\n\n<p>Slobodno do\u0111ite i posjetite sajam te saznajte vi\u0161e o najnovijim tehnologijama i rje\u0161enjima u podru\u010dju sigurnosti i obrane. Ne propustite priliku za umre\u017eavanje i u\u010denje od stru\u010dnjaka iz ovih podru\u010dja!<\/p>\n\n\n\n<p>Vidimo se! <\/p>\n\n\n\n<figure class=\"wp-block-image size-large\"><img loading=\"lazy\" decoding=\"async\" width=\"740\" height=\"1024\" src=\"https:\/\/udruga-106br.hr\/wp-content\/uploads\/2024\/09\/viber_slika_2024-09-04_20-35-01-700-740x1024.jpg\" alt=\"\" class=\"wp-image-3525\" srcset=\"https:\/\/udruga-106br.hr\/wp-content\/uploads\/2024\/09\/viber_slika_2024-09-04_20-35-01-700-740x1024.jpg 740w, https:\/\/udruga-106br.hr\/wp-content\/uploads\/2024\/09\/viber_slika_2024-09-04_20-35-01-700-217x300.jpg 217w, https:\/\/udruga-106br.hr\/wp-content\/uploads\/2024\/09\/viber_slika_2024-09-04_20-35-01-700-768x1063.jpg 768w, https:\/\/udruga-106br.hr\/wp-content\/uploads\/2024\/09\/viber_slika_2024-09-04_20-35-01-700-1110x1536.jpg 1110w, https:\/\/udruga-106br.hr\/wp-content\/uploads\/2024\/09\/viber_slika_2024-09-04_20-35-01-700.jpg 1156w\" sizes=\"auto, (max-width: 740px) 100vw, 740px\" \/><\/figure>\n<!-- AddThis Advanced Settings generic via filter on the_content --><!-- AddThis Share Buttons generic via filter on the_content -->","protected":false},"excerpt":{"rendered":"<p>U Osijeku, u Gospodarskom centru OB\u017d-a odr\u017eava se Me\u0111unarodni sajam sigurnosti i obrane -DEFCROS dana 5. i 6. rujna 2024. godine. Sve\u010dano otvorenje sajma je danas 5. rujna 2024. godine u 10 sati. Slobodno do\u0111ite i posjetite sajam te saznajte vi\u0161e o najnovijim tehnologijama i rje\u0161enjima u podru\u010dju sigurnosti i obrane. Ne propustite priliku za &hellip; <a href=\"https:\/\/udruga-106br.hr\/index.php\/poziv-medunarodni-sajam-sigurnosti-i-obrane-defcros-dana-5-i-6-rujna-2024-godine\/\" class=\"more-link\">Nastavi \u010ditati <span class=\"screen-reader-text\">Poziv &#8211; Me\u0111unarodni sajam sigurnosti i obrane -DEFCROS dana 5. i 6. rujna 2024. godine<\/span><\/a><!-- AddThis Advanced Settings generic via filter on get_the_excerpt --><!-- AddThis Share Buttons generic via filter on get_the_excerpt --><\/p>\n","protected":false},"author":1,"featured_media":0,"comment_status":"closed","ping_status":"closed","sticky":false,"template":"","format":"standard","meta":{"footnotes":""},"categories":[32],"tags":[],"class_list":["post-3524","post","type-post","status-publish","format-standard","hentry","category-iz-zivota-udruge"],"_links":{"self":[{"href":"https:\/\/udruga-106br.hr\/index.php\/wp-json\/wp\/v2\/posts\/3524","targetHints":{"allow":["GET"]}}],"collection":[{"href":"https:\/\/udruga-106br.hr\/index.php\/wp-json\/wp\/v2\/posts"}],"about":[{"href":"https:\/\/udruga-106br.hr\/index.php\/wp-json\/wp\/v2\/types\/post"}],"author":[{"embeddable":true,"href":"https:\/\/udruga-106br.hr\/index.php\/wp-json\/wp\/v2\/users\/1"}],"replies":[{"embeddable":true,"href":"https:\/\/udruga-106br.hr\/index.php\/wp-json\/wp\/v2\/comments?post=3524"}],"version-history":[{"count":1,"href":"https:\/\/udruga-106br.hr\/index.php\/wp-json\/wp\/v2\/posts\/3524\/revisions"}],"predecessor-version":[{"id":3526,"href":"https:\/\/udruga-106br.hr\/index.php\/wp-json\/wp\/v2\/posts\/3524\/revisions\/3526"}],"wp:attachment":[{"href":"https:\/\/udruga-106br.hr\/index.php\/wp-json\/wp\/v2\/media?parent=3524"}],"wp:term":[{"taxonomy":"category","embeddable":true,"href":"https:\/\/udruga-106br.hr\/index.php\/wp-json\/wp\/v2\/categories?post=3524"},{"taxonomy":"post_tag","embeddable":true,"href":"https:\/\/udruga-106br.hr\/index.php\/wp-json\/wp\/v2\/tags?post=3524"}],"curies":[{"name":"wp","href":"https:\/\/api.w.org\/{rel}","templated":true}]}}