{"id":3530,"date":"2024-10-02T13:51:16","date_gmt":"2024-10-02T11:51:16","guid":{"rendered":"https:\/\/udruga-106br.hr\/?p=3530"},"modified":"2025-10-17T19:22:13","modified_gmt":"2025-10-17T17:22:13","slug":"memorijalni-turnir-u-bocanju-u-spomen-na-heroje-domovinskog-rata","status":"publish","type":"post","link":"https:\/\/udruga-106br.hr\/index.php\/memorijalni-turnir-u-bocanju-u-spomen-na-heroje-domovinskog-rata\/","title":{"rendered":"6.-7.9.2024. Memorijalni turnir u bo\u0107anju &#8211; U spomen na heroje Domovinskog rata"},"content":{"rendered":"\n<p>Od 6. do 7. rujna na bo\u0107ali\u0161tu u Slakovcima odr\u017ean je turnir posve\u0107en na\u0161im poginulim braniteljima i civilnim \u017ertvama Domovinskog rata, uz zajedni\u010dki pozdrav: &#8220;Jednom branitelj, uvijek branitelj \u2013 za Hrvatsku!&#8221;.<\/p>\n\n\n\n<p>Sudjelovale su braniteljske udruge, obitelji i prijatelji, pa tako i na\u0161a ekipa iz Udruge veterana 106. brigade Osijek. Cilj turnira bio je zbli\u017eavanje branitelja, obitelji i svih gra\u0111ana uz sport, dru\u017eenje i zabavu.<\/p>\n\n\n\n<p>Program je po\u010deo polaganjem vijenaca i paljenjem svije\u0107a u \u010dast na\u0161ih heroja, a nakon sve\u010danog otvaranja, natjecatelji su pokazali svoje vje\u0161tine u bo\u0107anju.<\/p>\n\n\n\n<p>Nakon uzbudljivih natjecanja, uslijedila je sve\u010dana dodjela pehara, medalja i zahvalnica, dok je zajedni\u010dka ve\u010dera zaokru\u017eila ovu prekrasnu pri\u010du o zajedni\u0161tvu, sje\u0107anju i sportskom duhu.<\/p>\n\n\n\n<figure class=\"wp-block-gallery has-nested-images columns-default is-cropped wp-block-gallery-1 is-layout-flex wp-block-gallery-is-layout-flex\">\n<figure class=\"wp-block-image size-large\"><img loading=\"lazy\" decoding=\"async\" width=\"559\" height=\"761\" data-id=\"3533\" src=\"https:\/\/udruga-106br.hr\/wp-content\/uploads\/2024\/10\/6.-7.9.-2.png\" alt=\"\" class=\"wp-image-3533\" srcset=\"https:\/\/udruga-106br.hr\/wp-content\/uploads\/2024\/10\/6.-7.9.-2.png 559w, https:\/\/udruga-106br.hr\/wp-content\/uploads\/2024\/10\/6.-7.9.-2-220x300.png 220w\" sizes=\"auto, (max-width: 559px) 100vw, 559px\" \/><\/figure>\n\n\n\n<figure class=\"wp-block-image size-large\"><img loading=\"lazy\" decoding=\"async\" width=\"483\" height=\"750\" data-id=\"3535\" src=\"https:\/\/udruga-106br.hr\/wp-content\/uploads\/2024\/10\/6.-7.9.-3.png\" alt=\"\" class=\"wp-image-3535\" srcset=\"https:\/\/udruga-106br.hr\/wp-content\/uploads\/2024\/10\/6.-7.9.-3.png 483w, https:\/\/udruga-106br.hr\/wp-content\/uploads\/2024\/10\/6.-7.9.-3-193x300.png 193w\" sizes=\"auto, (max-width: 483px) 100vw, 483px\" \/><\/figure>\n\n\n\n<figure class=\"wp-block-image size-large\"><img loading=\"lazy\" decoding=\"async\" width=\"563\" height=\"750\" data-id=\"3534\" src=\"https:\/\/udruga-106br.hr\/wp-content\/uploads\/2024\/10\/6.-7.9.-4.png\" alt=\"\" class=\"wp-image-3534\" srcset=\"https:\/\/udruga-106br.hr\/wp-content\/uploads\/2024\/10\/6.-7.9.-4.png 563w, https:\/\/udruga-106br.hr\/wp-content\/uploads\/2024\/10\/6.-7.9.-4-225x300.png 225w\" sizes=\"auto, (max-width: 563px) 100vw, 563px\" \/><\/figure>\n<\/figure>\n\n\n\n<figure class=\"wp-block-image size-full\"><img loading=\"lazy\" decoding=\"async\" width=\"566\" height=\"755\" src=\"https:\/\/udruga-106br.hr\/wp-content\/uploads\/2024\/10\/6.-7.9.-5.png\" alt=\"\" class=\"wp-image-3540\" srcset=\"https:\/\/udruga-106br.hr\/wp-content\/uploads\/2024\/10\/6.-7.9.-5.png 566w, https:\/\/udruga-106br.hr\/wp-content\/uploads\/2024\/10\/6.-7.9.-5-225x300.png 225w\" sizes=\"auto, (max-width: 566px) 100vw, 566px\" \/><\/figure>\n<!-- AddThis Advanced Settings generic via filter on the_content --><!-- AddThis Share Buttons generic via filter on the_content -->","protected":false},"excerpt":{"rendered":"<p>Od 6. do 7. rujna na bo\u0107ali\u0161tu u Slakovcima odr\u017ean je turnir posve\u0107en na\u0161im poginulim braniteljima i civilnim \u017ertvama Domovinskog rata, uz zajedni\u010dki pozdrav: &#8220;Jednom branitelj, uvijek branitelj \u2013 za Hrvatsku!&#8221;. Sudjelovale su braniteljske udruge, obitelji i prijatelji, pa tako i na\u0161a ekipa iz Udruge veterana 106. brigade Osijek. Cilj turnira bio je zbli\u017eavanje branitelja, &hellip; <a href=\"https:\/\/udruga-106br.hr\/index.php\/memorijalni-turnir-u-bocanju-u-spomen-na-heroje-domovinskog-rata\/\" class=\"more-link\">Nastavi \u010ditati <span class=\"screen-reader-text\">6.-7.9.2024. Memorijalni turnir u bo\u0107anju &#8211; U spomen na heroje Domovinskog rata<\/span><\/a><!-- AddThis Advanced Settings generic via filter on get_the_excerpt --><!-- AddThis Share Buttons generic via filter on get_the_excerpt --><\/p>\n","protected":false},"author":1,"featured_media":0,"comment_status":"closed","ping_status":"closed","sticky":false,"template":"","format":"standard","meta":{"footnotes":""},"categories":[32],"tags":[],"class_list":["post-3530","post","type-post","status-publish","format-standard","hentry","category-iz-zivota-udruge"],"_links":{"self":[{"href":"https:\/\/udruga-106br.hr\/index.php\/wp-json\/wp\/v2\/posts\/3530","targetHints":{"allow":["GET"]}}],"collection":[{"href":"https:\/\/udruga-106br.hr\/index.php\/wp-json\/wp\/v2\/posts"}],"about":[{"href":"https:\/\/udruga-106br.hr\/index.php\/wp-json\/wp\/v2\/types\/post"}],"author":[{"embeddable":true,"href":"https:\/\/udruga-106br.hr\/index.php\/wp-json\/wp\/v2\/users\/1"}],"replies":[{"embeddable":true,"href":"https:\/\/udruga-106br.hr\/index.php\/wp-json\/wp\/v2\/comments?post=3530"}],"version-history":[{"count":3,"href":"https:\/\/udruga-106br.hr\/index.php\/wp-json\/wp\/v2\/posts\/3530\/revisions"}],"predecessor-version":[{"id":3541,"href":"https:\/\/udruga-106br.hr\/index.php\/wp-json\/wp\/v2\/posts\/3530\/revisions\/3541"}],"wp:attachment":[{"href":"https:\/\/udruga-106br.hr\/index.php\/wp-json\/wp\/v2\/media?parent=3530"}],"wp:term":[{"taxonomy":"category","embeddable":true,"href":"https:\/\/udruga-106br.hr\/index.php\/wp-json\/wp\/v2\/categories?post=3530"},{"taxonomy":"post_tag","embeddable":true,"href":"https:\/\/udruga-106br.hr\/index.php\/wp-json\/wp\/v2\/tags?post=3530"}],"curies":[{"name":"wp","href":"https:\/\/api.w.org\/{rel}","templated":true}]}}