{"id":3548,"date":"2024-10-02T14:00:56","date_gmt":"2024-10-02T12:00:56","guid":{"rendered":"https:\/\/udruga-106br.hr\/?p=3548"},"modified":"2025-10-17T19:22:13","modified_gmt":"2025-10-17T17:22:13","slug":"poziv-predstavljanje-knjige-svjedok-jednog-vremena-19-9-2024","status":"publish","type":"post","link":"https:\/\/udruga-106br.hr\/index.php\/poziv-predstavljanje-knjige-svjedok-jednog-vremena-19-9-2024\/","title":{"rendered":"Poziv &#8211; predstavljanje knjige Svjedok jednog vremena &#8211; 19.9.2024."},"content":{"rendered":"\n<p>Po\u0161tovani,<br>pozivamo Vas na predstavljanje knjige Svjedok jednog vremena. Predstavljanje knjige organizira Osje\u010dko-baranjska \u017eupanija i Institut dru\u0161tvenih znanosti Ivo Pilar \u2013 Podru\u010dni centar Osijek. Autor navedene knjige je general-bojnik Ilija Ile Vrlji\u0107, koji je bio aktivan sudionik Domovinskoga rata u Bosni i Hercegovini i Republici Hrvatskoj. Naro\u010dito se istakao, zajedno s generalom Slobodanom Praljkom, prigodom obrane Mostara, cjelokupne Hercegovine i ju\u017enih dijelova Republike Hrvatske. Knjiga je memoarskoga tipa, obiluje vrlo velikim brojem originalnih dokumenata i fotografija. Tijekom dosada\u0161njih predstavljanja izazvala je veliki interes braniteljske i cjelokupne populacije. Autor knjige, koju je izdao vlastitim sredstvima, podijelit \u0107e jedan dio knjiga zainteresiranim braniteljima.<\/p>\n\n\n\n<p>Predstavljanje knjige je 19. rujna s po\u010detkom u 18.00 sati u Skup\u0161tini Osje\u010dko-baranjske \u017eupanije, \u017dupanijska 4, prvi kat.<\/p>\n\n\n\n<p>Predstavlja\u010di knjige su:<\/p>\n\n\n\n<ul class=\"wp-block-list\"><li>prof. ddr. sc Miljenko Brekalo, uvodno<\/li><li>prof. dr. sc. Mate Bunti\u0107, govorit \u0107e o ideji pravednog rata i mira s posebnim osvrtom na sadr\u017eaj navedene knjige<\/li><li>general-bojnik Tihomir Bla\u0161ki\u0107, suborac generala Vrlji\u0107a, govorit \u0107e o konkretnim doga\u0111ajima i akterima koji su opisani u knjizi<\/li><li>general-bojnik Ilija Ile Vrlji\u0107, autor knjige.<\/li><\/ul>\n\n\n\n<figure class=\"wp-block-image size-full\"><img loading=\"lazy\" decoding=\"async\" width=\"926\" height=\"501\" src=\"https:\/\/udruga-106br.hr\/wp-content\/uploads\/2024\/10\/knjiga.png\" alt=\"\" class=\"wp-image-3549\" srcset=\"https:\/\/udruga-106br.hr\/wp-content\/uploads\/2024\/10\/knjiga.png 926w, https:\/\/udruga-106br.hr\/wp-content\/uploads\/2024\/10\/knjiga-300x162.png 300w, https:\/\/udruga-106br.hr\/wp-content\/uploads\/2024\/10\/knjiga-768x416.png 768w\" sizes=\"auto, (max-width: 926px) 100vw, 926px\" \/><\/figure>\n<!-- AddThis Advanced Settings generic via filter on the_content --><!-- AddThis Share Buttons generic via filter on the_content -->","protected":false},"excerpt":{"rendered":"<p>Po\u0161tovani,pozivamo Vas na predstavljanje knjige Svjedok jednog vremena. Predstavljanje knjige organizira Osje\u010dko-baranjska \u017eupanija i Institut dru\u0161tvenih znanosti Ivo Pilar \u2013 Podru\u010dni centar Osijek. Autor navedene knjige je general-bojnik Ilija Ile Vrlji\u0107, koji je bio aktivan sudionik Domovinskoga rata u Bosni i Hercegovini i Republici Hrvatskoj. Naro\u010dito se istakao, zajedno s generalom Slobodanom Praljkom, prigodom obrane &hellip; <a href=\"https:\/\/udruga-106br.hr\/index.php\/poziv-predstavljanje-knjige-svjedok-jednog-vremena-19-9-2024\/\" class=\"more-link\">Nastavi \u010ditati <span class=\"screen-reader-text\">Poziv &#8211; predstavljanje knjige Svjedok jednog vremena &#8211; 19.9.2024.<\/span><\/a><!-- AddThis Advanced Settings generic via filter on get_the_excerpt --><!-- AddThis Share Buttons generic via filter on get_the_excerpt --><\/p>\n","protected":false},"author":1,"featured_media":0,"comment_status":"closed","ping_status":"closed","sticky":false,"template":"","format":"standard","meta":{"footnotes":""},"categories":[32],"tags":[],"class_list":["post-3548","post","type-post","status-publish","format-standard","hentry","category-iz-zivota-udruge"],"_links":{"self":[{"href":"https:\/\/udruga-106br.hr\/index.php\/wp-json\/wp\/v2\/posts\/3548","targetHints":{"allow":["GET"]}}],"collection":[{"href":"https:\/\/udruga-106br.hr\/index.php\/wp-json\/wp\/v2\/posts"}],"about":[{"href":"https:\/\/udruga-106br.hr\/index.php\/wp-json\/wp\/v2\/types\/post"}],"author":[{"embeddable":true,"href":"https:\/\/udruga-106br.hr\/index.php\/wp-json\/wp\/v2\/users\/1"}],"replies":[{"embeddable":true,"href":"https:\/\/udruga-106br.hr\/index.php\/wp-json\/wp\/v2\/comments?post=3548"}],"version-history":[{"count":1,"href":"https:\/\/udruga-106br.hr\/index.php\/wp-json\/wp\/v2\/posts\/3548\/revisions"}],"predecessor-version":[{"id":3550,"href":"https:\/\/udruga-106br.hr\/index.php\/wp-json\/wp\/v2\/posts\/3548\/revisions\/3550"}],"wp:attachment":[{"href":"https:\/\/udruga-106br.hr\/index.php\/wp-json\/wp\/v2\/media?parent=3548"}],"wp:term":[{"taxonomy":"category","embeddable":true,"href":"https:\/\/udruga-106br.hr\/index.php\/wp-json\/wp\/v2\/categories?post=3548"},{"taxonomy":"post_tag","embeddable":true,"href":"https:\/\/udruga-106br.hr\/index.php\/wp-json\/wp\/v2\/tags?post=3548"}],"curies":[{"name":"wp","href":"https:\/\/api.w.org\/{rel}","templated":true}]}}