{"id":3551,"date":"2024-10-02T14:02:42","date_gmt":"2024-10-02T12:02:42","guid":{"rendered":"https:\/\/udruga-106br.hr\/?p=3551"},"modified":"2025-10-17T19:22:13","modified_gmt":"2025-10-17T17:22:13","slug":"cestitka-za-18-rujna-dan-hrvatske-ratne-mornarice-te-23-obljetnicu-njenog-osnivanja","status":"publish","type":"post","link":"https:\/\/udruga-106br.hr\/index.php\/cestitka-za-18-rujna-dan-hrvatske-ratne-mornarice-te-23-obljetnicu-njenog-osnivanja\/","title":{"rendered":"\u010cestitka za 18. rujna \u2013 Dan Hrvatske ratne mornarice te 23. obljetnicu njenog osnivanja"},"content":{"rendered":"\n<p>Po\u0161tovani mornari, do\u010dasnici, \u010dasnici, pripadnici Hrvatske ratne mornarice, srda\u010dno vam \u010destitamo 18. rujna \u2013 Dan Hrvatske ratne mornarice te 23. obljetnicu njenog osnivanja. Ova obljetnica prilika je da odamo po\u010dast va\u0161oj posve\u0107enosti, profesionalizmu i iznimnom doprinosu obrani i sigurnosti Republike Hrvatske.<br>Zahvaljujemo vam na kontinuiranom predanom radu, kao i svim veteranima Hrvatske ratne mornarice, \u010diji trud i \u017ertve ostaju neizbrisiv dio na\u0161e povijesti.<br>Neka vam ovaj dan bude ispunjen ponosom i priznanjem za sve \u0161to ste postigli!<\/p>\n\n\n\n<figure class=\"wp-block-image size-full\"><img loading=\"lazy\" decoding=\"async\" width=\"870\" height=\"600\" src=\"https:\/\/udruga-106br.hr\/wp-content\/uploads\/2024\/10\/HRM.jpg\" alt=\"\" class=\"wp-image-3552\" srcset=\"https:\/\/udruga-106br.hr\/wp-content\/uploads\/2024\/10\/HRM.jpg 870w, https:\/\/udruga-106br.hr\/wp-content\/uploads\/2024\/10\/HRM-300x207.jpg 300w, https:\/\/udruga-106br.hr\/wp-content\/uploads\/2024\/10\/HRM-768x530.jpg 768w\" sizes=\"auto, (max-width: 870px) 100vw, 870px\" \/><figcaption>U Splitu je 17. rujna 2020. godine odr\u017eano sve\u010dano obilje\u017eavanje 29. obljetnice Hrvatske ratne mornarice | Foto: MORH \/ T. Brandt<\/figcaption><\/figure>\n<!-- AddThis Advanced Settings generic via filter on the_content --><!-- AddThis Share Buttons generic via filter on the_content -->","protected":false},"excerpt":{"rendered":"<p>Po\u0161tovani mornari, do\u010dasnici, \u010dasnici, pripadnici Hrvatske ratne mornarice, srda\u010dno vam \u010destitamo 18. rujna \u2013 Dan Hrvatske ratne mornarice te 23. obljetnicu njenog osnivanja. Ova obljetnica prilika je da odamo po\u010dast va\u0161oj posve\u0107enosti, profesionalizmu i iznimnom doprinosu obrani i sigurnosti Republike Hrvatske.Zahvaljujemo vam na kontinuiranom predanom radu, kao i svim veteranima Hrvatske ratne mornarice, \u010diji trud &hellip; <a href=\"https:\/\/udruga-106br.hr\/index.php\/cestitka-za-18-rujna-dan-hrvatske-ratne-mornarice-te-23-obljetnicu-njenog-osnivanja\/\" class=\"more-link\">Nastavi \u010ditati <span class=\"screen-reader-text\">\u010cestitka za 18. rujna \u2013 Dan Hrvatske ratne mornarice te 23. obljetnicu njenog osnivanja<\/span><\/a><!-- AddThis Advanced Settings generic via filter on get_the_excerpt --><!-- AddThis Share Buttons generic via filter on get_the_excerpt --><\/p>\n","protected":false},"author":1,"featured_media":0,"comment_status":"closed","ping_status":"closed","sticky":false,"template":"","format":"standard","meta":{"footnotes":""},"categories":[32],"tags":[],"class_list":["post-3551","post","type-post","status-publish","format-standard","hentry","category-iz-zivota-udruge"],"_links":{"self":[{"href":"https:\/\/udruga-106br.hr\/index.php\/wp-json\/wp\/v2\/posts\/3551","targetHints":{"allow":["GET"]}}],"collection":[{"href":"https:\/\/udruga-106br.hr\/index.php\/wp-json\/wp\/v2\/posts"}],"about":[{"href":"https:\/\/udruga-106br.hr\/index.php\/wp-json\/wp\/v2\/types\/post"}],"author":[{"embeddable":true,"href":"https:\/\/udruga-106br.hr\/index.php\/wp-json\/wp\/v2\/users\/1"}],"replies":[{"embeddable":true,"href":"https:\/\/udruga-106br.hr\/index.php\/wp-json\/wp\/v2\/comments?post=3551"}],"version-history":[{"count":1,"href":"https:\/\/udruga-106br.hr\/index.php\/wp-json\/wp\/v2\/posts\/3551\/revisions"}],"predecessor-version":[{"id":3553,"href":"https:\/\/udruga-106br.hr\/index.php\/wp-json\/wp\/v2\/posts\/3551\/revisions\/3553"}],"wp:attachment":[{"href":"https:\/\/udruga-106br.hr\/index.php\/wp-json\/wp\/v2\/media?parent=3551"}],"wp:term":[{"taxonomy":"category","embeddable":true,"href":"https:\/\/udruga-106br.hr\/index.php\/wp-json\/wp\/v2\/categories?post=3551"},{"taxonomy":"post_tag","embeddable":true,"href":"https:\/\/udruga-106br.hr\/index.php\/wp-json\/wp\/v2\/tags?post=3551"}],"curies":[{"name":"wp","href":"https:\/\/api.w.org\/{rel}","templated":true}]}}