{"id":3554,"date":"2024-10-02T14:04:26","date_gmt":"2024-10-02T12:04:26","guid":{"rendered":"https:\/\/udruga-106br.hr\/?p=3554"},"modified":"2025-10-17T19:22:13","modified_gmt":"2025-10-17T17:22:13","slug":"17-9-2024-obiljezen-dan-osvajanja-vojarne-jna-milan-stanivukovic-ili-bijele-vojarne-u-osijeku","status":"publish","type":"post","link":"https:\/\/udruga-106br.hr\/index.php\/17-9-2024-obiljezen-dan-osvajanja-vojarne-jna-milan-stanivukovic-ili-bijele-vojarne-u-osijeku\/","title":{"rendered":"17.9.2024. Obilje\u017een Dan osvajanja vojarne JNA &#8220;Milan Stanivukovi\u0107&#8221; ili Bijele vojarne u Osijeku"},"content":{"rendered":"\n<p>U organizaciji Udruge veterana 106. brigade Osijek obilje\u017een je Dan osvajanja vojarne JNA &#8220;Milan Stanivukovi\u0107&#8221; ili Bijele vojarne u Osijeku 17. rujna 1991. godine. Kod spomen plo\u010de u dana\u0161njem Campusu polo\u017eeni su vijenci i zapaljene svije\u0107e, sje\u0107anje je to i na devet poginulih pripadnika ZNG-a, policije i vatrogasaca.<\/p>\n\n\n\n<p>Pregovori i osvajanje vojarne trajali su od 15. do 17. rujna 1991., manja skupina pripadnike JNA uspjela je pro\u0107i kroz hrvatske polo\u017eaje i krenuti prema Tenji, na tom putu stradali su civili. Vojarna je zauzeta 17. rujna u poslijepodnevnim satima, zaplijenjena je i ve\u0107a koli\u010dina oru\u017eja, predali su se vojnici JNA \u010dime je zavr\u0161ena bitka za vojarnu iz koje su raketirani civilni ciljevi, uni\u0161tavana gradska infrastruktura i stambene zgrade, ubijani civili, a postojala je i namjera JNA da osoblje bolnice uzmu kao taoce \u0161to je sprije\u010deno.<\/p>\n\n\n\n<p>U programu Radio Osijeka o tim su danima govorili predsjednik Udruge veterana 106. brigade Osijek Dubravko Panci\u0107 i predsjednik Udruge specijalne policije Orao Osijek Ilija Vidi\u0107 od kojeg smo doznali da \u0107e prema Gradskom vije\u0107u krenuti s inicijativom da se 17. rujna proglasi Danom osje\u010dkih branitelja umjesto 28. lipnja jer nakon 17. rujna 1991. u gradu vi\u0161e nije bilo neprijateljskih vojnika.<\/p>\n\n\n\n<p>(Tekst: Hrvatska radiotelevizija &#8211; Hrvatski radio &#8211; Radio Osijek: https:\/\/radio.hrt.hr\/radio-osijek\/vijesti\/obiljezena-33-obljetnica-osvajanja-bijele-vojarne-u-osijeku-11760481)<\/p>\n\n\n\n<figure class=\"wp-block-image size-full\"><img loading=\"lazy\" decoding=\"async\" width=\"808\" height=\"451\" src=\"https:\/\/udruga-106br.hr\/wp-content\/uploads\/2024\/10\/oslobadanje-vojarne.png\" alt=\"\" class=\"wp-image-3555\" srcset=\"https:\/\/udruga-106br.hr\/wp-content\/uploads\/2024\/10\/oslobadanje-vojarne.png 808w, https:\/\/udruga-106br.hr\/wp-content\/uploads\/2024\/10\/oslobadanje-vojarne-300x167.png 300w, https:\/\/udruga-106br.hr\/wp-content\/uploads\/2024\/10\/oslobadanje-vojarne-768x429.png 768w\" sizes=\"auto, (max-width: 808px) 100vw, 808px\" \/><\/figure>\n<!-- AddThis Advanced Settings generic via filter on the_content --><!-- AddThis Share Buttons generic via filter on the_content -->","protected":false},"excerpt":{"rendered":"<p>U organizaciji Udruge veterana 106. brigade Osijek obilje\u017een je Dan osvajanja vojarne JNA &#8220;Milan Stanivukovi\u0107&#8221; ili Bijele vojarne u Osijeku 17. rujna 1991. godine. Kod spomen plo\u010de u dana\u0161njem Campusu polo\u017eeni su vijenci i zapaljene svije\u0107e, sje\u0107anje je to i na devet poginulih pripadnika ZNG-a, policije i vatrogasaca. Pregovori i osvajanje vojarne trajali su od &hellip; <a href=\"https:\/\/udruga-106br.hr\/index.php\/17-9-2024-obiljezen-dan-osvajanja-vojarne-jna-milan-stanivukovic-ili-bijele-vojarne-u-osijeku\/\" class=\"more-link\">Nastavi \u010ditati <span class=\"screen-reader-text\">17.9.2024. Obilje\u017een Dan osvajanja vojarne JNA &#8220;Milan Stanivukovi\u0107&#8221; ili Bijele vojarne u Osijeku<\/span><\/a><!-- AddThis Advanced Settings generic via filter on get_the_excerpt --><!-- AddThis Share Buttons generic via filter on get_the_excerpt --><\/p>\n","protected":false},"author":1,"featured_media":0,"comment_status":"closed","ping_status":"closed","sticky":false,"template":"","format":"standard","meta":{"footnotes":""},"categories":[32],"tags":[],"class_list":["post-3554","post","type-post","status-publish","format-standard","hentry","category-iz-zivota-udruge"],"_links":{"self":[{"href":"https:\/\/udruga-106br.hr\/index.php\/wp-json\/wp\/v2\/posts\/3554","targetHints":{"allow":["GET"]}}],"collection":[{"href":"https:\/\/udruga-106br.hr\/index.php\/wp-json\/wp\/v2\/posts"}],"about":[{"href":"https:\/\/udruga-106br.hr\/index.php\/wp-json\/wp\/v2\/types\/post"}],"author":[{"embeddable":true,"href":"https:\/\/udruga-106br.hr\/index.php\/wp-json\/wp\/v2\/users\/1"}],"replies":[{"embeddable":true,"href":"https:\/\/udruga-106br.hr\/index.php\/wp-json\/wp\/v2\/comments?post=3554"}],"version-history":[{"count":1,"href":"https:\/\/udruga-106br.hr\/index.php\/wp-json\/wp\/v2\/posts\/3554\/revisions"}],"predecessor-version":[{"id":3556,"href":"https:\/\/udruga-106br.hr\/index.php\/wp-json\/wp\/v2\/posts\/3554\/revisions\/3556"}],"wp:attachment":[{"href":"https:\/\/udruga-106br.hr\/index.php\/wp-json\/wp\/v2\/media?parent=3554"}],"wp:term":[{"taxonomy":"category","embeddable":true,"href":"https:\/\/udruga-106br.hr\/index.php\/wp-json\/wp\/v2\/categories?post=3554"},{"taxonomy":"post_tag","embeddable":true,"href":"https:\/\/udruga-106br.hr\/index.php\/wp-json\/wp\/v2\/tags?post=3554"}],"curies":[{"name":"wp","href":"https:\/\/api.w.org\/{rel}","templated":true}]}}