{"id":3557,"date":"2024-10-02T14:19:48","date_gmt":"2024-10-02T12:19:48","guid":{"rendered":"https:\/\/udruga-106br.hr\/?p=3557"},"modified":"2025-10-17T19:22:13","modified_gmt":"2025-10-17T17:22:13","slug":"27-rujna-2024-obiljezena-142-godisnjica-pogibije-26-pripadnika-15-husarske-pukovnije-u-osijeku","status":"publish","type":"post","link":"https:\/\/udruga-106br.hr\/index.php\/27-rujna-2024-obiljezena-142-godisnjica-pogibije-26-pripadnika-15-husarske-pukovnije-u-osijeku\/","title":{"rendered":"27. rujna 2024. &#8211; obilje\u017eena 142. godi\u0161njica pogibije 26 pripadnika 15. husarske pukovnije u Osijeku"},"content":{"rendered":"\n<p>Na dan 27. rujna 2024. godine, obilje\u017eili smo 142. godi\u0161njicu pogibije 26 pripadnika 15. husarske pukovnije u Osijeku. U \u010dast ovog povijesnog doga\u0111aja, organizirana je komemoracija od strane Udruge veterana 106. brigade Osijek i Koordinacije udruga branitelja i stradalnika Domovinskog rata OB\u017d, uz potporu Osje\u010dko-baranjske \u017eupanije.<\/p>\n\n\n\n<p>Program je zapo\u010deo u 12 sati polaganjem vijenaca i paljenjem svije\u0107a na platou kapelice Kraljice mira, na Krunskoj utvrdi na lijevoj obali Drave, u znak sje\u0107anja na sve poginule i umrle branitelje Domovinskog rata. Na ovoj lokaciji, gdje su ispisana imena 1730 poginulih tijekom Domovinskog rata, nalazi se i velik broj pripadnika ma\u0111arske nacionalnosti, \u0161to dodatno nagla\u0161ava va\u017enost me\u0111usobnog po\u0161tivanja i odavanja po\u010dasti \u017ertvama.<br>Program se nastavio u 12.30 sati polaganjem vijenaca pred obeliskom na \u017eeljezni\u010dkoj stanici Dravski most, u spomen na pripadnike 15. husarske pukovnije koji su stradali u Osijeku kada je lokomotiva s nekoliko vagona potonula u Dravu pri \u010demu su se utopili. U 13 sati uslijedilo je prigodno dru\u017eenje uz domjenak i okrjepu u Studentskom restoranu Campusa, gdje su okupljeni nastavili razgovor o va\u017enosti ovog obilje\u017eavanja.<\/p>\n\n\n\n<p>Doga\u0111aju su prisustvovali brojni ugledni gosti, me\u0111u kojima predstavnici Generalnog konzulata Republike Ma\u0111arske u Osijeku, predvo\u0111eni dr. Zolt\u00e1nom Cs\u00e1sz\u00e1rom, brigadir L\u00e1szl\u00f3 Szendr\u00f6i, vojni i zrakoplovni izaslanik obrane veleposlanstva Ma\u0111arske, te dva husara iz Pe\u010duha, \u010dlanovi udruge husara, a nazo\u010dni su bili i predstavnici Ministarstva obrane -g. Dalibor Baj\u010di, Podru\u010dni odjel za poslove obrane Osijek i Ministarstva branitelja -g\u0111a Sanja Ivkovi\u0107, voditeljica Podru\u010dnog odjela Osijek. Posjetila nas je i televizijska ekipa iz Budimpe\u0161te, koja je u sklopu svog posjeta Gospodarskom centru pokazala interes za ovaj doga\u0111aj.<\/p>\n\n\n\n<p>Zadovoljstvo su izrazili svi prisutni, zahvalni na trudu i kontinuiranom obilje\u017eavanju ovog tragi\u010dnog doga\u0111aja Udruzi veterana 106. brigade Osijek te KUBIS OB\u017d-u na dugogodi\u0161njem o\u010duvanju sje\u0107anja na ovaj povijesni doga\u0111aj. Uz poruku da \u0107e se s ovakvim aktivnostima nastaviti i u budu\u0107nosti, okupljeni su izrazili nadu da \u0107e se idu\u0107e godine okupiti u jo\u0161 ve\u0107em broju.<\/p>\n\n\n\n<figure class=\"wp-block-gallery has-nested-images columns-default is-cropped wp-block-gallery-1 is-layout-flex wp-block-gallery-is-layout-flex\">\n<figure class=\"wp-block-image size-large\"><img loading=\"lazy\" decoding=\"async\" width=\"661\" height=\"774\" data-id=\"3558\" src=\"https:\/\/udruga-106br.hr\/wp-content\/uploads\/2024\/10\/27.9.-1.png\" alt=\"\" class=\"wp-image-3558\" srcset=\"https:\/\/udruga-106br.hr\/wp-content\/uploads\/2024\/10\/27.9.-1.png 661w, https:\/\/udruga-106br.hr\/wp-content\/uploads\/2024\/10\/27.9.-1-256x300.png 256w\" sizes=\"auto, (max-width: 661px) 100vw, 661px\" \/><\/figure>\n\n\n\n<figure class=\"wp-block-image size-large\"><img loading=\"lazy\" decoding=\"async\" width=\"651\" height=\"872\" data-id=\"3559\" src=\"https:\/\/udruga-106br.hr\/wp-content\/uploads\/2024\/10\/27.9.-3.png\" alt=\"\" class=\"wp-image-3559\" srcset=\"https:\/\/udruga-106br.hr\/wp-content\/uploads\/2024\/10\/27.9.-3.png 651w, https:\/\/udruga-106br.hr\/wp-content\/uploads\/2024\/10\/27.9.-3-224x300.png 224w\" sizes=\"auto, (max-width: 651px) 100vw, 651px\" \/><\/figure>\n\n\n\n<figure class=\"wp-block-image size-large\"><img loading=\"lazy\" decoding=\"async\" width=\"663\" height=\"890\" data-id=\"3560\" src=\"https:\/\/udruga-106br.hr\/wp-content\/uploads\/2024\/10\/27.9.-4.png\" alt=\"\" class=\"wp-image-3560\" srcset=\"https:\/\/udruga-106br.hr\/wp-content\/uploads\/2024\/10\/27.9.-4.png 663w, https:\/\/udruga-106br.hr\/wp-content\/uploads\/2024\/10\/27.9.-4-223x300.png 223w\" sizes=\"auto, (max-width: 663px) 100vw, 663px\" \/><\/figure>\n\n\n\n<figure class=\"wp-block-image size-large\"><img loading=\"lazy\" decoding=\"async\" width=\"572\" height=\"788\" data-id=\"3564\" src=\"https:\/\/udruga-106br.hr\/wp-content\/uploads\/2024\/10\/27.9..png\" alt=\"\" class=\"wp-image-3564\" srcset=\"https:\/\/udruga-106br.hr\/wp-content\/uploads\/2024\/10\/27.9..png 572w, https:\/\/udruga-106br.hr\/wp-content\/uploads\/2024\/10\/27.9.-218x300.png 218w\" sizes=\"auto, (max-width: 572px) 100vw, 572px\" \/><\/figure>\n<\/figure>\n\n\n\n<figure class=\"wp-block-image size-large\"><img loading=\"lazy\" decoding=\"async\" width=\"1024\" height=\"761\" src=\"https:\/\/udruga-106br.hr\/wp-content\/uploads\/2024\/10\/27.9.-6-1-1024x761.png\" alt=\"\" class=\"wp-image-3565\" srcset=\"https:\/\/udruga-106br.hr\/wp-content\/uploads\/2024\/10\/27.9.-6-1-1024x761.png 1024w, https:\/\/udruga-106br.hr\/wp-content\/uploads\/2024\/10\/27.9.-6-1-300x223.png 300w, https:\/\/udruga-106br.hr\/wp-content\/uploads\/2024\/10\/27.9.-6-1-768x571.png 768w, https:\/\/udruga-106br.hr\/wp-content\/uploads\/2024\/10\/27.9.-6-1.png 1184w\" sizes=\"auto, (max-width: 1024px) 100vw, 1024px\" \/><\/figure>\n\n\n\n<figure class=\"wp-block-image size-large\"><img loading=\"lazy\" decoding=\"async\" width=\"1024\" height=\"791\" src=\"https:\/\/udruga-106br.hr\/wp-content\/uploads\/2024\/10\/27.9.-2-1-1024x791.png\" alt=\"\" class=\"wp-image-3566\" srcset=\"https:\/\/udruga-106br.hr\/wp-content\/uploads\/2024\/10\/27.9.-2-1-1024x791.png 1024w, https:\/\/udruga-106br.hr\/wp-content\/uploads\/2024\/10\/27.9.-2-1-300x232.png 300w, https:\/\/udruga-106br.hr\/wp-content\/uploads\/2024\/10\/27.9.-2-1-768x593.png 768w, https:\/\/udruga-106br.hr\/wp-content\/uploads\/2024\/10\/27.9.-2-1.png 1099w\" sizes=\"auto, (max-width: 1024px) 100vw, 1024px\" \/><\/figure>\n\n\n\n<figure class=\"wp-block-image size-large\"><img loading=\"lazy\" decoding=\"async\" width=\"1024\" height=\"781\" src=\"https:\/\/udruga-106br.hr\/wp-content\/uploads\/2024\/10\/27.9.-5-1-1024x781.png\" alt=\"\" class=\"wp-image-3567\" srcset=\"https:\/\/udruga-106br.hr\/wp-content\/uploads\/2024\/10\/27.9.-5-1-1024x781.png 1024w, https:\/\/udruga-106br.hr\/wp-content\/uploads\/2024\/10\/27.9.-5-1-300x229.png 300w, https:\/\/udruga-106br.hr\/wp-content\/uploads\/2024\/10\/27.9.-5-1-768x586.png 768w, https:\/\/udruga-106br.hr\/wp-content\/uploads\/2024\/10\/27.9.-5-1.png 1131w\" sizes=\"auto, (max-width: 1024px) 100vw, 1024px\" \/><\/figure>\n<!-- AddThis Advanced Settings generic via filter on the_content --><!-- AddThis Share Buttons generic via filter on the_content -->","protected":false},"excerpt":{"rendered":"<p>Na dan 27. rujna 2024. godine, obilje\u017eili smo 142. godi\u0161njicu pogibije 26 pripadnika 15. husarske pukovnije u Osijeku. U \u010dast ovog povijesnog doga\u0111aja, organizirana je komemoracija od strane Udruge veterana 106. brigade Osijek i Koordinacije udruga branitelja i stradalnika Domovinskog rata OB\u017d, uz potporu Osje\u010dko-baranjske \u017eupanije. Program je zapo\u010deo u 12 sati polaganjem vijenaca i &hellip; <a href=\"https:\/\/udruga-106br.hr\/index.php\/27-rujna-2024-obiljezena-142-godisnjica-pogibije-26-pripadnika-15-husarske-pukovnije-u-osijeku\/\" class=\"more-link\">Nastavi \u010ditati <span class=\"screen-reader-text\">27. rujna 2024. &#8211; obilje\u017eena 142. godi\u0161njica pogibije 26 pripadnika 15. husarske pukovnije u Osijeku<\/span><\/a><!-- AddThis Advanced Settings generic via filter on get_the_excerpt --><!-- AddThis Share Buttons generic via filter on get_the_excerpt --><\/p>\n","protected":false},"author":1,"featured_media":0,"comment_status":"closed","ping_status":"closed","sticky":false,"template":"","format":"standard","meta":{"footnotes":""},"categories":[32],"tags":[],"class_list":["post-3557","post","type-post","status-publish","format-standard","hentry","category-iz-zivota-udruge"],"_links":{"self":[{"href":"https:\/\/udruga-106br.hr\/index.php\/wp-json\/wp\/v2\/posts\/3557","targetHints":{"allow":["GET"]}}],"collection":[{"href":"https:\/\/udruga-106br.hr\/index.php\/wp-json\/wp\/v2\/posts"}],"about":[{"href":"https:\/\/udruga-106br.hr\/index.php\/wp-json\/wp\/v2\/types\/post"}],"author":[{"embeddable":true,"href":"https:\/\/udruga-106br.hr\/index.php\/wp-json\/wp\/v2\/users\/1"}],"replies":[{"embeddable":true,"href":"https:\/\/udruga-106br.hr\/index.php\/wp-json\/wp\/v2\/comments?post=3557"}],"version-history":[{"count":1,"href":"https:\/\/udruga-106br.hr\/index.php\/wp-json\/wp\/v2\/posts\/3557\/revisions"}],"predecessor-version":[{"id":3568,"href":"https:\/\/udruga-106br.hr\/index.php\/wp-json\/wp\/v2\/posts\/3557\/revisions\/3568"}],"wp:attachment":[{"href":"https:\/\/udruga-106br.hr\/index.php\/wp-json\/wp\/v2\/media?parent=3557"}],"wp:term":[{"taxonomy":"category","embeddable":true,"href":"https:\/\/udruga-106br.hr\/index.php\/wp-json\/wp\/v2\/categories?post=3557"},{"taxonomy":"post_tag","embeddable":true,"href":"https:\/\/udruga-106br.hr\/index.php\/wp-json\/wp\/v2\/tags?post=3557"}],"curies":[{"name":"wp","href":"https:\/\/api.w.org\/{rel}","templated":true}]}}