{"id":3569,"date":"2024-10-02T14:25:20","date_gmt":"2024-10-02T12:25:20","guid":{"rendered":"https:\/\/udruga-106br.hr\/?p=3569"},"modified":"2025-10-17T19:22:13","modified_gmt":"2025-10-17T17:22:13","slug":"poziv-obiljezavanje-33-godisnjice-okupacije-orlovnjaka-6-10-2024","status":"publish","type":"post","link":"https:\/\/udruga-106br.hr\/index.php\/poziv-obiljezavanje-33-godisnjice-okupacije-orlovnjaka-6-10-2024\/","title":{"rendered":"Poziv &#8211; obilje\u017eavanje 33. godi\u0161njice okupacije Orlovnjaka &#8211; 6.10.2024."},"content":{"rendered":"\n<p>U okviru obilje\u017eavanja 33. godi\u0161njice okupacije Orlovnjaka 6.10.2024. godine pozivamo Vas da polaganjem vijenaca, paljenjem svije\u0107a i molitvom za poginule i nestale hrvatske branitelje ispred spomen obilje\u017eja Bijeli kri\u017e na Orlovnjaku s dostojanstvom sjetimo njihove \u017ertve i odamo im po\u010dast.<\/p>\n\n\n\n<p>Poziv se nalazi u prilogu ove objave.<\/p>\n\n\n\n<figure class=\"wp-block-image size-large\"><img loading=\"lazy\" decoding=\"async\" width=\"794\" height=\"1024\" src=\"https:\/\/udruga-106br.hr\/wp-content\/uploads\/2024\/10\/poziv-6.10.-794x1024.jpg\" alt=\"\" class=\"wp-image-3570\" srcset=\"https:\/\/udruga-106br.hr\/wp-content\/uploads\/2024\/10\/poziv-6.10.-794x1024.jpg 794w, https:\/\/udruga-106br.hr\/wp-content\/uploads\/2024\/10\/poziv-6.10.-233x300.jpg 233w, https:\/\/udruga-106br.hr\/wp-content\/uploads\/2024\/10\/poziv-6.10.-768x991.jpg 768w, https:\/\/udruga-106br.hr\/wp-content\/uploads\/2024\/10\/poziv-6.10..jpg 1080w\" sizes=\"auto, (max-width: 794px) 100vw, 794px\" \/><\/figure>\n<!-- AddThis Advanced Settings generic via filter on the_content --><!-- AddThis Share Buttons generic via filter on the_content -->","protected":false},"excerpt":{"rendered":"<p>U okviru obilje\u017eavanja 33. godi\u0161njice okupacije Orlovnjaka 6.10.2024. godine pozivamo Vas da polaganjem vijenaca, paljenjem svije\u0107a i molitvom za poginule i nestale hrvatske branitelje ispred spomen obilje\u017eja Bijeli kri\u017e na Orlovnjaku s dostojanstvom sjetimo njihove \u017ertve i odamo im po\u010dast. Poziv se nalazi u prilogu ove objave.<!-- AddThis Advanced Settings generic via filter on get_the_excerpt --><!-- AddThis Share Buttons generic via filter on get_the_excerpt --><\/p>\n","protected":false},"author":1,"featured_media":0,"comment_status":"closed","ping_status":"closed","sticky":false,"template":"","format":"standard","meta":{"footnotes":""},"categories":[32],"tags":[],"class_list":["post-3569","post","type-post","status-publish","format-standard","hentry","category-iz-zivota-udruge"],"_links":{"self":[{"href":"https:\/\/udruga-106br.hr\/index.php\/wp-json\/wp\/v2\/posts\/3569","targetHints":{"allow":["GET"]}}],"collection":[{"href":"https:\/\/udruga-106br.hr\/index.php\/wp-json\/wp\/v2\/posts"}],"about":[{"href":"https:\/\/udruga-106br.hr\/index.php\/wp-json\/wp\/v2\/types\/post"}],"author":[{"embeddable":true,"href":"https:\/\/udruga-106br.hr\/index.php\/wp-json\/wp\/v2\/users\/1"}],"replies":[{"embeddable":true,"href":"https:\/\/udruga-106br.hr\/index.php\/wp-json\/wp\/v2\/comments?post=3569"}],"version-history":[{"count":1,"href":"https:\/\/udruga-106br.hr\/index.php\/wp-json\/wp\/v2\/posts\/3569\/revisions"}],"predecessor-version":[{"id":3571,"href":"https:\/\/udruga-106br.hr\/index.php\/wp-json\/wp\/v2\/posts\/3569\/revisions\/3571"}],"wp:attachment":[{"href":"https:\/\/udruga-106br.hr\/index.php\/wp-json\/wp\/v2\/media?parent=3569"}],"wp:term":[{"taxonomy":"category","embeddable":true,"href":"https:\/\/udruga-106br.hr\/index.php\/wp-json\/wp\/v2\/categories?post=3569"},{"taxonomy":"post_tag","embeddable":true,"href":"https:\/\/udruga-106br.hr\/index.php\/wp-json\/wp\/v2\/tags?post=3569"}],"curies":[{"name":"wp","href":"https:\/\/api.w.org\/{rel}","templated":true}]}}