{"id":3572,"date":"2024-10-07T16:57:14","date_gmt":"2024-10-07T14:57:14","guid":{"rendered":"https:\/\/udruga-106br.hr\/?p=3572"},"modified":"2025-10-17T19:22:13","modified_gmt":"2025-10-17T17:22:13","slug":"6-10-2024-32-hodocasce-katolickih-vjernika-pripadnika-oruzanih-snaga-i-redarstvenih-sluzbi-u-hrvatskom-nacionalnom-svetistu-majke-bozje-bistricke-u-mariji-bistrici","status":"publish","type":"post","link":"https:\/\/udruga-106br.hr\/index.php\/6-10-2024-32-hodocasce-katolickih-vjernika-pripadnika-oruzanih-snaga-i-redarstvenih-sluzbi-u-hrvatskom-nacionalnom-svetistu-majke-bozje-bistricke-u-mariji-bistrici\/","title":{"rendered":"6.10.2024. &#8211; 32. hodo\u010da\u0161\u0107e katoli\u010dkih vjernika, pripadnika oru\u017eanih snaga i redarstvenih slu\u017ebi u Hrvatskom nacionalnom sveti\u0161tu Majke Bo\u017eje Bistri\u010dke u Mariji Bistrici"},"content":{"rendered":"\n<p>U nedjelju, 6. listopada 2024. godine, s ponosom smo sudjelovali na 32. hodo\u010da\u0161\u0107u katoli\u010dkih vjernika, pripadnika oru\u017eanih snaga i redarstvenih slu\u017ebi u Hrvatskom nacionalnom sveti\u0161tu Majke Bo\u017eje Bistri\u010dke u Mariji Bistrici.<\/p>\n\n\n\n<p>Na ovom sve\u010danom okupljanju okupili su se pripadnici Hrvatske vojske i policije, hrvatski branitelji i njihove obitelji, pripadnici povijesnih postrojbi, djelatnici Ministarstva pravosu\u0111a, Ravnateljstva civilne za\u0161tite, predstavnici ratnih vojnih invalida Domovinskog rata, aktivni i umirovljeni generali te \u010dlanovi obitelji poginulih i nestalih hrvatskih branitelja.<\/p>\n\n\n\n<p>Program hodo\u010da\u0161\u0107a zapo\u010deo je s pobo\u017eno\u0161\u0107u kri\u017enog puta, a vrhunac je bilo euharistijsko slavlje koje je predvodio vojni ordinarij u RH, mons. Jure Bogdan, u crkvi na otvorenom bl. Alojzija Stepinca u 10 sati. <\/p>\n\n\n\n<p>Posebnu \u010dast imali su i \u010dlanovi na\u0161e Udruge veterana 106. brigade Osijek, koji su svojom prisutno\u0161\u0107u doprinijeli dostojanstvu i zajedni\u0161tvu ovog posebnog dana. <\/p>\n\n\n\n<p>Ovakva okupljanja podsje\u0107aju nas na snagu zajedni\u0161tva, vrijednosti \u017ertve i solidarnosti, te na trajnu povezanost svih koji su dali doprinos obrani domovine. Hvala svima koji su sudjelovali i u\u010dinili ovaj dan posebnim! <\/p>\n\n\n\n<figure class=\"wp-block-gallery has-nested-images columns-default is-cropped wp-block-gallery-1 is-layout-flex wp-block-gallery-is-layout-flex\">\n<figure class=\"wp-block-image size-large\"><img loading=\"lazy\" decoding=\"async\" width=\"592\" height=\"774\" data-id=\"3575\" src=\"https:\/\/udruga-106br.hr\/wp-content\/uploads\/2024\/10\/6.10.-1.png\" alt=\"\" class=\"wp-image-3575\" srcset=\"https:\/\/udruga-106br.hr\/wp-content\/uploads\/2024\/10\/6.10.-1.png 592w, https:\/\/udruga-106br.hr\/wp-content\/uploads\/2024\/10\/6.10.-1-229x300.png 229w\" sizes=\"auto, (max-width: 592px) 100vw, 592px\" \/><\/figure>\n\n\n\n<figure class=\"wp-block-image size-large\"><img loading=\"lazy\" decoding=\"async\" width=\"556\" height=\"758\" data-id=\"3573\" src=\"https:\/\/udruga-106br.hr\/wp-content\/uploads\/2024\/10\/6.10.-2.png\" alt=\"\" class=\"wp-image-3573\" srcset=\"https:\/\/udruga-106br.hr\/wp-content\/uploads\/2024\/10\/6.10.-2.png 556w, https:\/\/udruga-106br.hr\/wp-content\/uploads\/2024\/10\/6.10.-2-220x300.png 220w\" sizes=\"auto, (max-width: 556px) 100vw, 556px\" \/><\/figure>\n\n\n\n<figure class=\"wp-block-image size-large\"><img loading=\"lazy\" decoding=\"async\" width=\"586\" height=\"768\" data-id=\"3574\" src=\"https:\/\/udruga-106br.hr\/wp-content\/uploads\/2024\/10\/6.10..png\" alt=\"\" class=\"wp-image-3574\" srcset=\"https:\/\/udruga-106br.hr\/wp-content\/uploads\/2024\/10\/6.10..png 586w, https:\/\/udruga-106br.hr\/wp-content\/uploads\/2024\/10\/6.10.-229x300.png 229w\" sizes=\"auto, (max-width: 586px) 100vw, 586px\" \/><\/figure>\n<\/figure>\n<!-- AddThis Advanced Settings generic via filter on the_content --><!-- AddThis Share Buttons generic via filter on the_content -->","protected":false},"excerpt":{"rendered":"<p>U nedjelju, 6. listopada 2024. godine, s ponosom smo sudjelovali na 32. hodo\u010da\u0161\u0107u katoli\u010dkih vjernika, pripadnika oru\u017eanih snaga i redarstvenih slu\u017ebi u Hrvatskom nacionalnom sveti\u0161tu Majke Bo\u017eje Bistri\u010dke u Mariji Bistrici. Na ovom sve\u010danom okupljanju okupili su se pripadnici Hrvatske vojske i policije, hrvatski branitelji i njihove obitelji, pripadnici povijesnih postrojbi, djelatnici Ministarstva pravosu\u0111a, Ravnateljstva &hellip; <a href=\"https:\/\/udruga-106br.hr\/index.php\/6-10-2024-32-hodocasce-katolickih-vjernika-pripadnika-oruzanih-snaga-i-redarstvenih-sluzbi-u-hrvatskom-nacionalnom-svetistu-majke-bozje-bistricke-u-mariji-bistrici\/\" class=\"more-link\">Nastavi \u010ditati <span class=\"screen-reader-text\">6.10.2024. &#8211; 32. hodo\u010da\u0161\u0107e katoli\u010dkih vjernika, pripadnika oru\u017eanih snaga i redarstvenih slu\u017ebi u Hrvatskom nacionalnom sveti\u0161tu Majke Bo\u017eje Bistri\u010dke u Mariji Bistrici<\/span><\/a><!-- AddThis Advanced Settings generic via filter on get_the_excerpt --><!-- AddThis Share Buttons generic via filter on get_the_excerpt --><\/p>\n","protected":false},"author":1,"featured_media":0,"comment_status":"closed","ping_status":"closed","sticky":false,"template":"","format":"standard","meta":{"footnotes":""},"categories":[32],"tags":[],"class_list":["post-3572","post","type-post","status-publish","format-standard","hentry","category-iz-zivota-udruge"],"_links":{"self":[{"href":"https:\/\/udruga-106br.hr\/index.php\/wp-json\/wp\/v2\/posts\/3572","targetHints":{"allow":["GET"]}}],"collection":[{"href":"https:\/\/udruga-106br.hr\/index.php\/wp-json\/wp\/v2\/posts"}],"about":[{"href":"https:\/\/udruga-106br.hr\/index.php\/wp-json\/wp\/v2\/types\/post"}],"author":[{"embeddable":true,"href":"https:\/\/udruga-106br.hr\/index.php\/wp-json\/wp\/v2\/users\/1"}],"replies":[{"embeddable":true,"href":"https:\/\/udruga-106br.hr\/index.php\/wp-json\/wp\/v2\/comments?post=3572"}],"version-history":[{"count":1,"href":"https:\/\/udruga-106br.hr\/index.php\/wp-json\/wp\/v2\/posts\/3572\/revisions"}],"predecessor-version":[{"id":3576,"href":"https:\/\/udruga-106br.hr\/index.php\/wp-json\/wp\/v2\/posts\/3572\/revisions\/3576"}],"wp:attachment":[{"href":"https:\/\/udruga-106br.hr\/index.php\/wp-json\/wp\/v2\/media?parent=3572"}],"wp:term":[{"taxonomy":"category","embeddable":true,"href":"https:\/\/udruga-106br.hr\/index.php\/wp-json\/wp\/v2\/categories?post=3572"},{"taxonomy":"post_tag","embeddable":true,"href":"https:\/\/udruga-106br.hr\/index.php\/wp-json\/wp\/v2\/tags?post=3572"}],"curies":[{"name":"wp","href":"https:\/\/api.w.org\/{rel}","templated":true}]}}