{"id":3577,"date":"2024-10-12T23:19:38","date_gmt":"2024-10-12T21:19:38","guid":{"rendered":"https:\/\/udruga-106br.hr\/?p=3577"},"modified":"2025-10-17T19:22:13","modified_gmt":"2025-10-17T17:22:13","slug":"posljednji-pozdrav-fra-anti-kukavici-hvala-za-sve","status":"publish","type":"post","link":"https:\/\/udruga-106br.hr\/index.php\/posljednji-pozdrav-fra-anti-kukavici-hvala-za-sve\/","title":{"rendered":"Posljednji pozdrav fra Anti Kukavici: Hvala za sve!"},"content":{"rendered":"\n<p>Ovim putem opra\u0161tamo se od na\u0161eg dragog fra Ante Kukavice, \u010dovjeka \u010dije srce i du\u0161a ostaju trajno utkane u Osijek i \u017eivote svih nas Osje\u010dana. Fra Ante, ro\u0111en 8. sije\u010dnja 1948. u Vinjanima Gornjim, do\u0161ao je u Osijek 1989. godine kao voditelj Centra za promicanje \u0161tovanja sv. Leopolda. No, ubrzo je postao puno vi\u0161e od toga \u2013 postao je svjetlo u najtamnijim trenucima na\u0161e povijesti.<\/p>\n\n\n\n<p>Tijekom Domovinskog rata, fra Ante je uz odobrenje svojih poglavara dragovoljno stupio u Hrvatsku vojsku, gdje je od 1991. do 1992. godine neustra\u0161ivo stajao uz na\u0161e branitelje na prvim crtama boji\u0161nice. Njegova duhovna snaga i nepokolebljiva podr\u0161ka pru\u017eali su prijeko potrebnu utjehu onima koji su branili na\u0161 grad i domovinu. Fra Ante nije samo bio sve\u0107enik, bio je brat, prijatelj, rame za plakanje i glas nade u te\u0161kim trenucima.<\/p>\n\n\n\n<p>Nakon rata, njegova ljubav prema Osijeku nikad nije izblijedjela. Iako su ga \u017eivotni putevi vodili u druge krajeve, uvijek se vra\u0107ao, ostavljaju\u0107i neizbrisiv trag gdje god je bio. Njegova slu\u017eba, predanost i dobrota nikad ne\u0107e biti zaboravljeni.<\/p>\n\n\n\n<p>Hvala ti, fra Ante, za tvoje nesebi\u010dno srce, za svaki trenutak podr\u0161ke i za sve molitve koje si izgovorio za nas. Osijek te ne\u0107e zaboraviti. Po\u010divaj u miru.<\/p>\n\n\n\n<figure class=\"wp-block-image size-large\"><img loading=\"lazy\" decoding=\"async\" width=\"1024\" height=\"607\" src=\"https:\/\/udruga-106br.hr\/wp-content\/uploads\/2024\/10\/fra-Ante-Kukavica-1024x607.png\" alt=\"\" class=\"wp-image-3578\" srcset=\"https:\/\/udruga-106br.hr\/wp-content\/uploads\/2024\/10\/fra-Ante-Kukavica-1024x607.png 1024w, https:\/\/udruga-106br.hr\/wp-content\/uploads\/2024\/10\/fra-Ante-Kukavica-300x178.png 300w, https:\/\/udruga-106br.hr\/wp-content\/uploads\/2024\/10\/fra-Ante-Kukavica-768x455.png 768w, https:\/\/udruga-106br.hr\/wp-content\/uploads\/2024\/10\/fra-Ante-Kukavica.png 1080w\" sizes=\"auto, (max-width: 1024px) 100vw, 1024px\" \/><\/figure>\n<!-- AddThis Advanced Settings generic via filter on the_content --><!-- AddThis Share Buttons generic via filter on the_content -->","protected":false},"excerpt":{"rendered":"<p>Ovim putem opra\u0161tamo se od na\u0161eg dragog fra Ante Kukavice, \u010dovjeka \u010dije srce i du\u0161a ostaju trajno utkane u Osijek i \u017eivote svih nas Osje\u010dana. Fra Ante, ro\u0111en 8. sije\u010dnja 1948. u Vinjanima Gornjim, do\u0161ao je u Osijek 1989. godine kao voditelj Centra za promicanje \u0161tovanja sv. Leopolda. No, ubrzo je postao puno vi\u0161e od &hellip; <a href=\"https:\/\/udruga-106br.hr\/index.php\/posljednji-pozdrav-fra-anti-kukavici-hvala-za-sve\/\" class=\"more-link\">Nastavi \u010ditati <span class=\"screen-reader-text\">Posljednji pozdrav fra Anti Kukavici: Hvala za sve!<\/span><\/a><!-- AddThis Advanced Settings generic via filter on get_the_excerpt --><!-- AddThis Share Buttons generic via filter on get_the_excerpt --><\/p>\n","protected":false},"author":1,"featured_media":0,"comment_status":"closed","ping_status":"closed","sticky":false,"template":"","format":"standard","meta":{"footnotes":""},"categories":[32],"tags":[],"class_list":["post-3577","post","type-post","status-publish","format-standard","hentry","category-iz-zivota-udruge"],"_links":{"self":[{"href":"https:\/\/udruga-106br.hr\/index.php\/wp-json\/wp\/v2\/posts\/3577","targetHints":{"allow":["GET"]}}],"collection":[{"href":"https:\/\/udruga-106br.hr\/index.php\/wp-json\/wp\/v2\/posts"}],"about":[{"href":"https:\/\/udruga-106br.hr\/index.php\/wp-json\/wp\/v2\/types\/post"}],"author":[{"embeddable":true,"href":"https:\/\/udruga-106br.hr\/index.php\/wp-json\/wp\/v2\/users\/1"}],"replies":[{"embeddable":true,"href":"https:\/\/udruga-106br.hr\/index.php\/wp-json\/wp\/v2\/comments?post=3577"}],"version-history":[{"count":1,"href":"https:\/\/udruga-106br.hr\/index.php\/wp-json\/wp\/v2\/posts\/3577\/revisions"}],"predecessor-version":[{"id":3579,"href":"https:\/\/udruga-106br.hr\/index.php\/wp-json\/wp\/v2\/posts\/3577\/revisions\/3579"}],"wp:attachment":[{"href":"https:\/\/udruga-106br.hr\/index.php\/wp-json\/wp\/v2\/media?parent=3577"}],"wp:term":[{"taxonomy":"category","embeddable":true,"href":"https:\/\/udruga-106br.hr\/index.php\/wp-json\/wp\/v2\/categories?post=3577"},{"taxonomy":"post_tag","embeddable":true,"href":"https:\/\/udruga-106br.hr\/index.php\/wp-json\/wp\/v2\/tags?post=3577"}],"curies":[{"name":"wp","href":"https:\/\/api.w.org\/{rel}","templated":true}]}}