{"id":3580,"date":"2024-10-12T23:44:30","date_gmt":"2024-10-12T21:44:30","guid":{"rendered":"https:\/\/udruga-106br.hr\/?p=3580"},"modified":"2025-10-17T19:22:13","modified_gmt":"2025-10-17T17:22:13","slug":"nova-prijateljstva-i-buduce-suradnje","status":"publish","type":"post","link":"https:\/\/udruga-106br.hr\/index.php\/nova-prijateljstva-i-buduce-suradnje\/","title":{"rendered":"Nova prijateljstva i budu\u0107e suradnje"},"content":{"rendered":"\n<p>S ponosom vas obavje\u0161tavamo da su nas u proteklim danima posjetili predstavnici Udruge policijskih veterana SEVER Dolenjske i Bele krajine iz Slovenije!<\/p>\n\n\n\n<p>Njihova udruga svake godine organizira izlet za svoje \u010dlanove, a ove godine su se odlu\u010dili za destinacije Osje\u010dko-baranjske \u017eupanije. Odr\u017eali smo susret sa kolegama, gdje smo se srda\u010dno dru\u017eili, razmijenili iskustva i razgovarali o vo\u0111enju udruga u Hrvatskoj i Sloveniji.<\/p>\n\n\n\n<p>Ovo prijateljsko okupljanje bilo je prilika za ja\u010danje veza me\u0111u veteranima i zajedni\u010dko promicanje vrijednosti koje dijelimo. Hvala na predivnom dru\u017eenju i veselimo se budu\u0107im suradnjama!<\/p>\n\n\n\n<figure class=\"wp-block-gallery has-nested-images columns-default is-cropped wp-block-gallery-1 is-layout-flex wp-block-gallery-is-layout-flex\">\n<figure class=\"wp-block-image size-large\"><img loading=\"lazy\" decoding=\"async\" width=\"473\" height=\"1024\" data-id=\"3582\" src=\"https:\/\/udruga-106br.hr\/wp-content\/uploads\/2024\/10\/Udruga-policijskih-veterana-SEVER-Dolenjske-i-Bele-krajine-iz-Slovenije-10-12.10.-473x1024.jpg\" alt=\"\" class=\"wp-image-3582\" srcset=\"https:\/\/udruga-106br.hr\/wp-content\/uploads\/2024\/10\/Udruga-policijskih-veterana-SEVER-Dolenjske-i-Bele-krajine-iz-Slovenije-10-12.10.-473x1024.jpg 473w, https:\/\/udruga-106br.hr\/wp-content\/uploads\/2024\/10\/Udruga-policijskih-veterana-SEVER-Dolenjske-i-Bele-krajine-iz-Slovenije-10-12.10.-139x300.jpg 139w, https:\/\/udruga-106br.hr\/wp-content\/uploads\/2024\/10\/Udruga-policijskih-veterana-SEVER-Dolenjske-i-Bele-krajine-iz-Slovenije-10-12.10.-709x1536.jpg 709w, https:\/\/udruga-106br.hr\/wp-content\/uploads\/2024\/10\/Udruga-policijskih-veterana-SEVER-Dolenjske-i-Bele-krajine-iz-Slovenije-10-12.10..jpg 739w\" sizes=\"auto, (max-width: 473px) 100vw, 473px\" \/><\/figure>\n<\/figure>\n\n\n\n<figure class=\"wp-block-image size-large\"><img loading=\"lazy\" decoding=\"async\" width=\"1024\" height=\"771\" src=\"https:\/\/udruga-106br.hr\/wp-content\/uploads\/2024\/10\/Udruga-policijskih-veterana-SEVER-Dolenjske-i-Bele-krajine-iz-Slovenije-10-12.10.2-1-1024x771.jpg\" alt=\"\" class=\"wp-image-3584\" srcset=\"https:\/\/udruga-106br.hr\/wp-content\/uploads\/2024\/10\/Udruga-policijskih-veterana-SEVER-Dolenjske-i-Bele-krajine-iz-Slovenije-10-12.10.2-1-1024x771.jpg 1024w, https:\/\/udruga-106br.hr\/wp-content\/uploads\/2024\/10\/Udruga-policijskih-veterana-SEVER-Dolenjske-i-Bele-krajine-iz-Slovenije-10-12.10.2-1-300x226.jpg 300w, https:\/\/udruga-106br.hr\/wp-content\/uploads\/2024\/10\/Udruga-policijskih-veterana-SEVER-Dolenjske-i-Bele-krajine-iz-Slovenije-10-12.10.2-1-768x578.jpg 768w, https:\/\/udruga-106br.hr\/wp-content\/uploads\/2024\/10\/Udruga-policijskih-veterana-SEVER-Dolenjske-i-Bele-krajine-iz-Slovenije-10-12.10.2-1-1536x1157.jpg 1536w, https:\/\/udruga-106br.hr\/wp-content\/uploads\/2024\/10\/Udruga-policijskih-veterana-SEVER-Dolenjske-i-Bele-krajine-iz-Slovenije-10-12.10.2-1.jpg 1600w\" sizes=\"auto, (max-width: 1024px) 100vw, 1024px\" \/><\/figure>\n\n\n\n<figure class=\"wp-block-image size-large\"><img loading=\"lazy\" decoding=\"async\" width=\"1024\" height=\"771\" src=\"https:\/\/udruga-106br.hr\/wp-content\/uploads\/2024\/10\/Udruga-policijskih-veterana-SEVER-Dolenjske-i-Bele-krajine-iz-Slovenije-10-12.10.1-1-1024x771.jpg\" alt=\"\" class=\"wp-image-3585\" srcset=\"https:\/\/udruga-106br.hr\/wp-content\/uploads\/2024\/10\/Udruga-policijskih-veterana-SEVER-Dolenjske-i-Bele-krajine-iz-Slovenije-10-12.10.1-1-1024x771.jpg 1024w, https:\/\/udruga-106br.hr\/wp-content\/uploads\/2024\/10\/Udruga-policijskih-veterana-SEVER-Dolenjske-i-Bele-krajine-iz-Slovenije-10-12.10.1-1-300x226.jpg 300w, https:\/\/udruga-106br.hr\/wp-content\/uploads\/2024\/10\/Udruga-policijskih-veterana-SEVER-Dolenjske-i-Bele-krajine-iz-Slovenije-10-12.10.1-1-768x578.jpg 768w, https:\/\/udruga-106br.hr\/wp-content\/uploads\/2024\/10\/Udruga-policijskih-veterana-SEVER-Dolenjske-i-Bele-krajine-iz-Slovenije-10-12.10.1-1-1536x1157.jpg 1536w, https:\/\/udruga-106br.hr\/wp-content\/uploads\/2024\/10\/Udruga-policijskih-veterana-SEVER-Dolenjske-i-Bele-krajine-iz-Slovenije-10-12.10.1-1.jpg 1600w\" sizes=\"auto, (max-width: 1024px) 100vw, 1024px\" \/><\/figure>\n<!-- AddThis Advanced Settings generic via filter on the_content --><!-- AddThis Share Buttons generic via filter on the_content -->","protected":false},"excerpt":{"rendered":"<p>S ponosom vas obavje\u0161tavamo da su nas u proteklim danima posjetili predstavnici Udruge policijskih veterana SEVER Dolenjske i Bele krajine iz Slovenije! Njihova udruga svake godine organizira izlet za svoje \u010dlanove, a ove godine su se odlu\u010dili za destinacije Osje\u010dko-baranjske \u017eupanije. Odr\u017eali smo susret sa kolegama, gdje smo se srda\u010dno dru\u017eili, razmijenili iskustva i razgovarali &hellip; <a href=\"https:\/\/udruga-106br.hr\/index.php\/nova-prijateljstva-i-buduce-suradnje\/\" class=\"more-link\">Nastavi \u010ditati <span class=\"screen-reader-text\">Nova prijateljstva i budu\u0107e suradnje<\/span><\/a><!-- AddThis Advanced Settings generic via filter on get_the_excerpt --><!-- AddThis Share Buttons generic via filter on get_the_excerpt --><\/p>\n","protected":false},"author":1,"featured_media":0,"comment_status":"closed","ping_status":"closed","sticky":false,"template":"","format":"standard","meta":{"footnotes":""},"categories":[32],"tags":[],"class_list":["post-3580","post","type-post","status-publish","format-standard","hentry","category-iz-zivota-udruge"],"_links":{"self":[{"href":"https:\/\/udruga-106br.hr\/index.php\/wp-json\/wp\/v2\/posts\/3580","targetHints":{"allow":["GET"]}}],"collection":[{"href":"https:\/\/udruga-106br.hr\/index.php\/wp-json\/wp\/v2\/posts"}],"about":[{"href":"https:\/\/udruga-106br.hr\/index.php\/wp-json\/wp\/v2\/types\/post"}],"author":[{"embeddable":true,"href":"https:\/\/udruga-106br.hr\/index.php\/wp-json\/wp\/v2\/users\/1"}],"replies":[{"embeddable":true,"href":"https:\/\/udruga-106br.hr\/index.php\/wp-json\/wp\/v2\/comments?post=3580"}],"version-history":[{"count":1,"href":"https:\/\/udruga-106br.hr\/index.php\/wp-json\/wp\/v2\/posts\/3580\/revisions"}],"predecessor-version":[{"id":3586,"href":"https:\/\/udruga-106br.hr\/index.php\/wp-json\/wp\/v2\/posts\/3580\/revisions\/3586"}],"wp:attachment":[{"href":"https:\/\/udruga-106br.hr\/index.php\/wp-json\/wp\/v2\/media?parent=3580"}],"wp:term":[{"taxonomy":"category","embeddable":true,"href":"https:\/\/udruga-106br.hr\/index.php\/wp-json\/wp\/v2\/categories?post=3580"},{"taxonomy":"post_tag","embeddable":true,"href":"https:\/\/udruga-106br.hr\/index.php\/wp-json\/wp\/v2\/tags?post=3580"}],"curies":[{"name":"wp","href":"https:\/\/api.w.org\/{rel}","templated":true}]}}