{"id":3587,"date":"2024-10-13T00:00:12","date_gmt":"2024-10-12T22:00:12","guid":{"rendered":"https:\/\/udruga-106br.hr\/?p=3587"},"modified":"2025-10-17T19:22:13","modified_gmt":"2025-10-17T17:22:13","slug":"33-godisnjica-osnutka-samostalnog-zrakoplovnog-voda-osijek-12-10-2024","status":"publish","type":"post","link":"https:\/\/udruga-106br.hr\/index.php\/33-godisnjica-osnutka-samostalnog-zrakoplovnog-voda-osijek-12-10-2024\/","title":{"rendered":"33. godi\u0161njica osnutka Samostalnog zrakoplovnog voda &#8221;Osijek&#8221; &#8211; 12.10.2024."},"content":{"rendered":"\n<p>Danas smo s ponosom obilje\u017eili 33. godi\u0161njicu osnutka Samostalnog zrakoplovnog voda &#8221;Osijek&#8221; u okviru proslave Aerokluba Osijek. Uz spomen-obilje\u017eje An-2 i Krila na sportskom aerodromu Osijek-\u010cepin, s posebnim po\u0161tovanjem odali smo po\u010dast slavonskim pilotima i padobrancima koji su svoje \u017eivote dali za slobodu u Domovinskom ratu. <\/p>\n\n\n\n<p>U znak sje\u0107anja i zahvalnosti, polo\u017eili smo vijence i zapalili svije\u0107e u njihovu \u010dast. Neka njihova hrabrost i \u017ertva zauvijek ostanu u na\u0161im srcima. <\/p>\n\n\n\n<figure class=\"wp-block-gallery has-nested-images columns-default is-cropped wp-block-gallery-1 is-layout-flex wp-block-gallery-is-layout-flex\">\n<figure class=\"wp-block-image size-large\"><img loading=\"lazy\" decoding=\"async\" width=\"1024\" height=\"771\" data-id=\"3590\" src=\"https:\/\/udruga-106br.hr\/wp-content\/uploads\/2024\/10\/33.-Aerodrom-1024x771.jpg\" alt=\"\" class=\"wp-image-3590\" srcset=\"https:\/\/udruga-106br.hr\/wp-content\/uploads\/2024\/10\/33.-Aerodrom-1024x771.jpg 1024w, https:\/\/udruga-106br.hr\/wp-content\/uploads\/2024\/10\/33.-Aerodrom-300x226.jpg 300w, https:\/\/udruga-106br.hr\/wp-content\/uploads\/2024\/10\/33.-Aerodrom-768x578.jpg 768w, https:\/\/udruga-106br.hr\/wp-content\/uploads\/2024\/10\/33.-Aerodrom-1536x1157.jpg 1536w, https:\/\/udruga-106br.hr\/wp-content\/uploads\/2024\/10\/33.-Aerodrom.jpg 1600w\" sizes=\"auto, (max-width: 1024px) 100vw, 1024px\" \/><\/figure>\n\n\n\n<figure class=\"wp-block-image size-large\"><img loading=\"lazy\" decoding=\"async\" width=\"771\" height=\"1024\" data-id=\"3589\" src=\"https:\/\/udruga-106br.hr\/wp-content\/uploads\/2024\/10\/33.-Aerodrom-1-771x1024.jpg\" alt=\"\" class=\"wp-image-3589\" srcset=\"https:\/\/udruga-106br.hr\/wp-content\/uploads\/2024\/10\/33.-Aerodrom-1-771x1024.jpg 771w, https:\/\/udruga-106br.hr\/wp-content\/uploads\/2024\/10\/33.-Aerodrom-1-226x300.jpg 226w, https:\/\/udruga-106br.hr\/wp-content\/uploads\/2024\/10\/33.-Aerodrom-1-768x1020.jpg 768w, https:\/\/udruga-106br.hr\/wp-content\/uploads\/2024\/10\/33.-Aerodrom-1-1157x1536.jpg 1157w, https:\/\/udruga-106br.hr\/wp-content\/uploads\/2024\/10\/33.-Aerodrom-1.jpg 1205w\" sizes=\"auto, (max-width: 771px) 100vw, 771px\" \/><\/figure>\n\n\n\n<figure class=\"wp-block-image size-large\"><img loading=\"lazy\" decoding=\"async\" width=\"1024\" height=\"771\" data-id=\"3588\" src=\"https:\/\/udruga-106br.hr\/wp-content\/uploads\/2024\/10\/33.-Aerodrom-2-1024x771.jpg\" alt=\"\" class=\"wp-image-3588\" srcset=\"https:\/\/udruga-106br.hr\/wp-content\/uploads\/2024\/10\/33.-Aerodrom-2-1024x771.jpg 1024w, https:\/\/udruga-106br.hr\/wp-content\/uploads\/2024\/10\/33.-Aerodrom-2-300x226.jpg 300w, https:\/\/udruga-106br.hr\/wp-content\/uploads\/2024\/10\/33.-Aerodrom-2-768x578.jpg 768w, https:\/\/udruga-106br.hr\/wp-content\/uploads\/2024\/10\/33.-Aerodrom-2-1536x1157.jpg 1536w, https:\/\/udruga-106br.hr\/wp-content\/uploads\/2024\/10\/33.-Aerodrom-2.jpg 1600w\" sizes=\"auto, (max-width: 1024px) 100vw, 1024px\" \/><\/figure>\n<\/figure>\n<!-- AddThis Advanced Settings generic via filter on the_content --><!-- AddThis Share Buttons generic via filter on the_content -->","protected":false},"excerpt":{"rendered":"<p>Danas smo s ponosom obilje\u017eili 33. godi\u0161njicu osnutka Samostalnog zrakoplovnog voda &#8221;Osijek&#8221; u okviru proslave Aerokluba Osijek. Uz spomen-obilje\u017eje An-2 i Krila na sportskom aerodromu Osijek-\u010cepin, s posebnim po\u0161tovanjem odali smo po\u010dast slavonskim pilotima i padobrancima koji su svoje \u017eivote dali za slobodu u Domovinskom ratu. U znak sje\u0107anja i zahvalnosti, polo\u017eili smo vijence i &hellip; <a href=\"https:\/\/udruga-106br.hr\/index.php\/33-godisnjica-osnutka-samostalnog-zrakoplovnog-voda-osijek-12-10-2024\/\" class=\"more-link\">Nastavi \u010ditati <span class=\"screen-reader-text\">33. godi\u0161njica osnutka Samostalnog zrakoplovnog voda &#8221;Osijek&#8221; &#8211; 12.10.2024.<\/span><\/a><!-- AddThis Advanced Settings generic via filter on get_the_excerpt --><!-- AddThis Share Buttons generic via filter on get_the_excerpt --><\/p>\n","protected":false},"author":1,"featured_media":0,"comment_status":"closed","ping_status":"closed","sticky":false,"template":"","format":"standard","meta":{"footnotes":""},"categories":[32],"tags":[],"class_list":["post-3587","post","type-post","status-publish","format-standard","hentry","category-iz-zivota-udruge"],"_links":{"self":[{"href":"https:\/\/udruga-106br.hr\/index.php\/wp-json\/wp\/v2\/posts\/3587","targetHints":{"allow":["GET"]}}],"collection":[{"href":"https:\/\/udruga-106br.hr\/index.php\/wp-json\/wp\/v2\/posts"}],"about":[{"href":"https:\/\/udruga-106br.hr\/index.php\/wp-json\/wp\/v2\/types\/post"}],"author":[{"embeddable":true,"href":"https:\/\/udruga-106br.hr\/index.php\/wp-json\/wp\/v2\/users\/1"}],"replies":[{"embeddable":true,"href":"https:\/\/udruga-106br.hr\/index.php\/wp-json\/wp\/v2\/comments?post=3587"}],"version-history":[{"count":1,"href":"https:\/\/udruga-106br.hr\/index.php\/wp-json\/wp\/v2\/posts\/3587\/revisions"}],"predecessor-version":[{"id":3591,"href":"https:\/\/udruga-106br.hr\/index.php\/wp-json\/wp\/v2\/posts\/3587\/revisions\/3591"}],"wp:attachment":[{"href":"https:\/\/udruga-106br.hr\/index.php\/wp-json\/wp\/v2\/media?parent=3587"}],"wp:term":[{"taxonomy":"category","embeddable":true,"href":"https:\/\/udruga-106br.hr\/index.php\/wp-json\/wp\/v2\/categories?post=3587"},{"taxonomy":"post_tag","embeddable":true,"href":"https:\/\/udruga-106br.hr\/index.php\/wp-json\/wp\/v2\/tags?post=3587"}],"curies":[{"name":"wp","href":"https:\/\/api.w.org\/{rel}","templated":true}]}}