{"id":3592,"date":"2024-10-14T23:06:46","date_gmt":"2024-10-14T21:06:46","guid":{"rendered":"https:\/\/udruga-106br.hr\/?p=3592"},"modified":"2025-10-17T19:22:13","modified_gmt":"2025-10-17T17:22:13","slug":"14-10-2024-godisnji-sastanak-s-organizacijama-korisnicama-sustavnih-podrski-i-izobrazba-u-organizaciji-nacionalne-zaklade-za-razvoj-civilnoga-drustva","status":"publish","type":"post","link":"https:\/\/udruga-106br.hr\/index.php\/14-10-2024-godisnji-sastanak-s-organizacijama-korisnicama-sustavnih-podrski-i-izobrazba-u-organizaciji-nacionalne-zaklade-za-razvoj-civilnoga-drustva\/","title":{"rendered":"14.10.2024. Godi\u0161nji sastanak s organizacijama korisnicama sustavnih podr\u0161ki i izobrazba u organizaciji Nacionalne zaklade za razvoj civilnoga dru\u0161tva"},"content":{"rendered":"\n<p>Na\u0161a udruga s ponosom sudjeluje u razvoju kapaciteta i ja\u010danju podr\u0161ke za svoje \u010dlanove! <\/p>\n\n\n\n<p>Na\u0161a djelatnica sudjelovala je na iznimno va\u017enoj izobrazbi koju je organizirala Nacionalna zaklada za razvoj civilnoga dru\u0161tva, u suradnji s ESIF Ustanovom za obrazovanje odraslih. Ovaj dvodnevni sastanak okupio je organizacije korisnice sustavnih podr\u0161ki s ciljem omogu\u0107avanja udrugama da jo\u0161 bolje razumiju i odgovore na potrebe svojih \u010dlanova i korisnika kroz temu &#8220;Razvijanje metodologije za sustav mjerenja zadovoljstva \u010dlanova i korisnika.&#8221; <\/p>\n\n\n\n<p>Izobrazba se odr\u017eava 14. i 15. listopada 2024. godine u Zagrebu, u \u0160koli narodnog zdravlja \u201eAndrija \u0160tampar\u201c.<\/p>\n\n\n\n<p>Kroz edukativan program vodi nas Izv. prof. dr. sc. Ines Du\u017eevi\u0107 s Ekonomskog fakulteta, \u010dime osiguravamo kvalitetne i stru\u010dne upute za na\u0161 daljnji rad.<\/p>\n\n\n\n<p>Na po\u010detku doga\u0111anja, srda\u010dno su nas pozdravili prof. dr. sc. Mirjana Kujund\u017ei\u0107 Tiljak, ravnateljica \u0160kole narodnog zdravlja \u201eAndrija \u0160tampar\u201c, te gospodin Luka Bogdan, zamjenik upraviteljice Nacionalne zaklade.<\/p>\n\n\n\n<p>Kroz ovaj program, na\u0161a udruga nastavlja unapre\u0111ivati svoje djelovanje i osiguravati kvalitetnu podr\u0161ku svojim \u010dlanovima. <\/p>\n\n\n\n<figure class=\"wp-block-gallery has-nested-images columns-default is-cropped wp-block-gallery-1 is-layout-flex wp-block-gallery-is-layout-flex\">\n<figure class=\"wp-block-image size-large\"><img loading=\"lazy\" decoding=\"async\" width=\"1024\" height=\"768\" data-id=\"3593\" src=\"https:\/\/udruga-106br.hr\/wp-content\/uploads\/2024\/10\/NZZRCD-14.10.-1-1024x768.jpg\" alt=\"\" class=\"wp-image-3593\" srcset=\"https:\/\/udruga-106br.hr\/wp-content\/uploads\/2024\/10\/NZZRCD-14.10.-1-1024x768.jpg 1024w, https:\/\/udruga-106br.hr\/wp-content\/uploads\/2024\/10\/NZZRCD-14.10.-1-300x225.jpg 300w, https:\/\/udruga-106br.hr\/wp-content\/uploads\/2024\/10\/NZZRCD-14.10.-1-768x576.jpg 768w, https:\/\/udruga-106br.hr\/wp-content\/uploads\/2024\/10\/NZZRCD-14.10.-1-1536x1152.jpg 1536w, https:\/\/udruga-106br.hr\/wp-content\/uploads\/2024\/10\/NZZRCD-14.10.-1.jpg 1600w\" sizes=\"auto, (max-width: 1024px) 100vw, 1024px\" \/><\/figure>\n\n\n\n<figure class=\"wp-block-image size-large\"><img loading=\"lazy\" decoding=\"async\" width=\"1024\" height=\"768\" data-id=\"3595\" src=\"https:\/\/udruga-106br.hr\/wp-content\/uploads\/2024\/10\/NZZRCD-14.10.-1024x768.jpg\" alt=\"\" class=\"wp-image-3595\" srcset=\"https:\/\/udruga-106br.hr\/wp-content\/uploads\/2024\/10\/NZZRCD-14.10.-1024x768.jpg 1024w, https:\/\/udruga-106br.hr\/wp-content\/uploads\/2024\/10\/NZZRCD-14.10.-300x225.jpg 300w, https:\/\/udruga-106br.hr\/wp-content\/uploads\/2024\/10\/NZZRCD-14.10.-768x576.jpg 768w, https:\/\/udruga-106br.hr\/wp-content\/uploads\/2024\/10\/NZZRCD-14.10.-1536x1152.jpg 1536w, https:\/\/udruga-106br.hr\/wp-content\/uploads\/2024\/10\/NZZRCD-14.10..jpg 1600w\" sizes=\"auto, (max-width: 1024px) 100vw, 1024px\" \/><\/figure>\n\n\n\n<figure class=\"wp-block-image size-large\"><img loading=\"lazy\" decoding=\"async\" width=\"1024\" height=\"768\" data-id=\"3594\" src=\"https:\/\/udruga-106br.hr\/wp-content\/uploads\/2024\/10\/NZZRCD-14.10.-2-1024x768.jpg\" alt=\"\" class=\"wp-image-3594\" srcset=\"https:\/\/udruga-106br.hr\/wp-content\/uploads\/2024\/10\/NZZRCD-14.10.-2-1024x768.jpg 1024w, https:\/\/udruga-106br.hr\/wp-content\/uploads\/2024\/10\/NZZRCD-14.10.-2-300x225.jpg 300w, https:\/\/udruga-106br.hr\/wp-content\/uploads\/2024\/10\/NZZRCD-14.10.-2-768x576.jpg 768w, https:\/\/udruga-106br.hr\/wp-content\/uploads\/2024\/10\/NZZRCD-14.10.-2-1536x1152.jpg 1536w, https:\/\/udruga-106br.hr\/wp-content\/uploads\/2024\/10\/NZZRCD-14.10.-2.jpg 1600w\" sizes=\"auto, (max-width: 1024px) 100vw, 1024px\" \/><\/figure>\n<\/figure>\n<!-- AddThis Advanced Settings generic via filter on the_content --><!-- AddThis Share Buttons generic via filter on the_content -->","protected":false},"excerpt":{"rendered":"<p>Na\u0161a udruga s ponosom sudjeluje u razvoju kapaciteta i ja\u010danju podr\u0161ke za svoje \u010dlanove! Na\u0161a djelatnica sudjelovala je na iznimno va\u017enoj izobrazbi koju je organizirala Nacionalna zaklada za razvoj civilnoga dru\u0161tva, u suradnji s ESIF Ustanovom za obrazovanje odraslih. Ovaj dvodnevni sastanak okupio je organizacije korisnice sustavnih podr\u0161ki s ciljem omogu\u0107avanja udrugama da jo\u0161 bolje &hellip; <a href=\"https:\/\/udruga-106br.hr\/index.php\/14-10-2024-godisnji-sastanak-s-organizacijama-korisnicama-sustavnih-podrski-i-izobrazba-u-organizaciji-nacionalne-zaklade-za-razvoj-civilnoga-drustva\/\" class=\"more-link\">Nastavi \u010ditati <span class=\"screen-reader-text\">14.10.2024. Godi\u0161nji sastanak s organizacijama korisnicama sustavnih podr\u0161ki i izobrazba u organizaciji Nacionalne zaklade za razvoj civilnoga dru\u0161tva<\/span><\/a><!-- AddThis Advanced Settings generic via filter on get_the_excerpt --><!-- AddThis Share Buttons generic via filter on get_the_excerpt --><\/p>\n","protected":false},"author":1,"featured_media":0,"comment_status":"closed","ping_status":"closed","sticky":false,"template":"","format":"standard","meta":{"footnotes":""},"categories":[32],"tags":[],"class_list":["post-3592","post","type-post","status-publish","format-standard","hentry","category-iz-zivota-udruge"],"_links":{"self":[{"href":"https:\/\/udruga-106br.hr\/index.php\/wp-json\/wp\/v2\/posts\/3592","targetHints":{"allow":["GET"]}}],"collection":[{"href":"https:\/\/udruga-106br.hr\/index.php\/wp-json\/wp\/v2\/posts"}],"about":[{"href":"https:\/\/udruga-106br.hr\/index.php\/wp-json\/wp\/v2\/types\/post"}],"author":[{"embeddable":true,"href":"https:\/\/udruga-106br.hr\/index.php\/wp-json\/wp\/v2\/users\/1"}],"replies":[{"embeddable":true,"href":"https:\/\/udruga-106br.hr\/index.php\/wp-json\/wp\/v2\/comments?post=3592"}],"version-history":[{"count":1,"href":"https:\/\/udruga-106br.hr\/index.php\/wp-json\/wp\/v2\/posts\/3592\/revisions"}],"predecessor-version":[{"id":3596,"href":"https:\/\/udruga-106br.hr\/index.php\/wp-json\/wp\/v2\/posts\/3592\/revisions\/3596"}],"wp:attachment":[{"href":"https:\/\/udruga-106br.hr\/index.php\/wp-json\/wp\/v2\/media?parent=3592"}],"wp:term":[{"taxonomy":"category","embeddable":true,"href":"https:\/\/udruga-106br.hr\/index.php\/wp-json\/wp\/v2\/categories?post=3592"},{"taxonomy":"post_tag","embeddable":true,"href":"https:\/\/udruga-106br.hr\/index.php\/wp-json\/wp\/v2\/tags?post=3592"}],"curies":[{"name":"wp","href":"https:\/\/api.w.org\/{rel}","templated":true}]}}