{"id":3597,"date":"2024-10-16T10:40:21","date_gmt":"2024-10-16T08:40:21","guid":{"rendered":"https:\/\/udruga-106br.hr\/?p=3597"},"modified":"2025-10-17T19:22:13","modified_gmt":"2025-10-17T17:22:13","slug":"15-10-godisnji-sastanak-s-organizacijama-korisnicama-sustavnih-podrski-i-izobrazba-u-organizaciji-nacionalne-zaklade-za-razvoj-civilnoga-drustva-2-dan","status":"publish","type":"post","link":"https:\/\/udruga-106br.hr\/index.php\/15-10-godisnji-sastanak-s-organizacijama-korisnicama-sustavnih-podrski-i-izobrazba-u-organizaciji-nacionalne-zaklade-za-razvoj-civilnoga-drustva-2-dan\/","title":{"rendered":"15.10. Godi\u0161nji sastanak s organizacijama korisnicama sustavnih podr\u0161ki i izobrazba u organizaciji Nacionalne zaklade za razvoj civilnoga dru\u0161tva (2.dan)"},"content":{"rendered":"\n<p>Sa ju\u010dera\u0161njim danom zavr\u0161io je i 2. dan godi\u0161njeg sastanka organizacija korisnica sustavne podr\u0161ke Nacionalne zaklade za razvoj civilnoga dru\u0161tv<\/p>\n\n\n\n<p>Ju\u010der, 15. listopada 2024., obilje\u017eili smo zavr\u0161etak drugog dana izobrazbe na temu: \u201eRazvijanje metodologije za sustav mjerenja zadovoljstva \u010dlanova i korisnika.\u201c <\/p>\n\n\n\n<p>Ovaj godi\u0161nji sastanak, koji okuplja organizacije korisnice nacionalne i temeljne sustavne podr\u0161ke, pru\u017eio je na\u0161oj udruzi vrijednu priliku za razmjenu iskustava i stjecanje novih znanja koja \u0107e unaprijediti na\u0161 rad i doprinijeti ve\u0107em zadovoljstvu na\u0161ih \u010dlanova.<\/p>\n\n\n\n<p>Cilj izobrazbe bio je definirati jasne metode i alate za mjerenje uspje\u0161nosti u pru\u017eanju podr\u0161ke na\u0161im \u010dlanovima i korisnicima. Time \u0107emo osigurati jo\u0161 bolju kvalitetu na\u0161ih usluga i kontinuirano pobolj\u0161anje na temelju povratnih informacija. <\/p>\n\n\n\n<p>S obzirom da je na\u0161a udruga posve\u0107ena daljnjem razvoju i unapre\u0111enju svojih aktivnosti u korist svojih \u010dlanova, zahvalni smo na podr\u0161ci i izobrazbi koju nam je omogu\u0107ila Nacionalna zaklada za razvoj civilnoga dru\u0161tva. Nadamo se da \u0107emo i dalje sura\u0111ivati na jo\u0161 boljoj razini uz daljnje unaprje\u0111ivanje na\u0161eg poslovanja i na\u0161ih djelatnika <\/p>\n\n\n\n<figure class=\"wp-block-gallery has-nested-images columns-default is-cropped wp-block-gallery-1 is-layout-flex wp-block-gallery-is-layout-flex\">\n<figure class=\"wp-block-image size-large\"><img loading=\"lazy\" decoding=\"async\" width=\"1024\" height=\"768\" data-id=\"3599\" src=\"https:\/\/udruga-106br.hr\/wp-content\/uploads\/2024\/10\/NZZRCD-15.10.-1024x768.jpg\" alt=\"\" class=\"wp-image-3599\" srcset=\"https:\/\/udruga-106br.hr\/wp-content\/uploads\/2024\/10\/NZZRCD-15.10.-1024x768.jpg 1024w, https:\/\/udruga-106br.hr\/wp-content\/uploads\/2024\/10\/NZZRCD-15.10.-300x225.jpg 300w, https:\/\/udruga-106br.hr\/wp-content\/uploads\/2024\/10\/NZZRCD-15.10.-768x576.jpg 768w, https:\/\/udruga-106br.hr\/wp-content\/uploads\/2024\/10\/NZZRCD-15.10.-1536x1152.jpg 1536w, https:\/\/udruga-106br.hr\/wp-content\/uploads\/2024\/10\/NZZRCD-15.10..jpg 1600w\" sizes=\"auto, (max-width: 1024px) 100vw, 1024px\" \/><\/figure>\n\n\n\n<figure class=\"wp-block-image size-large\"><img loading=\"lazy\" decoding=\"async\" width=\"1024\" height=\"768\" data-id=\"3598\" src=\"https:\/\/udruga-106br.hr\/wp-content\/uploads\/2024\/10\/NZZRCD-15.10.-1-1024x768.jpg\" alt=\"\" class=\"wp-image-3598\" srcset=\"https:\/\/udruga-106br.hr\/wp-content\/uploads\/2024\/10\/NZZRCD-15.10.-1-1024x768.jpg 1024w, https:\/\/udruga-106br.hr\/wp-content\/uploads\/2024\/10\/NZZRCD-15.10.-1-300x225.jpg 300w, https:\/\/udruga-106br.hr\/wp-content\/uploads\/2024\/10\/NZZRCD-15.10.-1-768x576.jpg 768w, https:\/\/udruga-106br.hr\/wp-content\/uploads\/2024\/10\/NZZRCD-15.10.-1-1536x1152.jpg 1536w, https:\/\/udruga-106br.hr\/wp-content\/uploads\/2024\/10\/NZZRCD-15.10.-1.jpg 1600w\" sizes=\"auto, (max-width: 1024px) 100vw, 1024px\" \/><\/figure>\n<\/figure>\n<!-- AddThis Advanced Settings generic via filter on the_content --><!-- AddThis Share Buttons generic via filter on the_content -->","protected":false},"excerpt":{"rendered":"<p>Sa ju\u010dera\u0161njim danom zavr\u0161io je i 2. dan godi\u0161njeg sastanka organizacija korisnica sustavne podr\u0161ke Nacionalne zaklade za razvoj civilnoga dru\u0161tv Ju\u010der, 15. listopada 2024., obilje\u017eili smo zavr\u0161etak drugog dana izobrazbe na temu: \u201eRazvijanje metodologije za sustav mjerenja zadovoljstva \u010dlanova i korisnika.\u201c Ovaj godi\u0161nji sastanak, koji okuplja organizacije korisnice nacionalne i temeljne sustavne podr\u0161ke, pru\u017eio je &hellip; <a href=\"https:\/\/udruga-106br.hr\/index.php\/15-10-godisnji-sastanak-s-organizacijama-korisnicama-sustavnih-podrski-i-izobrazba-u-organizaciji-nacionalne-zaklade-za-razvoj-civilnoga-drustva-2-dan\/\" class=\"more-link\">Nastavi \u010ditati <span class=\"screen-reader-text\">15.10. Godi\u0161nji sastanak s organizacijama korisnicama sustavnih podr\u0161ki i izobrazba u organizaciji Nacionalne zaklade za razvoj civilnoga dru\u0161tva (2.dan)<\/span><\/a><!-- AddThis Advanced Settings generic via filter on get_the_excerpt --><!-- AddThis Share Buttons generic via filter on get_the_excerpt --><\/p>\n","protected":false},"author":1,"featured_media":0,"comment_status":"closed","ping_status":"closed","sticky":false,"template":"","format":"standard","meta":{"footnotes":""},"categories":[32],"tags":[],"class_list":["post-3597","post","type-post","status-publish","format-standard","hentry","category-iz-zivota-udruge"],"_links":{"self":[{"href":"https:\/\/udruga-106br.hr\/index.php\/wp-json\/wp\/v2\/posts\/3597","targetHints":{"allow":["GET"]}}],"collection":[{"href":"https:\/\/udruga-106br.hr\/index.php\/wp-json\/wp\/v2\/posts"}],"about":[{"href":"https:\/\/udruga-106br.hr\/index.php\/wp-json\/wp\/v2\/types\/post"}],"author":[{"embeddable":true,"href":"https:\/\/udruga-106br.hr\/index.php\/wp-json\/wp\/v2\/users\/1"}],"replies":[{"embeddable":true,"href":"https:\/\/udruga-106br.hr\/index.php\/wp-json\/wp\/v2\/comments?post=3597"}],"version-history":[{"count":1,"href":"https:\/\/udruga-106br.hr\/index.php\/wp-json\/wp\/v2\/posts\/3597\/revisions"}],"predecessor-version":[{"id":3600,"href":"https:\/\/udruga-106br.hr\/index.php\/wp-json\/wp\/v2\/posts\/3597\/revisions\/3600"}],"wp:attachment":[{"href":"https:\/\/udruga-106br.hr\/index.php\/wp-json\/wp\/v2\/media?parent=3597"}],"wp:term":[{"taxonomy":"category","embeddable":true,"href":"https:\/\/udruga-106br.hr\/index.php\/wp-json\/wp\/v2\/categories?post=3597"},{"taxonomy":"post_tag","embeddable":true,"href":"https:\/\/udruga-106br.hr\/index.php\/wp-json\/wp\/v2\/tags?post=3597"}],"curies":[{"name":"wp","href":"https:\/\/api.w.org\/{rel}","templated":true}]}}