{"id":3601,"date":"2024-10-17T12:22:51","date_gmt":"2024-10-17T10:22:51","guid":{"rendered":"https:\/\/udruga-106br.hr\/?p=3601"},"modified":"2025-10-17T19:22:13","modified_gmt":"2025-10-17T17:22:13","slug":"obiljezavanje-madarske-revolucije-i-borbe-za-slobodu-1956-godine-23-10-2024","status":"publish","type":"post","link":"https:\/\/udruga-106br.hr\/index.php\/obiljezavanje-madarske-revolucije-i-borbe-za-slobodu-1956-godine-23-10-2024\/","title":{"rendered":"Obilje\u017eavanje Ma\u0111arske revolucije i borbe za slobodu 1956. godine &#8211; 23.10.2024."},"content":{"rendered":"\n<p>Pozivamo vas da nam se pridru\u017eite u srijedu, 23. listopada 2024. godine, na sredi\u0161njem osje\u010dkom trgu kako bismo zajedni\u010dki obilje\u017eili jedan od va\u017enih trenutaka u povijesti &#8211; Ma\u0111arsku revoluciju i borbu za slobodu 1956. godine.<\/p>\n\n\n\n<p>Na ovom posebnom doga\u0111aju podignut \u0107e se ma\u0111arska zastava s rupom u sredini, simbolom hrabrosti i otpora protiv komunizma i sovjetske vlasti. Zastava je postala znak otpora ma\u0111arskog naroda koji su se borili za slobodu i demokraciju.<\/p>\n\n\n\n<p> Datum: 23. listopada 2024.<br> Mjesto: trg A. Star\u010devi\u0107a, Osijek<br> Po\u010detak: 15:00 sati<\/p>\n\n\n\n<p>Sjetimo se hrabrosti onih koji su ustali za slobodu i borili se za bolju budu\u0107nost!<\/p>\n\n\n\n<figure class=\"wp-block-image size-full\"><img loading=\"lazy\" decoding=\"async\" width=\"531\" height=\"696\" src=\"https:\/\/udruga-106br.hr\/wp-content\/uploads\/2024\/10\/23.10.-Madarska-revolucija.png\" alt=\"\" class=\"wp-image-3602\" srcset=\"https:\/\/udruga-106br.hr\/wp-content\/uploads\/2024\/10\/23.10.-Madarska-revolucija.png 531w, https:\/\/udruga-106br.hr\/wp-content\/uploads\/2024\/10\/23.10.-Madarska-revolucija-229x300.png 229w\" sizes=\"auto, (max-width: 531px) 100vw, 531px\" \/><\/figure>\n<!-- AddThis Advanced Settings generic via filter on the_content --><!-- AddThis Share Buttons generic via filter on the_content -->","protected":false},"excerpt":{"rendered":"<p>Pozivamo vas da nam se pridru\u017eite u srijedu, 23. listopada 2024. godine, na sredi\u0161njem osje\u010dkom trgu kako bismo zajedni\u010dki obilje\u017eili jedan od va\u017enih trenutaka u povijesti &#8211; Ma\u0111arsku revoluciju i borbu za slobodu 1956. godine. Na ovom posebnom doga\u0111aju podignut \u0107e se ma\u0111arska zastava s rupom u sredini, simbolom hrabrosti i otpora protiv komunizma i &hellip; <a href=\"https:\/\/udruga-106br.hr\/index.php\/obiljezavanje-madarske-revolucije-i-borbe-za-slobodu-1956-godine-23-10-2024\/\" class=\"more-link\">Nastavi \u010ditati <span class=\"screen-reader-text\">Obilje\u017eavanje Ma\u0111arske revolucije i borbe za slobodu 1956. godine &#8211; 23.10.2024.<\/span><\/a><!-- AddThis Advanced Settings generic via filter on get_the_excerpt --><!-- AddThis Share Buttons generic via filter on get_the_excerpt --><\/p>\n","protected":false},"author":1,"featured_media":0,"comment_status":"closed","ping_status":"closed","sticky":false,"template":"","format":"standard","meta":{"footnotes":""},"categories":[32],"tags":[],"class_list":["post-3601","post","type-post","status-publish","format-standard","hentry","category-iz-zivota-udruge"],"_links":{"self":[{"href":"https:\/\/udruga-106br.hr\/index.php\/wp-json\/wp\/v2\/posts\/3601","targetHints":{"allow":["GET"]}}],"collection":[{"href":"https:\/\/udruga-106br.hr\/index.php\/wp-json\/wp\/v2\/posts"}],"about":[{"href":"https:\/\/udruga-106br.hr\/index.php\/wp-json\/wp\/v2\/types\/post"}],"author":[{"embeddable":true,"href":"https:\/\/udruga-106br.hr\/index.php\/wp-json\/wp\/v2\/users\/1"}],"replies":[{"embeddable":true,"href":"https:\/\/udruga-106br.hr\/index.php\/wp-json\/wp\/v2\/comments?post=3601"}],"version-history":[{"count":2,"href":"https:\/\/udruga-106br.hr\/index.php\/wp-json\/wp\/v2\/posts\/3601\/revisions"}],"predecessor-version":[{"id":3604,"href":"https:\/\/udruga-106br.hr\/index.php\/wp-json\/wp\/v2\/posts\/3601\/revisions\/3604"}],"wp:attachment":[{"href":"https:\/\/udruga-106br.hr\/index.php\/wp-json\/wp\/v2\/media?parent=3601"}],"wp:term":[{"taxonomy":"category","embeddable":true,"href":"https:\/\/udruga-106br.hr\/index.php\/wp-json\/wp\/v2\/categories?post=3601"},{"taxonomy":"post_tag","embeddable":true,"href":"https:\/\/udruga-106br.hr\/index.php\/wp-json\/wp\/v2\/tags?post=3601"}],"curies":[{"name":"wp","href":"https:\/\/api.w.org\/{rel}","templated":true}]}}