{"id":3615,"date":"2024-10-22T17:05:47","date_gmt":"2024-10-22T15:05:47","guid":{"rendered":"https:\/\/udruga-106br.hr\/?p=3615"},"modified":"2025-10-17T19:21:57","modified_gmt":"2025-10-17T17:21:57","slug":"3-hrvatskom-kongresu-o-palijativnoj-skrbi-s-medunarodnim-sudjelovanjem-24-26-10-2024-godine","status":"publish","type":"post","link":"https:\/\/udruga-106br.hr\/index.php\/3-hrvatskom-kongresu-o-palijativnoj-skrbi-s-medunarodnim-sudjelovanjem-24-26-10-2024-godine\/","title":{"rendered":"3. HRVATSKOM KONGRESU O PALIJATIVNOJ SKRBI &#8211; s me\u0111unarodnim sudjelovanjem &#8211; 24.-26.10.2024. godine"},"content":{"rendered":"\n<p>Dragi \u010dlanovi Udruge, prijatelji i pratitelji,<\/p>\n\n\n\n<p>Zaklada Sveti Franjo \u2013 palijativna skrb i Hrvatsko dru\u0161tvo za palijativnu medicinu Hrvatskog lije\u010dni\u010dkog zbora organiziraju 3. Hrvatski kongres o palijativnoj skrbi s me\u0111unarodnim sudjelovanjem, koji \u0107e se odr\u017eati od 24. do 26. listopada 2024. godine u Osijeku.<\/p>\n\n\n\n<p>Pozivamo sve zainteresirane da se pridru\u017ee ovom zna\u010dajnom doga\u0111aju koji \u0107e okupiti stru\u010dnjake iz podru\u010dja palijativne skrbi i medicinskih disciplina. Kongres je prilika za razmjenu iskustava, stjecanje novih znanja i ja\u010danje svijesti o va\u017enosti palijativne skrbi u na\u0161oj zajednici.<\/p>\n\n\n\n<p>Za sve dodatne informacije mo\u017eete se obratiti organizatorima putem sljede\u0107ih kontakata:<\/p>\n\n\n\n<p>Tehni\u010dki organizator:<br>\u017duti ma\u010dak d.o.o.<br>Dobojska ulica 34<br>10000 Zagreb, Hrvatska<br>Tel: +385 1 4880 610<br>Mob: +385 99 2572 470<br>E-mail: agencija@zutimacak.hr<\/p>\n\n\n\n<p>Veselimo se Va\u0161em odazivu i sudjelovanju!<\/p>\n\n\n\n<figure class=\"wp-block-image size-large\"><img loading=\"lazy\" decoding=\"async\" width=\"724\" height=\"1024\" src=\"https:\/\/udruga-106br.hr\/wp-content\/uploads\/2024\/10\/3.-simpozij-724x1024.png\" alt=\"\" class=\"wp-image-3616\" srcset=\"https:\/\/udruga-106br.hr\/wp-content\/uploads\/2024\/10\/3.-simpozij-724x1024.png 724w, https:\/\/udruga-106br.hr\/wp-content\/uploads\/2024\/10\/3.-simpozij-212x300.png 212w, https:\/\/udruga-106br.hr\/wp-content\/uploads\/2024\/10\/3.-simpozij-768x1086.png 768w, https:\/\/udruga-106br.hr\/wp-content\/uploads\/2024\/10\/3.-simpozij-1086x1536.png 1086w, https:\/\/udruga-106br.hr\/wp-content\/uploads\/2024\/10\/3.-simpozij-1448x2048.png 1448w, https:\/\/udruga-106br.hr\/wp-content\/uploads\/2024\/10\/3.-simpozij.png 1654w\" sizes=\"auto, (max-width: 724px) 100vw, 724px\" \/><\/figure>\n\n\n\n<div data-wp-interactive=\"core\/file\" class=\"wp-block-file\"><object data-wp-bind--hidden=\"!state.hasPdfPreview\" hidden class=\"wp-block-file__embed\" data=\"https:\/\/udruga-106br.hr\/wp-content\/uploads\/2024\/10\/Program-3.-Hrvatski-kongres-o-palijativnoj-skrbi-s-medunarodnim-sudjelovanjem-1_compressed.pdf\" type=\"application\/pdf\" style=\"width:100%;height:600px\" aria-label=\"Ugra\u0111eno Ugra\u0111eno Program-3.-Hrvatski-kongres-o-palijativnoj-skrbi-s-medunarodnim-sudjelovanjem-1_compressed..\"><\/object><a id=\"wp-block-file--media-6ebaaba7-1593-4303-af32-8073860f3fe8\" href=\"https:\/\/udruga-106br.hr\/wp-content\/uploads\/2024\/10\/Program-3.-Hrvatski-kongres-o-palijativnoj-skrbi-s-medunarodnim-sudjelovanjem-1_compressed.pdf\">Program-3.-Hrvatski-kongres-o-palijativnoj-skrbi-s-medunarodnim-sudjelovanjem-1_compressed<\/a><a href=\"https:\/\/udruga-106br.hr\/wp-content\/uploads\/2024\/10\/Program-3.-Hrvatski-kongres-o-palijativnoj-skrbi-s-medunarodnim-sudjelovanjem-1_compressed.pdf\" class=\"wp-block-file__button\" download aria-describedby=\"wp-block-file--media-6ebaaba7-1593-4303-af32-8073860f3fe8\">Preuzmi<\/a><\/div>\n<!-- AddThis Advanced Settings generic via filter on the_content --><!-- AddThis Share Buttons generic via filter on the_content -->","protected":false},"excerpt":{"rendered":"<p>Dragi \u010dlanovi Udruge, prijatelji i pratitelji, Zaklada Sveti Franjo \u2013 palijativna skrb i Hrvatsko dru\u0161tvo za palijativnu medicinu Hrvatskog lije\u010dni\u010dkog zbora organiziraju 3. Hrvatski kongres o palijativnoj skrbi s me\u0111unarodnim sudjelovanjem, koji \u0107e se odr\u017eati od 24. do 26. listopada 2024. godine u Osijeku. Pozivamo sve zainteresirane da se pridru\u017ee ovom zna\u010dajnom doga\u0111aju koji \u0107e &hellip; <a href=\"https:\/\/udruga-106br.hr\/index.php\/3-hrvatskom-kongresu-o-palijativnoj-skrbi-s-medunarodnim-sudjelovanjem-24-26-10-2024-godine\/\" class=\"more-link\">Nastavi \u010ditati <span class=\"screen-reader-text\">3. HRVATSKOM KONGRESU O PALIJATIVNOJ SKRBI &#8211; s me\u0111unarodnim sudjelovanjem &#8211; 24.-26.10.2024. godine<\/span><\/a><!-- AddThis Advanced Settings generic via filter on get_the_excerpt --><!-- AddThis Share Buttons generic via filter on get_the_excerpt --><\/p>\n","protected":false},"author":1,"featured_media":0,"comment_status":"closed","ping_status":"closed","sticky":false,"template":"","format":"standard","meta":{"footnotes":""},"categories":[32],"tags":[],"class_list":["post-3615","post","type-post","status-publish","format-standard","hentry","category-iz-zivota-udruge"],"_links":{"self":[{"href":"https:\/\/udruga-106br.hr\/index.php\/wp-json\/wp\/v2\/posts\/3615","targetHints":{"allow":["GET"]}}],"collection":[{"href":"https:\/\/udruga-106br.hr\/index.php\/wp-json\/wp\/v2\/posts"}],"about":[{"href":"https:\/\/udruga-106br.hr\/index.php\/wp-json\/wp\/v2\/types\/post"}],"author":[{"embeddable":true,"href":"https:\/\/udruga-106br.hr\/index.php\/wp-json\/wp\/v2\/users\/1"}],"replies":[{"embeddable":true,"href":"https:\/\/udruga-106br.hr\/index.php\/wp-json\/wp\/v2\/comments?post=3615"}],"version-history":[{"count":2,"href":"https:\/\/udruga-106br.hr\/index.php\/wp-json\/wp\/v2\/posts\/3615\/revisions"}],"predecessor-version":[{"id":3619,"href":"https:\/\/udruga-106br.hr\/index.php\/wp-json\/wp\/v2\/posts\/3615\/revisions\/3619"}],"wp:attachment":[{"href":"https:\/\/udruga-106br.hr\/index.php\/wp-json\/wp\/v2\/media?parent=3615"}],"wp:term":[{"taxonomy":"category","embeddable":true,"href":"https:\/\/udruga-106br.hr\/index.php\/wp-json\/wp\/v2\/categories?post=3615"},{"taxonomy":"post_tag","embeddable":true,"href":"https:\/\/udruga-106br.hr\/index.php\/wp-json\/wp\/v2\/tags?post=3615"}],"curies":[{"name":"wp","href":"https:\/\/api.w.org\/{rel}","templated":true}]}}