{"id":3620,"date":"2024-10-23T21:57:05","date_gmt":"2024-10-23T19:57:05","guid":{"rendered":"https:\/\/udruga-106br.hr\/?p=3620"},"modified":"2025-10-17T19:21:57","modified_gmt":"2025-10-17T17:21:57","slug":"23-10-2024-obiljezavanje-madarske-revolucije-i-borbe-za-slobodu-1956-godine","status":"publish","type":"post","link":"https:\/\/udruga-106br.hr\/index.php\/23-10-2024-obiljezavanje-madarske-revolucije-i-borbe-za-slobodu-1956-godine\/","title":{"rendered":"23.10.2024. Obilje\u017eavanje Ma\u0111arske revolucije i borbe za slobodu 1956. godine"},"content":{"rendered":"\n<p>Podizanjem zastave na sredi\u0161njem osje\u010dkom Trgu Ante Star\u010devi\u0107a, sve\u010dano je obilje\u017eena 68. godi\u0161njica Ma\u0111arske revolucije i borbe za slobodu iz 1956. godine.<\/p>\n\n\n\n<p>Ma\u0111arska revolucija iz 1956. godine ozna\u010dila je povijesni trenutak u kojem se ma\u0111arski narod digao protiv sovjetske vlasti. Iako je pobuna brutalno ugu\u0161ena nakon devet dana, mnogi Ma\u0111ari potra\u017eili su uto\u010di\u0161te u Hrvatskoj, a dio njih na\u0161ao je sigurnost upravo u Osijeku. Ovaj grad, koji je 1973. godine ostvario prvo slu\u017ebeno prijateljstvo s ma\u0111arskim gradom Pe\u010duhom, nastavlja njegovati povijesne veze izme\u0111u dvaju naroda.<\/p>\n\n\n\n<p>U okviru prigodnog programa, kod spomen-plo\u010de na pro\u010delju vile Hermann (dvorac Ma\u010dkamama), gdje su 1956. mnogi izbjegli Ma\u0111ari prona\u0161li skloni\u0161te, polo\u017eeni su vijenci u znak sje\u0107anja na ove va\u017ene doga\u0111aje. U ceremoniji su sudjelovali i predstavnici Udruge veterana 106. brigade Osijek.<\/p>\n\n\n\n<figure class=\"wp-block-gallery has-nested-images columns-default is-cropped wp-block-gallery-1 is-layout-flex wp-block-gallery-is-layout-flex\">\n<figure class=\"wp-block-image size-large\"><img loading=\"lazy\" decoding=\"async\" width=\"1024\" height=\"768\" data-id=\"3621\" src=\"https:\/\/udruga-106br.hr\/wp-content\/uploads\/2024\/10\/Madarska-revolucija-1024x768.jpg\" alt=\"\" class=\"wp-image-3621\" srcset=\"https:\/\/udruga-106br.hr\/wp-content\/uploads\/2024\/10\/Madarska-revolucija-1024x768.jpg 1024w, https:\/\/udruga-106br.hr\/wp-content\/uploads\/2024\/10\/Madarska-revolucija-300x225.jpg 300w, https:\/\/udruga-106br.hr\/wp-content\/uploads\/2024\/10\/Madarska-revolucija-768x576.jpg 768w, https:\/\/udruga-106br.hr\/wp-content\/uploads\/2024\/10\/Madarska-revolucija-1536x1152.jpg 1536w, https:\/\/udruga-106br.hr\/wp-content\/uploads\/2024\/10\/Madarska-revolucija.jpg 1600w\" sizes=\"auto, (max-width: 1024px) 100vw, 1024px\" \/><\/figure>\n\n\n\n<figure class=\"wp-block-image size-large\"><img loading=\"lazy\" decoding=\"async\" width=\"1024\" height=\"768\" data-id=\"3622\" src=\"https:\/\/udruga-106br.hr\/wp-content\/uploads\/2024\/10\/Madarska-revolucija1-1024x768.jpg\" alt=\"\" class=\"wp-image-3622\" srcset=\"https:\/\/udruga-106br.hr\/wp-content\/uploads\/2024\/10\/Madarska-revolucija1-1024x768.jpg 1024w, https:\/\/udruga-106br.hr\/wp-content\/uploads\/2024\/10\/Madarska-revolucija1-300x225.jpg 300w, https:\/\/udruga-106br.hr\/wp-content\/uploads\/2024\/10\/Madarska-revolucija1-768x576.jpg 768w, https:\/\/udruga-106br.hr\/wp-content\/uploads\/2024\/10\/Madarska-revolucija1-1536x1152.jpg 1536w, https:\/\/udruga-106br.hr\/wp-content\/uploads\/2024\/10\/Madarska-revolucija1.jpg 1600w\" sizes=\"auto, (max-width: 1024px) 100vw, 1024px\" \/><\/figure>\n\n\n\n<figure class=\"wp-block-image size-large\"><img loading=\"lazy\" decoding=\"async\" width=\"1024\" height=\"768\" data-id=\"3623\" src=\"https:\/\/udruga-106br.hr\/wp-content\/uploads\/2024\/10\/Madarska-revolucija2-1024x768.jpg\" alt=\"\" class=\"wp-image-3623\" srcset=\"https:\/\/udruga-106br.hr\/wp-content\/uploads\/2024\/10\/Madarska-revolucija2-1024x768.jpg 1024w, https:\/\/udruga-106br.hr\/wp-content\/uploads\/2024\/10\/Madarska-revolucija2-300x225.jpg 300w, https:\/\/udruga-106br.hr\/wp-content\/uploads\/2024\/10\/Madarska-revolucija2-768x576.jpg 768w, https:\/\/udruga-106br.hr\/wp-content\/uploads\/2024\/10\/Madarska-revolucija2-1536x1152.jpg 1536w, https:\/\/udruga-106br.hr\/wp-content\/uploads\/2024\/10\/Madarska-revolucija2.jpg 1600w\" sizes=\"auto, (max-width: 1024px) 100vw, 1024px\" \/><\/figure>\n<\/figure>\n<!-- AddThis Advanced Settings generic via filter on the_content --><!-- AddThis Share Buttons generic via filter on the_content -->","protected":false},"excerpt":{"rendered":"<p>Podizanjem zastave na sredi\u0161njem osje\u010dkom Trgu Ante Star\u010devi\u0107a, sve\u010dano je obilje\u017eena 68. godi\u0161njica Ma\u0111arske revolucije i borbe za slobodu iz 1956. godine. Ma\u0111arska revolucija iz 1956. godine ozna\u010dila je povijesni trenutak u kojem se ma\u0111arski narod digao protiv sovjetske vlasti. Iako je pobuna brutalno ugu\u0161ena nakon devet dana, mnogi Ma\u0111ari potra\u017eili su uto\u010di\u0161te u Hrvatskoj, &hellip; <a href=\"https:\/\/udruga-106br.hr\/index.php\/23-10-2024-obiljezavanje-madarske-revolucije-i-borbe-za-slobodu-1956-godine\/\" class=\"more-link\">Nastavi \u010ditati <span class=\"screen-reader-text\">23.10.2024. Obilje\u017eavanje Ma\u0111arske revolucije i borbe za slobodu 1956. godine<\/span><\/a><!-- AddThis Advanced Settings generic via filter on get_the_excerpt --><!-- AddThis Share Buttons generic via filter on get_the_excerpt --><\/p>\n","protected":false},"author":1,"featured_media":0,"comment_status":"closed","ping_status":"closed","sticky":false,"template":"","format":"standard","meta":{"footnotes":""},"categories":[32],"tags":[],"class_list":["post-3620","post","type-post","status-publish","format-standard","hentry","category-iz-zivota-udruge"],"_links":{"self":[{"href":"https:\/\/udruga-106br.hr\/index.php\/wp-json\/wp\/v2\/posts\/3620","targetHints":{"allow":["GET"]}}],"collection":[{"href":"https:\/\/udruga-106br.hr\/index.php\/wp-json\/wp\/v2\/posts"}],"about":[{"href":"https:\/\/udruga-106br.hr\/index.php\/wp-json\/wp\/v2\/types\/post"}],"author":[{"embeddable":true,"href":"https:\/\/udruga-106br.hr\/index.php\/wp-json\/wp\/v2\/users\/1"}],"replies":[{"embeddable":true,"href":"https:\/\/udruga-106br.hr\/index.php\/wp-json\/wp\/v2\/comments?post=3620"}],"version-history":[{"count":1,"href":"https:\/\/udruga-106br.hr\/index.php\/wp-json\/wp\/v2\/posts\/3620\/revisions"}],"predecessor-version":[{"id":3624,"href":"https:\/\/udruga-106br.hr\/index.php\/wp-json\/wp\/v2\/posts\/3620\/revisions\/3624"}],"wp:attachment":[{"href":"https:\/\/udruga-106br.hr\/index.php\/wp-json\/wp\/v2\/media?parent=3620"}],"wp:term":[{"taxonomy":"category","embeddable":true,"href":"https:\/\/udruga-106br.hr\/index.php\/wp-json\/wp\/v2\/categories?post=3620"},{"taxonomy":"post_tag","embeddable":true,"href":"https:\/\/udruga-106br.hr\/index.php\/wp-json\/wp\/v2\/tags?post=3620"}],"curies":[{"name":"wp","href":"https:\/\/api.w.org\/{rel}","templated":true}]}}