{"id":3631,"date":"2024-10-24T21:11:53","date_gmt":"2024-10-24T19:11:53","guid":{"rendered":"https:\/\/udruga-106br.hr\/?p=3631"},"modified":"2025-10-17T19:21:57","modified_gmt":"2025-10-17T17:21:57","slug":"3-kongres-o-palijativnoj-skrbi-s-medunarodnim-sudjelovanjem-u-osijeku","status":"publish","type":"post","link":"https:\/\/udruga-106br.hr\/index.php\/3-kongres-o-palijativnoj-skrbi-s-medunarodnim-sudjelovanjem-u-osijeku\/","title":{"rendered":"3. Kongres o palijativnoj skrbi s me\u0111unarodnim sudjelovanjem u Osijeku"},"content":{"rendered":"\n<p>Danas, 24. listopada 2024., sve\u010dano je otvoren 3. Kongres o palijativnoj skrbi u Osijeku koji \u0107e trajati do 26. listopada! Ovaj iznimno va\u017ean doga\u0111aj okuplja stru\u010dnjake iz cijelog svijeta kako bi razmijenili iskustva i znanja o palijativnoj skrbi te unaprijedili kvalitetu \u017eivota onih kojima je potrebna najve\u0107a podr\u0161ka.<\/p>\n\n\n\n<p>Na sve\u010danom otvaranju, prigodnom domjenku te predavanjima sudjelovali su i predstavnici na\u0161e Udruge veterana 106. brigade Osijek.<\/p>\n\n\n\n<p>Ponosni smo \u0161to smo dio ovakvih inicijativa koje promi\u010du humanost, solidarnost i brigu o onima kojima je pomo\u0107 najpotrebnija.<\/p>\n\n\n\n<p>Hvala organizatorima na prilici da podr\u017eimo ovaj va\u017ean kongres i \u010destitke svima na dosada\u0161njim postignu\u0107ima. Radujemo se budu\u0107im predavanjima i diskusijama!<\/p>\n\n\n\n<figure class=\"wp-block-gallery has-nested-images columns-default is-cropped wp-block-gallery-1 is-layout-flex wp-block-gallery-is-layout-flex\">\n<figure class=\"wp-block-image size-large\"><img loading=\"lazy\" decoding=\"async\" width=\"1024\" height=\"771\" data-id=\"3632\" src=\"https:\/\/udruga-106br.hr\/wp-content\/uploads\/2024\/10\/3.-simpozij-1-1024x771.jpg\" alt=\"\" class=\"wp-image-3632\" srcset=\"https:\/\/udruga-106br.hr\/wp-content\/uploads\/2024\/10\/3.-simpozij-1-1024x771.jpg 1024w, https:\/\/udruga-106br.hr\/wp-content\/uploads\/2024\/10\/3.-simpozij-1-300x226.jpg 300w, https:\/\/udruga-106br.hr\/wp-content\/uploads\/2024\/10\/3.-simpozij-1-768x578.jpg 768w, https:\/\/udruga-106br.hr\/wp-content\/uploads\/2024\/10\/3.-simpozij-1-1536x1157.jpg 1536w, https:\/\/udruga-106br.hr\/wp-content\/uploads\/2024\/10\/3.-simpozij-1.jpg 1600w\" sizes=\"auto, (max-width: 1024px) 100vw, 1024px\" \/><\/figure>\n\n\n\n<figure class=\"wp-block-image size-large\"><img loading=\"lazy\" decoding=\"async\" width=\"1024\" height=\"771\" data-id=\"3633\" src=\"https:\/\/udruga-106br.hr\/wp-content\/uploads\/2024\/10\/3.-simpozij-1024x771.jpg\" alt=\"\" class=\"wp-image-3633\" srcset=\"https:\/\/udruga-106br.hr\/wp-content\/uploads\/2024\/10\/3.-simpozij-1024x771.jpg 1024w, https:\/\/udruga-106br.hr\/wp-content\/uploads\/2024\/10\/3.-simpozij-300x226.jpg 300w, https:\/\/udruga-106br.hr\/wp-content\/uploads\/2024\/10\/3.-simpozij-768x578.jpg 768w, https:\/\/udruga-106br.hr\/wp-content\/uploads\/2024\/10\/3.-simpozij-1536x1157.jpg 1536w, https:\/\/udruga-106br.hr\/wp-content\/uploads\/2024\/10\/3.-simpozij.jpg 1600w\" sizes=\"auto, (max-width: 1024px) 100vw, 1024px\" \/><\/figure>\n<\/figure>\n<!-- AddThis Advanced Settings generic via filter on the_content --><!-- AddThis Share Buttons generic via filter on the_content -->","protected":false},"excerpt":{"rendered":"<p>Danas, 24. listopada 2024., sve\u010dano je otvoren 3. Kongres o palijativnoj skrbi u Osijeku koji \u0107e trajati do 26. listopada! Ovaj iznimno va\u017ean doga\u0111aj okuplja stru\u010dnjake iz cijelog svijeta kako bi razmijenili iskustva i znanja o palijativnoj skrbi te unaprijedili kvalitetu \u017eivota onih kojima je potrebna najve\u0107a podr\u0161ka. Na sve\u010danom otvaranju, prigodnom domjenku te predavanjima &hellip; <a href=\"https:\/\/udruga-106br.hr\/index.php\/3-kongres-o-palijativnoj-skrbi-s-medunarodnim-sudjelovanjem-u-osijeku\/\" class=\"more-link\">Nastavi \u010ditati <span class=\"screen-reader-text\">3. Kongres o palijativnoj skrbi s me\u0111unarodnim sudjelovanjem u Osijeku<\/span><\/a><!-- AddThis Advanced Settings generic via filter on get_the_excerpt --><!-- AddThis Share Buttons generic via filter on get_the_excerpt --><\/p>\n","protected":false},"author":1,"featured_media":0,"comment_status":"closed","ping_status":"closed","sticky":false,"template":"","format":"standard","meta":{"footnotes":""},"categories":[32],"tags":[],"class_list":["post-3631","post","type-post","status-publish","format-standard","hentry","category-iz-zivota-udruge"],"_links":{"self":[{"href":"https:\/\/udruga-106br.hr\/index.php\/wp-json\/wp\/v2\/posts\/3631","targetHints":{"allow":["GET"]}}],"collection":[{"href":"https:\/\/udruga-106br.hr\/index.php\/wp-json\/wp\/v2\/posts"}],"about":[{"href":"https:\/\/udruga-106br.hr\/index.php\/wp-json\/wp\/v2\/types\/post"}],"author":[{"embeddable":true,"href":"https:\/\/udruga-106br.hr\/index.php\/wp-json\/wp\/v2\/users\/1"}],"replies":[{"embeddable":true,"href":"https:\/\/udruga-106br.hr\/index.php\/wp-json\/wp\/v2\/comments?post=3631"}],"version-history":[{"count":1,"href":"https:\/\/udruga-106br.hr\/index.php\/wp-json\/wp\/v2\/posts\/3631\/revisions"}],"predecessor-version":[{"id":3634,"href":"https:\/\/udruga-106br.hr\/index.php\/wp-json\/wp\/v2\/posts\/3631\/revisions\/3634"}],"wp:attachment":[{"href":"https:\/\/udruga-106br.hr\/index.php\/wp-json\/wp\/v2\/media?parent=3631"}],"wp:term":[{"taxonomy":"category","embeddable":true,"href":"https:\/\/udruga-106br.hr\/index.php\/wp-json\/wp\/v2\/categories?post=3631"},{"taxonomy":"post_tag","embeddable":true,"href":"https:\/\/udruga-106br.hr\/index.php\/wp-json\/wp\/v2\/tags?post=3631"}],"curies":[{"name":"wp","href":"https:\/\/api.w.org\/{rel}","templated":true}]}}