{"id":3635,"date":"2024-10-24T21:21:51","date_gmt":"2024-10-24T19:21:51","guid":{"rendered":"https:\/\/udruga-106br.hr\/?p=3635"},"modified":"2025-10-17T19:21:57","modified_gmt":"2025-10-17T17:21:57","slug":"braniteljska-liga-2024-jesenski-dio-belot","status":"publish","type":"post","link":"https:\/\/udruga-106br.hr\/index.php\/braniteljska-liga-2024-jesenski-dio-belot\/","title":{"rendered":"Braniteljska liga 2024. &#8211; jesenski dio &#8211; Belot"},"content":{"rendered":"\n<p>Dragi \u010dlanovi, hrvatski branitelji, prijatelji i pratitelji,<\/p>\n\n\n\n<p>s ponosom nastavljamo Braniteljsku ligu 2024. godine i kre\u0107emo s jesenskim dijelom natjecanja! U sklopu lige odr\u017eava se i natjecanje u belotu, jednoj od omiljenih igara me\u0111u braniteljima. <\/p>\n\n\n\n<p>Ova natjecanja nisu samo prilika za dru\u017eenje i zabavu, ve\u0107 i za povezivanje i ja\u010danje zajedni\u0161tva me\u0111u nama. Kroz ovakve aktivnosti pru\u017eamo podr\u0161ku jedni drugima, poti\u010demo socijalnu interakciju te doprinosimo mentalnom i fizi\u010dkom zdravlju hrvatskih branitelja.<\/p>\n\n\n\n<p>Pridru\u017eite nam se i budite dio ove pobjedni\u010dke ekipe jer imamo jo\u0161 sportskih aktivnosti u kojima mo\u017eete sudjelovati! Svi ste dobrodo\u0161li \u2013 bez obzira na godine i kondiciju, jer va\u017eno je sudjelovati i odr\u017eati duh zajedni\u0161tva koji nas je kroz sve ove godine dr\u017eao sna\u017enima!<\/p>\n\n\n\n<figure class=\"wp-block-gallery has-nested-images columns-default is-cropped wp-block-gallery-1 is-layout-flex wp-block-gallery-is-layout-flex\">\n<figure class=\"wp-block-image size-large\"><img loading=\"lazy\" decoding=\"async\" width=\"1024\" height=\"771\" data-id=\"3636\" src=\"https:\/\/udruga-106br.hr\/wp-content\/uploads\/2024\/10\/belot-1024x771.jpg\" alt=\"\" class=\"wp-image-3636\" srcset=\"https:\/\/udruga-106br.hr\/wp-content\/uploads\/2024\/10\/belot-1024x771.jpg 1024w, https:\/\/udruga-106br.hr\/wp-content\/uploads\/2024\/10\/belot-300x226.jpg 300w, https:\/\/udruga-106br.hr\/wp-content\/uploads\/2024\/10\/belot-768x578.jpg 768w, https:\/\/udruga-106br.hr\/wp-content\/uploads\/2024\/10\/belot-1536x1157.jpg 1536w, https:\/\/udruga-106br.hr\/wp-content\/uploads\/2024\/10\/belot.jpg 1600w\" sizes=\"auto, (max-width: 1024px) 100vw, 1024px\" \/><\/figure>\n\n\n\n<figure class=\"wp-block-image size-large\"><img loading=\"lazy\" decoding=\"async\" width=\"1024\" height=\"771\" data-id=\"3637\" src=\"https:\/\/udruga-106br.hr\/wp-content\/uploads\/2024\/10\/belot1-1024x771.jpg\" alt=\"\" class=\"wp-image-3637\" srcset=\"https:\/\/udruga-106br.hr\/wp-content\/uploads\/2024\/10\/belot1-1024x771.jpg 1024w, https:\/\/udruga-106br.hr\/wp-content\/uploads\/2024\/10\/belot1-300x226.jpg 300w, https:\/\/udruga-106br.hr\/wp-content\/uploads\/2024\/10\/belot1-768x578.jpg 768w, https:\/\/udruga-106br.hr\/wp-content\/uploads\/2024\/10\/belot1-1536x1157.jpg 1536w, https:\/\/udruga-106br.hr\/wp-content\/uploads\/2024\/10\/belot1.jpg 1600w\" sizes=\"auto, (max-width: 1024px) 100vw, 1024px\" \/><\/figure>\n\n\n\n<figure class=\"wp-block-image size-large\"><img loading=\"lazy\" decoding=\"async\" width=\"1024\" height=\"771\" data-id=\"3638\" src=\"https:\/\/udruga-106br.hr\/wp-content\/uploads\/2024\/10\/belot-24.10.-1024x771.jpg\" alt=\"\" class=\"wp-image-3638\" srcset=\"https:\/\/udruga-106br.hr\/wp-content\/uploads\/2024\/10\/belot-24.10.-1024x771.jpg 1024w, https:\/\/udruga-106br.hr\/wp-content\/uploads\/2024\/10\/belot-24.10.-300x226.jpg 300w, https:\/\/udruga-106br.hr\/wp-content\/uploads\/2024\/10\/belot-24.10.-768x578.jpg 768w, https:\/\/udruga-106br.hr\/wp-content\/uploads\/2024\/10\/belot-24.10.-1536x1157.jpg 1536w, https:\/\/udruga-106br.hr\/wp-content\/uploads\/2024\/10\/belot-24.10..jpg 1600w\" sizes=\"auto, (max-width: 1024px) 100vw, 1024px\" \/><\/figure>\n<\/figure>\n<!-- AddThis Advanced Settings generic via filter on the_content --><!-- AddThis Share Buttons generic via filter on the_content -->","protected":false},"excerpt":{"rendered":"<p>Dragi \u010dlanovi, hrvatski branitelji, prijatelji i pratitelji, s ponosom nastavljamo Braniteljsku ligu 2024. godine i kre\u0107emo s jesenskim dijelom natjecanja! U sklopu lige odr\u017eava se i natjecanje u belotu, jednoj od omiljenih igara me\u0111u braniteljima. Ova natjecanja nisu samo prilika za dru\u017eenje i zabavu, ve\u0107 i za povezivanje i ja\u010danje zajedni\u0161tva me\u0111u nama. Kroz ovakve &hellip; <a href=\"https:\/\/udruga-106br.hr\/index.php\/braniteljska-liga-2024-jesenski-dio-belot\/\" class=\"more-link\">Nastavi \u010ditati <span class=\"screen-reader-text\">Braniteljska liga 2024. &#8211; jesenski dio &#8211; Belot<\/span><\/a><!-- AddThis Advanced Settings generic via filter on get_the_excerpt --><!-- AddThis Share Buttons generic via filter on get_the_excerpt --><\/p>\n","protected":false},"author":1,"featured_media":0,"comment_status":"closed","ping_status":"closed","sticky":false,"template":"","format":"standard","meta":{"footnotes":""},"categories":[32],"tags":[],"class_list":["post-3635","post","type-post","status-publish","format-standard","hentry","category-iz-zivota-udruge"],"_links":{"self":[{"href":"https:\/\/udruga-106br.hr\/index.php\/wp-json\/wp\/v2\/posts\/3635","targetHints":{"allow":["GET"]}}],"collection":[{"href":"https:\/\/udruga-106br.hr\/index.php\/wp-json\/wp\/v2\/posts"}],"about":[{"href":"https:\/\/udruga-106br.hr\/index.php\/wp-json\/wp\/v2\/types\/post"}],"author":[{"embeddable":true,"href":"https:\/\/udruga-106br.hr\/index.php\/wp-json\/wp\/v2\/users\/1"}],"replies":[{"embeddable":true,"href":"https:\/\/udruga-106br.hr\/index.php\/wp-json\/wp\/v2\/comments?post=3635"}],"version-history":[{"count":1,"href":"https:\/\/udruga-106br.hr\/index.php\/wp-json\/wp\/v2\/posts\/3635\/revisions"}],"predecessor-version":[{"id":3639,"href":"https:\/\/udruga-106br.hr\/index.php\/wp-json\/wp\/v2\/posts\/3635\/revisions\/3639"}],"wp:attachment":[{"href":"https:\/\/udruga-106br.hr\/index.php\/wp-json\/wp\/v2\/media?parent=3635"}],"wp:term":[{"taxonomy":"category","embeddable":true,"href":"https:\/\/udruga-106br.hr\/index.php\/wp-json\/wp\/v2\/categories?post=3635"},{"taxonomy":"post_tag","embeddable":true,"href":"https:\/\/udruga-106br.hr\/index.php\/wp-json\/wp\/v2\/tags?post=3635"}],"curies":[{"name":"wp","href":"https:\/\/api.w.org\/{rel}","templated":true}]}}