{"id":3643,"date":"2024-10-25T23:16:34","date_gmt":"2024-10-25T21:16:34","guid":{"rendered":"https:\/\/udruga-106br.hr\/?p=3643"},"modified":"2025-10-17T19:21:57","modified_gmt":"2025-10-17T17:21:57","slug":"33-godisnjica-progona-mjestana-tordinaca","status":"publish","type":"post","link":"https:\/\/udruga-106br.hr\/index.php\/33-godisnjica-progona-mjestana-tordinaca\/","title":{"rendered":"33. godi\u0161njica progona mje\u0161tana Tordinaca"},"content":{"rendered":"\n<p>Danas, 25. listopada, prisjetili smo se te\u0161kih trenutaka i hrabrosti mje\u0161tana Tordinaca obilje\u017eavaju\u0107i 33. godi\u0161njicu njihovog progona. Uz brojne uzvanike, predstavnici Udruge veterana 106. brigade Osijek sudjelovali su u sve\u010danoj povorci do Spomen obilje\u017eja \u201eGolubica\u201c, gdje su zapalili svije\u0107u u \u010dast svim poginulim braniteljima i civilima iz Domovinskog rata.<\/p>\n\n\n\n<p>Nakon polaganja vijenaca, u crkvi Presvetog Trojstva slu\u017eena je misa zadu\u0161nica, \u010dime smo odali po\u010dast svim \u017ertvama i izrazili zahvalnost za njihovu \u017ertvu. Ovaj dan obilje\u017eavanja 33. godi\u0161njice njihovog progona smo zavr\u0161ili u prijateljskom dru\u017eenju u prostorijama Op\u0107ine Tordinci, gdje smo se prisjetili zajedni\u0161tva koje nas povezuje kroz godine.<\/p>\n\n\n\n<p>Vje\u010dna hvala na\u0161im herojima. <\/p>\n\n\n\n<figure class=\"wp-block-gallery has-nested-images columns-default is-cropped wp-block-gallery-1 is-layout-flex wp-block-gallery-is-layout-flex\">\n<figure class=\"wp-block-image size-large\"><img loading=\"lazy\" decoding=\"async\" width=\"1024\" height=\"768\" data-id=\"3650\" src=\"https:\/\/udruga-106br.hr\/wp-content\/uploads\/2024\/10\/25.10.Tordinci9-1024x768.jpg\" alt=\"\" class=\"wp-image-3650\" srcset=\"https:\/\/udruga-106br.hr\/wp-content\/uploads\/2024\/10\/25.10.Tordinci9-1024x768.jpg 1024w, https:\/\/udruga-106br.hr\/wp-content\/uploads\/2024\/10\/25.10.Tordinci9-300x225.jpg 300w, https:\/\/udruga-106br.hr\/wp-content\/uploads\/2024\/10\/25.10.Tordinci9-768x576.jpg 768w, https:\/\/udruga-106br.hr\/wp-content\/uploads\/2024\/10\/25.10.Tordinci9-1536x1152.jpg 1536w, https:\/\/udruga-106br.hr\/wp-content\/uploads\/2024\/10\/25.10.Tordinci9.jpg 1600w\" sizes=\"auto, (max-width: 1024px) 100vw, 1024px\" \/><\/figure>\n\n\n\n<figure class=\"wp-block-image size-large\"><img loading=\"lazy\" decoding=\"async\" width=\"1024\" height=\"576\" data-id=\"3644\" src=\"https:\/\/udruga-106br.hr\/wp-content\/uploads\/2024\/10\/25.10.Tordinci-1024x576.jpg\" alt=\"\" class=\"wp-image-3644\" srcset=\"https:\/\/udruga-106br.hr\/wp-content\/uploads\/2024\/10\/25.10.Tordinci-1024x576.jpg 1024w, https:\/\/udruga-106br.hr\/wp-content\/uploads\/2024\/10\/25.10.Tordinci-300x169.jpg 300w, https:\/\/udruga-106br.hr\/wp-content\/uploads\/2024\/10\/25.10.Tordinci-768x432.jpg 768w, https:\/\/udruga-106br.hr\/wp-content\/uploads\/2024\/10\/25.10.Tordinci-1536x864.jpg 1536w, https:\/\/udruga-106br.hr\/wp-content\/uploads\/2024\/10\/25.10.Tordinci.jpg 1600w\" sizes=\"auto, (max-width: 1024px) 100vw, 1024px\" \/><\/figure>\n\n\n\n<figure class=\"wp-block-image size-large\"><img loading=\"lazy\" decoding=\"async\" width=\"1024\" height=\"768\" data-id=\"3645\" src=\"https:\/\/udruga-106br.hr\/wp-content\/uploads\/2024\/10\/25.10.Tordinci7-1024x768.jpg\" alt=\"\" class=\"wp-image-3645\" srcset=\"https:\/\/udruga-106br.hr\/wp-content\/uploads\/2024\/10\/25.10.Tordinci7-1024x768.jpg 1024w, https:\/\/udruga-106br.hr\/wp-content\/uploads\/2024\/10\/25.10.Tordinci7-300x225.jpg 300w, https:\/\/udruga-106br.hr\/wp-content\/uploads\/2024\/10\/25.10.Tordinci7-768x576.jpg 768w, https:\/\/udruga-106br.hr\/wp-content\/uploads\/2024\/10\/25.10.Tordinci7-1536x1152.jpg 1536w, https:\/\/udruga-106br.hr\/wp-content\/uploads\/2024\/10\/25.10.Tordinci7.jpg 1600w\" sizes=\"auto, (max-width: 1024px) 100vw, 1024px\" \/><\/figure>\n\n\n\n<figure class=\"wp-block-image size-large\"><img loading=\"lazy\" decoding=\"async\" width=\"1024\" height=\"768\" data-id=\"3649\" src=\"https:\/\/udruga-106br.hr\/wp-content\/uploads\/2024\/10\/25.10.Tordinci6-1024x768.jpg\" alt=\"\" class=\"wp-image-3649\" srcset=\"https:\/\/udruga-106br.hr\/wp-content\/uploads\/2024\/10\/25.10.Tordinci6-1024x768.jpg 1024w, https:\/\/udruga-106br.hr\/wp-content\/uploads\/2024\/10\/25.10.Tordinci6-300x225.jpg 300w, https:\/\/udruga-106br.hr\/wp-content\/uploads\/2024\/10\/25.10.Tordinci6-768x576.jpg 768w, https:\/\/udruga-106br.hr\/wp-content\/uploads\/2024\/10\/25.10.Tordinci6-1536x1152.jpg 1536w, https:\/\/udruga-106br.hr\/wp-content\/uploads\/2024\/10\/25.10.Tordinci6.jpg 1600w\" sizes=\"auto, (max-width: 1024px) 100vw, 1024px\" \/><\/figure>\n\n\n\n<figure class=\"wp-block-image size-large\"><img loading=\"lazy\" decoding=\"async\" width=\"1024\" height=\"768\" data-id=\"3651\" src=\"https:\/\/udruga-106br.hr\/wp-content\/uploads\/2024\/10\/25.10.Tordinci8-1024x768.jpg\" alt=\"\" class=\"wp-image-3651\" srcset=\"https:\/\/udruga-106br.hr\/wp-content\/uploads\/2024\/10\/25.10.Tordinci8-1024x768.jpg 1024w, https:\/\/udruga-106br.hr\/wp-content\/uploads\/2024\/10\/25.10.Tordinci8-300x225.jpg 300w, https:\/\/udruga-106br.hr\/wp-content\/uploads\/2024\/10\/25.10.Tordinci8-768x576.jpg 768w, https:\/\/udruga-106br.hr\/wp-content\/uploads\/2024\/10\/25.10.Tordinci8-1536x1152.jpg 1536w, https:\/\/udruga-106br.hr\/wp-content\/uploads\/2024\/10\/25.10.Tordinci8.jpg 1600w\" sizes=\"auto, (max-width: 1024px) 100vw, 1024px\" \/><\/figure>\n\n\n\n<figure class=\"wp-block-image size-large\"><img loading=\"lazy\" decoding=\"async\" width=\"1024\" height=\"768\" data-id=\"3647\" src=\"https:\/\/udruga-106br.hr\/wp-content\/uploads\/2024\/10\/25.10.Tordinci5-1024x768.jpg\" alt=\"\" class=\"wp-image-3647\" srcset=\"https:\/\/udruga-106br.hr\/wp-content\/uploads\/2024\/10\/25.10.Tordinci5-1024x768.jpg 1024w, https:\/\/udruga-106br.hr\/wp-content\/uploads\/2024\/10\/25.10.Tordinci5-300x225.jpg 300w, https:\/\/udruga-106br.hr\/wp-content\/uploads\/2024\/10\/25.10.Tordinci5-768x576.jpg 768w, https:\/\/udruga-106br.hr\/wp-content\/uploads\/2024\/10\/25.10.Tordinci5-1536x1152.jpg 1536w, https:\/\/udruga-106br.hr\/wp-content\/uploads\/2024\/10\/25.10.Tordinci5.jpg 1600w\" sizes=\"auto, (max-width: 1024px) 100vw, 1024px\" \/><\/figure>\n\n\n\n<figure class=\"wp-block-image size-large\"><img loading=\"lazy\" decoding=\"async\" width=\"768\" height=\"1024\" data-id=\"3646\" src=\"https:\/\/udruga-106br.hr\/wp-content\/uploads\/2024\/10\/25.10.Tordinci3-768x1024.jpg\" alt=\"\" class=\"wp-image-3646\" srcset=\"https:\/\/udruga-106br.hr\/wp-content\/uploads\/2024\/10\/25.10.Tordinci3-768x1024.jpg 768w, https:\/\/udruga-106br.hr\/wp-content\/uploads\/2024\/10\/25.10.Tordinci3-225x300.jpg 225w, https:\/\/udruga-106br.hr\/wp-content\/uploads\/2024\/10\/25.10.Tordinci3-1152x1536.jpg 1152w, https:\/\/udruga-106br.hr\/wp-content\/uploads\/2024\/10\/25.10.Tordinci3.jpg 1200w\" sizes=\"auto, (max-width: 768px) 100vw, 768px\" \/><\/figure>\n\n\n\n<figure class=\"wp-block-image size-large\"><img loading=\"lazy\" decoding=\"async\" width=\"1024\" height=\"768\" data-id=\"3648\" src=\"https:\/\/udruga-106br.hr\/wp-content\/uploads\/2024\/10\/25.10.Tordinci4-1024x768.jpg\" alt=\"\" class=\"wp-image-3648\" srcset=\"https:\/\/udruga-106br.hr\/wp-content\/uploads\/2024\/10\/25.10.Tordinci4-1024x768.jpg 1024w, https:\/\/udruga-106br.hr\/wp-content\/uploads\/2024\/10\/25.10.Tordinci4-300x225.jpg 300w, https:\/\/udruga-106br.hr\/wp-content\/uploads\/2024\/10\/25.10.Tordinci4-768x576.jpg 768w, https:\/\/udruga-106br.hr\/wp-content\/uploads\/2024\/10\/25.10.Tordinci4-1536x1152.jpg 1536w, https:\/\/udruga-106br.hr\/wp-content\/uploads\/2024\/10\/25.10.Tordinci4.jpg 1600w\" sizes=\"auto, (max-width: 1024px) 100vw, 1024px\" \/><\/figure>\n<\/figure>\n<!-- AddThis Advanced Settings generic via filter on the_content --><!-- AddThis Share Buttons generic via filter on the_content -->","protected":false},"excerpt":{"rendered":"<p>Danas, 25. listopada, prisjetili smo se te\u0161kih trenutaka i hrabrosti mje\u0161tana Tordinaca obilje\u017eavaju\u0107i 33. godi\u0161njicu njihovog progona. Uz brojne uzvanike, predstavnici Udruge veterana 106. brigade Osijek sudjelovali su u sve\u010danoj povorci do Spomen obilje\u017eja \u201eGolubica\u201c, gdje su zapalili svije\u0107u u \u010dast svim poginulim braniteljima i civilima iz Domovinskog rata. Nakon polaganja vijenaca, u crkvi Presvetog &hellip; <a href=\"https:\/\/udruga-106br.hr\/index.php\/33-godisnjica-progona-mjestana-tordinaca\/\" class=\"more-link\">Nastavi \u010ditati <span class=\"screen-reader-text\">33. godi\u0161njica progona mje\u0161tana Tordinaca<\/span><\/a><!-- AddThis Advanced Settings generic via filter on get_the_excerpt --><!-- AddThis Share Buttons generic via filter on get_the_excerpt --><\/p>\n","protected":false},"author":1,"featured_media":0,"comment_status":"closed","ping_status":"closed","sticky":false,"template":"","format":"standard","meta":{"footnotes":""},"categories":[32],"tags":[],"class_list":["post-3643","post","type-post","status-publish","format-standard","hentry","category-iz-zivota-udruge"],"_links":{"self":[{"href":"https:\/\/udruga-106br.hr\/index.php\/wp-json\/wp\/v2\/posts\/3643","targetHints":{"allow":["GET"]}}],"collection":[{"href":"https:\/\/udruga-106br.hr\/index.php\/wp-json\/wp\/v2\/posts"}],"about":[{"href":"https:\/\/udruga-106br.hr\/index.php\/wp-json\/wp\/v2\/types\/post"}],"author":[{"embeddable":true,"href":"https:\/\/udruga-106br.hr\/index.php\/wp-json\/wp\/v2\/users\/1"}],"replies":[{"embeddable":true,"href":"https:\/\/udruga-106br.hr\/index.php\/wp-json\/wp\/v2\/comments?post=3643"}],"version-history":[{"count":1,"href":"https:\/\/udruga-106br.hr\/index.php\/wp-json\/wp\/v2\/posts\/3643\/revisions"}],"predecessor-version":[{"id":3652,"href":"https:\/\/udruga-106br.hr\/index.php\/wp-json\/wp\/v2\/posts\/3643\/revisions\/3652"}],"wp:attachment":[{"href":"https:\/\/udruga-106br.hr\/index.php\/wp-json\/wp\/v2\/media?parent=3643"}],"wp:term":[{"taxonomy":"category","embeddable":true,"href":"https:\/\/udruga-106br.hr\/index.php\/wp-json\/wp\/v2\/categories?post=3643"},{"taxonomy":"post_tag","embeddable":true,"href":"https:\/\/udruga-106br.hr\/index.php\/wp-json\/wp\/v2\/tags?post=3643"}],"curies":[{"name":"wp","href":"https:\/\/api.w.org\/{rel}","templated":true}]}}