{"id":3653,"date":"2024-10-25T23:25:45","date_gmt":"2024-10-25T21:25:45","guid":{"rendered":"https:\/\/udruga-106br.hr\/?p=3653"},"modified":"2025-10-17T19:21:57","modified_gmt":"2025-10-17T17:21:57","slug":"25-10-2024-odrzano-predavanje-i-radionica-zajedno-u-borbi-za-dostojanstveni-zivot-braniteljica-i-branitelja","status":"publish","type":"post","link":"https:\/\/udruga-106br.hr\/index.php\/25-10-2024-odrzano-predavanje-i-radionica-zajedno-u-borbi-za-dostojanstveni-zivot-braniteljica-i-branitelja\/","title":{"rendered":"25.10.2024. Odr\u017eano predavanje i radionica &#8220;Zajedno u borbi za dostojanstveni \u017eivot braniteljica i branitelja&#8221;"},"content":{"rendered":"\n<p>Hvala svima koji su sudjelovali i podr\u017eali ovu va\u017enu inicijativu kroz projekt &#8220;Skupa u ratu &#8211; ja\u010de u miru&#8221;! Nastavljamo dalje, zajedno i ja\u010di nego ikad! <\/p>\n\n\n\n<p>U predivnoj atmosferi hotela Mursa, \u010dlanovi i predstavnici Udruge veterana 106. brigade Osijek pridru\u017eili su se predavanju i radionici na\u0161ih braniteljica iz Udruge hrvatskih braniteljica Osje\u010dko-baranjske \u017eupanije. Tema \u201cZajedno u borbi za dostojanstveni \u017eivot braniteljica i branitelja\u201d potaknula je otvorene razgovore, dok nas je radionica smijeha pod vodstvom dr. Vesne Or\u0161uli\u0107 povezala i nasmijala! <\/p>\n\n\n\n<p>Hvala svima koji su sudjelovali i podr\u017eali ovu va\u017enu inicijativu kroz projekt &#8220;Skupa u ratu &#8211; ja\u010de u miru&#8221;! Nastavljamo dalje, zajedno i ja\u010di nego ikad! <\/p>\n\n\n\n<figure class=\"wp-block-gallery has-nested-images columns-default is-cropped wp-block-gallery-1 is-layout-flex wp-block-gallery-is-layout-flex\">\n<figure class=\"wp-block-image size-large\"><img loading=\"lazy\" decoding=\"async\" width=\"1024\" height=\"771\" data-id=\"3655\" src=\"https:\/\/udruga-106br.hr\/wp-content\/uploads\/2024\/10\/25.10.braniteljice-1024x771.jpg\" alt=\"\" class=\"wp-image-3655\" srcset=\"https:\/\/udruga-106br.hr\/wp-content\/uploads\/2024\/10\/25.10.braniteljice-1024x771.jpg 1024w, https:\/\/udruga-106br.hr\/wp-content\/uploads\/2024\/10\/25.10.braniteljice-300x226.jpg 300w, https:\/\/udruga-106br.hr\/wp-content\/uploads\/2024\/10\/25.10.braniteljice-768x578.jpg 768w, https:\/\/udruga-106br.hr\/wp-content\/uploads\/2024\/10\/25.10.braniteljice-1536x1157.jpg 1536w, https:\/\/udruga-106br.hr\/wp-content\/uploads\/2024\/10\/25.10.braniteljice.jpg 1600w\" sizes=\"auto, (max-width: 1024px) 100vw, 1024px\" \/><\/figure>\n\n\n\n<figure class=\"wp-block-image size-large\"><img loading=\"lazy\" decoding=\"async\" width=\"1024\" height=\"771\" data-id=\"3657\" src=\"https:\/\/udruga-106br.hr\/wp-content\/uploads\/2024\/10\/25.10.braniteljice1-1024x771.jpg\" alt=\"\" class=\"wp-image-3657\" srcset=\"https:\/\/udruga-106br.hr\/wp-content\/uploads\/2024\/10\/25.10.braniteljice1-1024x771.jpg 1024w, https:\/\/udruga-106br.hr\/wp-content\/uploads\/2024\/10\/25.10.braniteljice1-300x226.jpg 300w, https:\/\/udruga-106br.hr\/wp-content\/uploads\/2024\/10\/25.10.braniteljice1-768x578.jpg 768w, https:\/\/udruga-106br.hr\/wp-content\/uploads\/2024\/10\/25.10.braniteljice1-1536x1157.jpg 1536w, https:\/\/udruga-106br.hr\/wp-content\/uploads\/2024\/10\/25.10.braniteljice1.jpg 1600w\" sizes=\"auto, (max-width: 1024px) 100vw, 1024px\" \/><\/figure>\n\n\n\n<figure class=\"wp-block-image size-large\"><img loading=\"lazy\" decoding=\"async\" width=\"1024\" height=\"771\" data-id=\"3654\" src=\"https:\/\/udruga-106br.hr\/wp-content\/uploads\/2024\/10\/25.10.braniteljice2-1024x771.jpg\" alt=\"\" class=\"wp-image-3654\" srcset=\"https:\/\/udruga-106br.hr\/wp-content\/uploads\/2024\/10\/25.10.braniteljice2-1024x771.jpg 1024w, https:\/\/udruga-106br.hr\/wp-content\/uploads\/2024\/10\/25.10.braniteljice2-300x226.jpg 300w, https:\/\/udruga-106br.hr\/wp-content\/uploads\/2024\/10\/25.10.braniteljice2-768x578.jpg 768w, https:\/\/udruga-106br.hr\/wp-content\/uploads\/2024\/10\/25.10.braniteljice2-1536x1157.jpg 1536w, https:\/\/udruga-106br.hr\/wp-content\/uploads\/2024\/10\/25.10.braniteljice2.jpg 1600w\" sizes=\"auto, (max-width: 1024px) 100vw, 1024px\" \/><\/figure>\n\n\n\n<figure class=\"wp-block-image size-large\"><img loading=\"lazy\" decoding=\"async\" width=\"1024\" height=\"771\" data-id=\"3656\" src=\"https:\/\/udruga-106br.hr\/wp-content\/uploads\/2024\/10\/25.10.braniteljice3-1024x771.jpg\" alt=\"\" class=\"wp-image-3656\" srcset=\"https:\/\/udruga-106br.hr\/wp-content\/uploads\/2024\/10\/25.10.braniteljice3-1024x771.jpg 1024w, https:\/\/udruga-106br.hr\/wp-content\/uploads\/2024\/10\/25.10.braniteljice3-300x226.jpg 300w, https:\/\/udruga-106br.hr\/wp-content\/uploads\/2024\/10\/25.10.braniteljice3-768x578.jpg 768w, https:\/\/udruga-106br.hr\/wp-content\/uploads\/2024\/10\/25.10.braniteljice3-1536x1157.jpg 1536w, https:\/\/udruga-106br.hr\/wp-content\/uploads\/2024\/10\/25.10.braniteljice3.jpg 1600w\" sizes=\"auto, (max-width: 1024px) 100vw, 1024px\" \/><\/figure>\n\n\n\n<figure class=\"wp-block-image size-large\"><img loading=\"lazy\" decoding=\"async\" width=\"1024\" height=\"771\" data-id=\"3659\" src=\"https:\/\/udruga-106br.hr\/wp-content\/uploads\/2024\/10\/25.10.braniteljice4-1024x771.jpg\" alt=\"\" class=\"wp-image-3659\" srcset=\"https:\/\/udruga-106br.hr\/wp-content\/uploads\/2024\/10\/25.10.braniteljice4-1024x771.jpg 1024w, https:\/\/udruga-106br.hr\/wp-content\/uploads\/2024\/10\/25.10.braniteljice4-300x226.jpg 300w, https:\/\/udruga-106br.hr\/wp-content\/uploads\/2024\/10\/25.10.braniteljice4-768x578.jpg 768w, https:\/\/udruga-106br.hr\/wp-content\/uploads\/2024\/10\/25.10.braniteljice4-1536x1157.jpg 1536w, https:\/\/udruga-106br.hr\/wp-content\/uploads\/2024\/10\/25.10.braniteljice4.jpg 1600w\" sizes=\"auto, (max-width: 1024px) 100vw, 1024px\" \/><\/figure>\n\n\n\n<figure class=\"wp-block-image size-large\"><img loading=\"lazy\" decoding=\"async\" width=\"1024\" height=\"771\" data-id=\"3658\" src=\"https:\/\/udruga-106br.hr\/wp-content\/uploads\/2024\/10\/25.10.braniteljice5-1024x771.jpg\" alt=\"\" class=\"wp-image-3658\" srcset=\"https:\/\/udruga-106br.hr\/wp-content\/uploads\/2024\/10\/25.10.braniteljice5-1024x771.jpg 1024w, https:\/\/udruga-106br.hr\/wp-content\/uploads\/2024\/10\/25.10.braniteljice5-300x226.jpg 300w, https:\/\/udruga-106br.hr\/wp-content\/uploads\/2024\/10\/25.10.braniteljice5-768x578.jpg 768w, https:\/\/udruga-106br.hr\/wp-content\/uploads\/2024\/10\/25.10.braniteljice5-1536x1157.jpg 1536w, https:\/\/udruga-106br.hr\/wp-content\/uploads\/2024\/10\/25.10.braniteljice5.jpg 1600w\" sizes=\"auto, (max-width: 1024px) 100vw, 1024px\" \/><\/figure>\n\n\n\n<figure class=\"wp-block-image size-large\"><img loading=\"lazy\" decoding=\"async\" width=\"771\" height=\"1024\" data-id=\"3660\" src=\"https:\/\/udruga-106br.hr\/wp-content\/uploads\/2024\/10\/25.10.braniteljice6-771x1024.jpg\" alt=\"\" class=\"wp-image-3660\" srcset=\"https:\/\/udruga-106br.hr\/wp-content\/uploads\/2024\/10\/25.10.braniteljice6-771x1024.jpg 771w, https:\/\/udruga-106br.hr\/wp-content\/uploads\/2024\/10\/25.10.braniteljice6-226x300.jpg 226w, https:\/\/udruga-106br.hr\/wp-content\/uploads\/2024\/10\/25.10.braniteljice6-768x1020.jpg 768w, https:\/\/udruga-106br.hr\/wp-content\/uploads\/2024\/10\/25.10.braniteljice6-1157x1536.jpg 1157w, https:\/\/udruga-106br.hr\/wp-content\/uploads\/2024\/10\/25.10.braniteljice6.jpg 1205w\" sizes=\"auto, (max-width: 771px) 100vw, 771px\" \/><\/figure>\n\n\n\n<figure class=\"wp-block-image size-large\"><img loading=\"lazy\" decoding=\"async\" width=\"768\" height=\"1024\" data-id=\"3662\" src=\"https:\/\/udruga-106br.hr\/wp-content\/uploads\/2024\/10\/25.10.braniteljice7-768x1024.jpg\" alt=\"\" class=\"wp-image-3662\" srcset=\"https:\/\/udruga-106br.hr\/wp-content\/uploads\/2024\/10\/25.10.braniteljice7-768x1024.jpg 768w, https:\/\/udruga-106br.hr\/wp-content\/uploads\/2024\/10\/25.10.braniteljice7-225x300.jpg 225w, https:\/\/udruga-106br.hr\/wp-content\/uploads\/2024\/10\/25.10.braniteljice7-1152x1536.jpg 1152w, https:\/\/udruga-106br.hr\/wp-content\/uploads\/2024\/10\/25.10.braniteljice7.jpg 1200w\" sizes=\"auto, (max-width: 768px) 100vw, 768px\" \/><\/figure>\n\n\n\n<figure class=\"wp-block-image size-large\"><img loading=\"lazy\" decoding=\"async\" width=\"771\" height=\"1024\" data-id=\"3663\" src=\"https:\/\/udruga-106br.hr\/wp-content\/uploads\/2024\/10\/25.10.braniteljice9-771x1024.jpg\" alt=\"\" class=\"wp-image-3663\" srcset=\"https:\/\/udruga-106br.hr\/wp-content\/uploads\/2024\/10\/25.10.braniteljice9-771x1024.jpg 771w, https:\/\/udruga-106br.hr\/wp-content\/uploads\/2024\/10\/25.10.braniteljice9-226x300.jpg 226w, https:\/\/udruga-106br.hr\/wp-content\/uploads\/2024\/10\/25.10.braniteljice9-768x1020.jpg 768w, https:\/\/udruga-106br.hr\/wp-content\/uploads\/2024\/10\/25.10.braniteljice9-1157x1536.jpg 1157w, https:\/\/udruga-106br.hr\/wp-content\/uploads\/2024\/10\/25.10.braniteljice9.jpg 1205w\" sizes=\"auto, (max-width: 771px) 100vw, 771px\" \/><\/figure>\n\n\n\n<figure class=\"wp-block-image size-large\"><img loading=\"lazy\" decoding=\"async\" width=\"1024\" height=\"768\" data-id=\"3661\" src=\"https:\/\/udruga-106br.hr\/wp-content\/uploads\/2024\/10\/25.10.braniteljice8-1024x768.jpg\" alt=\"\" class=\"wp-image-3661\" srcset=\"https:\/\/udruga-106br.hr\/wp-content\/uploads\/2024\/10\/25.10.braniteljice8-1024x768.jpg 1024w, https:\/\/udruga-106br.hr\/wp-content\/uploads\/2024\/10\/25.10.braniteljice8-300x225.jpg 300w, https:\/\/udruga-106br.hr\/wp-content\/uploads\/2024\/10\/25.10.braniteljice8-768x576.jpg 768w, https:\/\/udruga-106br.hr\/wp-content\/uploads\/2024\/10\/25.10.braniteljice8-1536x1152.jpg 1536w, https:\/\/udruga-106br.hr\/wp-content\/uploads\/2024\/10\/25.10.braniteljice8.jpg 1600w\" sizes=\"auto, (max-width: 1024px) 100vw, 1024px\" \/><\/figure>\n<\/figure>\n<!-- AddThis Advanced Settings generic via filter on the_content --><!-- AddThis Share Buttons generic via filter on the_content -->","protected":false},"excerpt":{"rendered":"<p>Hvala svima koji su sudjelovali i podr\u017eali ovu va\u017enu inicijativu kroz projekt &#8220;Skupa u ratu &#8211; ja\u010de u miru&#8221;! Nastavljamo dalje, zajedno i ja\u010di nego ikad! U predivnoj atmosferi hotela Mursa, \u010dlanovi i predstavnici Udruge veterana 106. brigade Osijek pridru\u017eili su se predavanju i radionici na\u0161ih braniteljica iz Udruge hrvatskih braniteljica Osje\u010dko-baranjske \u017eupanije. Tema \u201cZajedno &hellip; <a href=\"https:\/\/udruga-106br.hr\/index.php\/25-10-2024-odrzano-predavanje-i-radionica-zajedno-u-borbi-za-dostojanstveni-zivot-braniteljica-i-branitelja\/\" class=\"more-link\">Nastavi \u010ditati <span class=\"screen-reader-text\">25.10.2024. Odr\u017eano predavanje i radionica &#8220;Zajedno u borbi za dostojanstveni \u017eivot braniteljica i branitelja&#8221;<\/span><\/a><!-- AddThis Advanced Settings generic via filter on get_the_excerpt --><!-- AddThis Share Buttons generic via filter on get_the_excerpt --><\/p>\n","protected":false},"author":1,"featured_media":0,"comment_status":"closed","ping_status":"closed","sticky":false,"template":"","format":"standard","meta":{"footnotes":""},"categories":[32],"tags":[],"class_list":["post-3653","post","type-post","status-publish","format-standard","hentry","category-iz-zivota-udruge"],"_links":{"self":[{"href":"https:\/\/udruga-106br.hr\/index.php\/wp-json\/wp\/v2\/posts\/3653","targetHints":{"allow":["GET"]}}],"collection":[{"href":"https:\/\/udruga-106br.hr\/index.php\/wp-json\/wp\/v2\/posts"}],"about":[{"href":"https:\/\/udruga-106br.hr\/index.php\/wp-json\/wp\/v2\/types\/post"}],"author":[{"embeddable":true,"href":"https:\/\/udruga-106br.hr\/index.php\/wp-json\/wp\/v2\/users\/1"}],"replies":[{"embeddable":true,"href":"https:\/\/udruga-106br.hr\/index.php\/wp-json\/wp\/v2\/comments?post=3653"}],"version-history":[{"count":1,"href":"https:\/\/udruga-106br.hr\/index.php\/wp-json\/wp\/v2\/posts\/3653\/revisions"}],"predecessor-version":[{"id":3664,"href":"https:\/\/udruga-106br.hr\/index.php\/wp-json\/wp\/v2\/posts\/3653\/revisions\/3664"}],"wp:attachment":[{"href":"https:\/\/udruga-106br.hr\/index.php\/wp-json\/wp\/v2\/media?parent=3653"}],"wp:term":[{"taxonomy":"category","embeddable":true,"href":"https:\/\/udruga-106br.hr\/index.php\/wp-json\/wp\/v2\/categories?post=3653"},{"taxonomy":"post_tag","embeddable":true,"href":"https:\/\/udruga-106br.hr\/index.php\/wp-json\/wp\/v2\/tags?post=3653"}],"curies":[{"name":"wp","href":"https:\/\/api.w.org\/{rel}","templated":true}]}}