{"id":3665,"date":"2024-10-30T01:18:11","date_gmt":"2024-10-30T00:18:11","guid":{"rendered":"https:\/\/udruga-106br.hr\/?p=3665"},"modified":"2025-10-17T19:21:57","modified_gmt":"2025-10-17T17:21:57","slug":"postavljena-rasvjeta-i-video-nadzor-na-kraljici-mira-slijedi-osvjetljenje-kriza","status":"publish","type":"post","link":"https:\/\/udruga-106br.hr\/index.php\/postavljena-rasvjeta-i-video-nadzor-na-kraljici-mira-slijedi-osvjetljenje-kriza\/","title":{"rendered":"Postavljena rasvjeta i video nadzor na Kraljici mira &#8211; slijedi osvjetljenje kri\u017ea"},"content":{"rendered":"\n<p>Nakon previ\u0161e godina, Kraljica Mira napokon ima novu rasvjetu i video nadzor! <br>Ovaj va\u017ean korak doprinosi sigurnosti i o\u010duvanju ovog nama va\u017enog i svetog mjesta, omogu\u0107uju\u0107i svima da u miru i ljepoti u\u017eivaju u svakom posjetu.<br>Sljede\u0107i korak: osvjetljenje kri\u017ea, koje \u0107e dodatno obogatiti ovaj simbol vjere i nade.<\/p>\n\n\n\n<figure class=\"wp-block-gallery has-nested-images columns-default is-cropped wp-block-gallery-1 is-layout-flex wp-block-gallery-is-layout-flex\">\n<figure class=\"wp-block-image size-large\"><img loading=\"lazy\" decoding=\"async\" width=\"1024\" height=\"576\" data-id=\"3668\" src=\"https:\/\/udruga-106br.hr\/wp-content\/uploads\/2024\/10\/kraljica-mira-1024x576.jpg\" alt=\"\" class=\"wp-image-3668\" srcset=\"https:\/\/udruga-106br.hr\/wp-content\/uploads\/2024\/10\/kraljica-mira-1024x576.jpg 1024w, https:\/\/udruga-106br.hr\/wp-content\/uploads\/2024\/10\/kraljica-mira-300x169.jpg 300w, https:\/\/udruga-106br.hr\/wp-content\/uploads\/2024\/10\/kraljica-mira-768x432.jpg 768w, https:\/\/udruga-106br.hr\/wp-content\/uploads\/2024\/10\/kraljica-mira-1536x864.jpg 1536w, https:\/\/udruga-106br.hr\/wp-content\/uploads\/2024\/10\/kraljica-mira.jpg 1600w\" sizes=\"auto, (max-width: 1024px) 100vw, 1024px\" \/><\/figure>\n\n\n\n<figure class=\"wp-block-image size-large\"><img loading=\"lazy\" decoding=\"async\" width=\"1024\" height=\"576\" data-id=\"3669\" src=\"https:\/\/udruga-106br.hr\/wp-content\/uploads\/2024\/10\/kraljica-mira1-1024x576.jpg\" alt=\"\" class=\"wp-image-3669\" srcset=\"https:\/\/udruga-106br.hr\/wp-content\/uploads\/2024\/10\/kraljica-mira1-1024x576.jpg 1024w, https:\/\/udruga-106br.hr\/wp-content\/uploads\/2024\/10\/kraljica-mira1-300x169.jpg 300w, https:\/\/udruga-106br.hr\/wp-content\/uploads\/2024\/10\/kraljica-mira1-768x432.jpg 768w, https:\/\/udruga-106br.hr\/wp-content\/uploads\/2024\/10\/kraljica-mira1-1536x864.jpg 1536w, https:\/\/udruga-106br.hr\/wp-content\/uploads\/2024\/10\/kraljica-mira1.jpg 1600w\" sizes=\"auto, (max-width: 1024px) 100vw, 1024px\" \/><\/figure>\n\n\n\n<figure class=\"wp-block-image size-large\"><img loading=\"lazy\" decoding=\"async\" width=\"1024\" height=\"576\" data-id=\"3667\" src=\"https:\/\/udruga-106br.hr\/wp-content\/uploads\/2024\/10\/kraljica-mira2-1024x576.jpg\" alt=\"\" class=\"wp-image-3667\" srcset=\"https:\/\/udruga-106br.hr\/wp-content\/uploads\/2024\/10\/kraljica-mira2-1024x576.jpg 1024w, https:\/\/udruga-106br.hr\/wp-content\/uploads\/2024\/10\/kraljica-mira2-300x169.jpg 300w, https:\/\/udruga-106br.hr\/wp-content\/uploads\/2024\/10\/kraljica-mira2-768x432.jpg 768w, https:\/\/udruga-106br.hr\/wp-content\/uploads\/2024\/10\/kraljica-mira2-1536x864.jpg 1536w, https:\/\/udruga-106br.hr\/wp-content\/uploads\/2024\/10\/kraljica-mira2.jpg 1600w\" sizes=\"auto, (max-width: 1024px) 100vw, 1024px\" \/><\/figure>\n<\/figure>\n<!-- AddThis Advanced Settings generic via filter on the_content --><!-- AddThis Share Buttons generic via filter on the_content -->","protected":false},"excerpt":{"rendered":"<p>Nakon previ\u0161e godina, Kraljica Mira napokon ima novu rasvjetu i video nadzor! Ovaj va\u017ean korak doprinosi sigurnosti i o\u010duvanju ovog nama va\u017enog i svetog mjesta, omogu\u0107uju\u0107i svima da u miru i ljepoti u\u017eivaju u svakom posjetu.Sljede\u0107i korak: osvjetljenje kri\u017ea, koje \u0107e dodatno obogatiti ovaj simbol vjere i nade.<!-- AddThis Advanced Settings generic via filter on get_the_excerpt --><!-- AddThis Share Buttons generic via filter on get_the_excerpt --><\/p>\n","protected":false},"author":1,"featured_media":0,"comment_status":"closed","ping_status":"closed","sticky":false,"template":"","format":"standard","meta":{"footnotes":""},"categories":[32],"tags":[],"class_list":["post-3665","post","type-post","status-publish","format-standard","hentry","category-iz-zivota-udruge"],"_links":{"self":[{"href":"https:\/\/udruga-106br.hr\/index.php\/wp-json\/wp\/v2\/posts\/3665","targetHints":{"allow":["GET"]}}],"collection":[{"href":"https:\/\/udruga-106br.hr\/index.php\/wp-json\/wp\/v2\/posts"}],"about":[{"href":"https:\/\/udruga-106br.hr\/index.php\/wp-json\/wp\/v2\/types\/post"}],"author":[{"embeddable":true,"href":"https:\/\/udruga-106br.hr\/index.php\/wp-json\/wp\/v2\/users\/1"}],"replies":[{"embeddable":true,"href":"https:\/\/udruga-106br.hr\/index.php\/wp-json\/wp\/v2\/comments?post=3665"}],"version-history":[{"count":2,"href":"https:\/\/udruga-106br.hr\/index.php\/wp-json\/wp\/v2\/posts\/3665\/revisions"}],"predecessor-version":[{"id":3670,"href":"https:\/\/udruga-106br.hr\/index.php\/wp-json\/wp\/v2\/posts\/3665\/revisions\/3670"}],"wp:attachment":[{"href":"https:\/\/udruga-106br.hr\/index.php\/wp-json\/wp\/v2\/media?parent=3665"}],"wp:term":[{"taxonomy":"category","embeddable":true,"href":"https:\/\/udruga-106br.hr\/index.php\/wp-json\/wp\/v2\/categories?post=3665"},{"taxonomy":"post_tag","embeddable":true,"href":"https:\/\/udruga-106br.hr\/index.php\/wp-json\/wp\/v2\/tags?post=3665"}],"curies":[{"name":"wp","href":"https:\/\/api.w.org\/{rel}","templated":true}]}}