{"id":3710,"date":"2024-11-13T03:02:01","date_gmt":"2024-11-13T02:02:01","guid":{"rendered":"https:\/\/udruga-106br.hr\/?p=3710"},"modified":"2025-10-17T19:21:57","modified_gmt":"2025-10-17T17:21:57","slug":"pozivamo-na-sudjelovanje-u-inicijativi-umjesto-njih-u-organizaciji-studentskog-katolickog-centra-osijek-skac-osijek","status":"publish","type":"post","link":"https:\/\/udruga-106br.hr\/index.php\/pozivamo-na-sudjelovanje-u-inicijativi-umjesto-njih-u-organizaciji-studentskog-katolickog-centra-osijek-skac-osijek\/","title":{"rendered":"Pozivamo na sudjelovanje u inicijativi &#8220;Umjesto njih&#8221; u organizaciji Studentskog katoli\u010dkog centra Osijek (SKAC Osijek)"},"content":{"rendered":"\n<p>Udru\u017eenim snagama, podupiremo ovu iznimnu inicijativu koja ima za cilj okupiti 2.656 mladih koji \u0107e 18. studenog hodati u Koloni sje\u0107anja, nose\u0107i majice s ispisanim imenima \u017ertava Vukovara. Prije 33 godine, mladi iz cijele Hrvatske dolazili su u Vukovar kako bi branili Grad Heroj, a sada \u0107e mladi iz cijele Hrvatske pronijeti imena onih koji su svoje \u017eivote utkali u na\u0161u slobodu.<\/p>\n\n\n\n<p>Ovaj simboli\u010dni \u010din prepoznat je i odobren od strane Odbora za protokol Grada Vukovara, a podr\u017eavaju ga i povjerenstva pastorala mladih iz Zagreba, Splita i Osijeka, SKAC-ovi, studentski kapelani i voditelji pastorala mladih.<\/p>\n\n\n\n<p>Pozivamo sve mlade do 35 godina da nam se pridru\u017ee i budu dio ovog hoda sje\u0107anja i zahvalnosti. Prijave su otvorene putem obrasca koji mo\u017eete prona\u0107i na Facebook i Instagram profilu SKAC-a Osijek, a vi\u0161e o ovoj inicijativi mo\u017eete \u010duti i vidjeti na:<br>https:\/\/www.facebook.com\/reel\/1141100337442031.<\/p>\n\n\n\n<p>Obucimo majice s imenima onih koji su za nas sanjali slobodu i nosimo njihova imena na \u010delu Kolone sje\u0107anja.<\/p>\n\n\n\n<p>S ponosom i zahvalno\u0161\u0107u, prisjetimo se \u017ertava Vukovara. <\/p>\n\n\n\n<figure class=\"wp-block-image size-full\"><img loading=\"lazy\" decoding=\"async\" width=\"570\" height=\"750\" src=\"https:\/\/udruga-106br.hr\/wp-content\/uploads\/2024\/11\/Vukovar_SKAC.png\" alt=\"\" class=\"wp-image-3711\" srcset=\"https:\/\/udruga-106br.hr\/wp-content\/uploads\/2024\/11\/Vukovar_SKAC.png 570w, https:\/\/udruga-106br.hr\/wp-content\/uploads\/2024\/11\/Vukovar_SKAC-228x300.png 228w\" sizes=\"auto, (max-width: 570px) 100vw, 570px\" \/><\/figure>\n<!-- AddThis Advanced Settings generic via filter on the_content --><!-- AddThis Share Buttons generic via filter on the_content -->","protected":false},"excerpt":{"rendered":"<p>Udru\u017eenim snagama, podupiremo ovu iznimnu inicijativu koja ima za cilj okupiti 2.656 mladih koji \u0107e 18. studenog hodati u Koloni sje\u0107anja, nose\u0107i majice s ispisanim imenima \u017ertava Vukovara. Prije 33 godine, mladi iz cijele Hrvatske dolazili su u Vukovar kako bi branili Grad Heroj, a sada \u0107e mladi iz cijele Hrvatske pronijeti imena onih koji &hellip; <a href=\"https:\/\/udruga-106br.hr\/index.php\/pozivamo-na-sudjelovanje-u-inicijativi-umjesto-njih-u-organizaciji-studentskog-katolickog-centra-osijek-skac-osijek\/\" class=\"more-link\">Nastavi \u010ditati <span class=\"screen-reader-text\">Pozivamo na sudjelovanje u inicijativi &#8220;Umjesto njih&#8221; u organizaciji Studentskog katoli\u010dkog centra Osijek (SKAC Osijek)<\/span><\/a><!-- AddThis Advanced Settings generic via filter on get_the_excerpt --><!-- AddThis Share Buttons generic via filter on get_the_excerpt --><\/p>\n","protected":false},"author":1,"featured_media":0,"comment_status":"closed","ping_status":"closed","sticky":false,"template":"","format":"standard","meta":{"footnotes":""},"categories":[32],"tags":[],"class_list":["post-3710","post","type-post","status-publish","format-standard","hentry","category-iz-zivota-udruge"],"_links":{"self":[{"href":"https:\/\/udruga-106br.hr\/index.php\/wp-json\/wp\/v2\/posts\/3710","targetHints":{"allow":["GET"]}}],"collection":[{"href":"https:\/\/udruga-106br.hr\/index.php\/wp-json\/wp\/v2\/posts"}],"about":[{"href":"https:\/\/udruga-106br.hr\/index.php\/wp-json\/wp\/v2\/types\/post"}],"author":[{"embeddable":true,"href":"https:\/\/udruga-106br.hr\/index.php\/wp-json\/wp\/v2\/users\/1"}],"replies":[{"embeddable":true,"href":"https:\/\/udruga-106br.hr\/index.php\/wp-json\/wp\/v2\/comments?post=3710"}],"version-history":[{"count":3,"href":"https:\/\/udruga-106br.hr\/index.php\/wp-json\/wp\/v2\/posts\/3710\/revisions"}],"predecessor-version":[{"id":3730,"href":"https:\/\/udruga-106br.hr\/index.php\/wp-json\/wp\/v2\/posts\/3710\/revisions\/3730"}],"wp:attachment":[{"href":"https:\/\/udruga-106br.hr\/index.php\/wp-json\/wp\/v2\/media?parent=3710"}],"wp:term":[{"taxonomy":"category","embeddable":true,"href":"https:\/\/udruga-106br.hr\/index.php\/wp-json\/wp\/v2\/categories?post=3710"},{"taxonomy":"post_tag","embeddable":true,"href":"https:\/\/udruga-106br.hr\/index.php\/wp-json\/wp\/v2\/tags?post=3710"}],"curies":[{"name":"wp","href":"https:\/\/api.w.org\/{rel}","templated":true}]}}