{"id":3713,"date":"2024-11-13T03:11:33","date_gmt":"2024-11-13T02:11:33","guid":{"rendered":"https:\/\/udruga-106br.hr\/?p=3713"},"modified":"2025-10-17T19:21:57","modified_gmt":"2025-10-17T17:21:57","slug":"ususret-danu-sjecanja-na-zrtve-domovinskog-rata-te-danu-sjecanja-na-zrtvu-vukovara-i-skabrnje","status":"publish","type":"post","link":"https:\/\/udruga-106br.hr\/index.php\/ususret-danu-sjecanja-na-zrtve-domovinskog-rata-te-danu-sjecanja-na-zrtvu-vukovara-i-skabrnje\/","title":{"rendered":"Ususret Danu sje\u0107anja na \u017ertve Domovinskog rata te Danu sje\u0107anja na \u017ertvu Vukovara i \u0160kabrnje"},"content":{"rendered":"\n<p>S ponosom najavljujemo sve\u010dani blagoslov novosagra\u0111ene kapelice Krista Kralja Mu\u010denika, koja se nalazi na Memorijalnom groblju \u017ertava Domovinskog rata u Vukovaru. Blagoslov i misno slavlje predvodit \u0107e nadbiskup \u0110akova\u010dko-osje\u010dke nadbiskupije, mons. \u0110uro Hrani\u0107, u nedjelju 17. studenog 2024. godine s po\u010detkom u 10:00 sati.<\/p>\n\n\n\n<p>Na\u0161 Osijek, s posebnim pijetetom prema stradalima, tako\u0111er \u0107e obilje\u017eiti ove dane sje\u0107anja. Izaslanstva Grada Osijeka i Osje\u010dko-baranjske \u017eupanije polo\u017eit \u0107e vijence i zapaliti svije\u0107e kod Kapelice Kraljice Mira na lijevoj obali Drave.<\/p>\n\n\n\n<p>U znak zajedni\u0161tva i sje\u0107anja, u 18:00 sati palimo svije\u0107e kod Crvenog Fi\u0107e (kri\u017eanje Trpimirove i Vukovarske ulice) i odajemo po\u010dast herojima na\u0161eg naroda.<\/p>\n\n\n\n<p>Pozivamo vas da se pridru\u017eite ovim trenucima molitve, mira i zahvalnosti.<\/p>\n\n\n\n<p>Neka se nikada ne zaboravi! <\/p>\n\n\n\n<figure class=\"wp-block-image size-full\"><img loading=\"lazy\" decoding=\"async\" width=\"668\" height=\"768\" src=\"https:\/\/udruga-106br.hr\/wp-content\/uploads\/2024\/11\/Vukovar.jpg\" alt=\"\" class=\"wp-image-3714\" srcset=\"https:\/\/udruga-106br.hr\/wp-content\/uploads\/2024\/11\/Vukovar.jpg 668w, https:\/\/udruga-106br.hr\/wp-content\/uploads\/2024\/11\/Vukovar-261x300.jpg 261w\" sizes=\"auto, (max-width: 668px) 100vw, 668px\" \/><\/figure>\n<!-- AddThis Advanced Settings generic via filter on the_content --><!-- AddThis Share Buttons generic via filter on the_content -->","protected":false},"excerpt":{"rendered":"<p>S ponosom najavljujemo sve\u010dani blagoslov novosagra\u0111ene kapelice Krista Kralja Mu\u010denika, koja se nalazi na Memorijalnom groblju \u017ertava Domovinskog rata u Vukovaru. Blagoslov i misno slavlje predvodit \u0107e nadbiskup \u0110akova\u010dko-osje\u010dke nadbiskupije, mons. \u0110uro Hrani\u0107, u nedjelju 17. studenog 2024. godine s po\u010detkom u 10:00 sati. Na\u0161 Osijek, s posebnim pijetetom prema stradalima, tako\u0111er \u0107e obilje\u017eiti ove &hellip; <a href=\"https:\/\/udruga-106br.hr\/index.php\/ususret-danu-sjecanja-na-zrtve-domovinskog-rata-te-danu-sjecanja-na-zrtvu-vukovara-i-skabrnje\/\" class=\"more-link\">Nastavi \u010ditati <span class=\"screen-reader-text\">Ususret Danu sje\u0107anja na \u017ertve Domovinskog rata te Danu sje\u0107anja na \u017ertvu Vukovara i \u0160kabrnje<\/span><\/a><!-- AddThis Advanced Settings generic via filter on get_the_excerpt --><!-- AddThis Share Buttons generic via filter on get_the_excerpt --><\/p>\n","protected":false},"author":1,"featured_media":0,"comment_status":"closed","ping_status":"closed","sticky":false,"template":"","format":"standard","meta":{"footnotes":""},"categories":[32],"tags":[],"class_list":["post-3713","post","type-post","status-publish","format-standard","hentry","category-iz-zivota-udruge"],"_links":{"self":[{"href":"https:\/\/udruga-106br.hr\/index.php\/wp-json\/wp\/v2\/posts\/3713","targetHints":{"allow":["GET"]}}],"collection":[{"href":"https:\/\/udruga-106br.hr\/index.php\/wp-json\/wp\/v2\/posts"}],"about":[{"href":"https:\/\/udruga-106br.hr\/index.php\/wp-json\/wp\/v2\/types\/post"}],"author":[{"embeddable":true,"href":"https:\/\/udruga-106br.hr\/index.php\/wp-json\/wp\/v2\/users\/1"}],"replies":[{"embeddable":true,"href":"https:\/\/udruga-106br.hr\/index.php\/wp-json\/wp\/v2\/comments?post=3713"}],"version-history":[{"count":1,"href":"https:\/\/udruga-106br.hr\/index.php\/wp-json\/wp\/v2\/posts\/3713\/revisions"}],"predecessor-version":[{"id":3715,"href":"https:\/\/udruga-106br.hr\/index.php\/wp-json\/wp\/v2\/posts\/3713\/revisions\/3715"}],"wp:attachment":[{"href":"https:\/\/udruga-106br.hr\/index.php\/wp-json\/wp\/v2\/media?parent=3713"}],"wp:term":[{"taxonomy":"category","embeddable":true,"href":"https:\/\/udruga-106br.hr\/index.php\/wp-json\/wp\/v2\/categories?post=3713"},{"taxonomy":"post_tag","embeddable":true,"href":"https:\/\/udruga-106br.hr\/index.php\/wp-json\/wp\/v2\/tags?post=3713"}],"curies":[{"name":"wp","href":"https:\/\/api.w.org\/{rel}","templated":true}]}}