{"id":3734,"date":"2024-11-17T21:16:55","date_gmt":"2024-11-17T20:16:55","guid":{"rendered":"https:\/\/udruga-106br.hr\/?p=3734"},"modified":"2025-10-17T19:21:57","modified_gmt":"2025-10-17T17:21:57","slug":"dan-sjecanja-na-zrtve-domovinskog-rata-i-dan-sjecanja-na-zrtvu-vukovara-i-skabrnje-pocast-herojima","status":"publish","type":"post","link":"https:\/\/udruga-106br.hr\/index.php\/dan-sjecanja-na-zrtve-domovinskog-rata-i-dan-sjecanja-na-zrtvu-vukovara-i-skabrnje-pocast-herojima\/","title":{"rendered":"17.11. Uo\u010di Dana sje\u0107anja na \u017ertve Domovinskog rata i Dana sje\u0107anja na \u017ertvu Vukovara i \u0160kabrnje \u2013 Po\u010dast herojima"},"content":{"rendered":"\n<p>Danas smo se, zajedno s izaslanstvima Grada Osijeka i Osje\u010dko-baranjske \u017eupanije, okupili kako bismo odali po\u010dast svim \u017ertvama uo\u010di Dana sje\u0107anja na \u017ertve Domovinskog rata i Dana sje\u0107anja na \u017ertvu Vukovara i \u0160kabrnje. U 17:00 sati, kod Kapelice Kraljice mira na lijevoj obali Drave, polo\u017eeni su vijenci i zapaljene svije\u0107e u znak sje\u0107anja na sve koji su dali svoje \u017eivote za na\u0161u slobodu. <\/p>\n\n\n\n<p>Nakon toga, u 18:00 sati, okupili smo se na Vukovarskoj ulici, kod Crvenog fi\u0107e, gdje smo zapalili svije\u0107e u spomen na herojski otpor i \u017ertvu Vukovara i \u0160kabrnje. Me\u0111u prisutnima su bili i predstavnici na\u0161e Udruge veterana 106. brigade Osijek te brojni sugra\u0111ani, ujedinjeni u ti\u0161ini i pijetetu. <\/p>\n\n\n\n<p>Hvala svima koji su ve\u010deras bili s nama, \u010duvaju\u0107i uspomenu na na\u0161e branitelje i nevine \u017ertve. Neka njihova \u017ertva uvijek bude svjetionik na\u0161e slobode. <\/p>\n\n\n\n<figure class=\"wp-block-gallery has-nested-images columns-default is-cropped wp-block-gallery-1 is-layout-flex wp-block-gallery-is-layout-flex\">\n<figure class=\"wp-block-image size-large\"><img loading=\"lazy\" decoding=\"async\" width=\"1024\" height=\"771\" data-id=\"3739\" src=\"https:\/\/udruga-106br.hr\/wp-content\/uploads\/2024\/11\/17.11.-Kraljica-mira-1024x771.jpg\" alt=\"\" class=\"wp-image-3739\" srcset=\"https:\/\/udruga-106br.hr\/wp-content\/uploads\/2024\/11\/17.11.-Kraljica-mira-1024x771.jpg 1024w, https:\/\/udruga-106br.hr\/wp-content\/uploads\/2024\/11\/17.11.-Kraljica-mira-300x226.jpg 300w, https:\/\/udruga-106br.hr\/wp-content\/uploads\/2024\/11\/17.11.-Kraljica-mira-768x578.jpg 768w, https:\/\/udruga-106br.hr\/wp-content\/uploads\/2024\/11\/17.11.-Kraljica-mira-1536x1157.jpg 1536w, https:\/\/udruga-106br.hr\/wp-content\/uploads\/2024\/11\/17.11.-Kraljica-mira.jpg 1600w\" sizes=\"auto, (max-width: 1024px) 100vw, 1024px\" \/><\/figure>\n\n\n\n<figure class=\"wp-block-image size-large\"><img loading=\"lazy\" decoding=\"async\" width=\"768\" height=\"1024\" data-id=\"3735\" src=\"https:\/\/udruga-106br.hr\/wp-content\/uploads\/2024\/11\/17.11.-Kraljica-mira1-768x1024.jpg\" alt=\"\" class=\"wp-image-3735\" srcset=\"https:\/\/udruga-106br.hr\/wp-content\/uploads\/2024\/11\/17.11.-Kraljica-mira1-768x1024.jpg 768w, https:\/\/udruga-106br.hr\/wp-content\/uploads\/2024\/11\/17.11.-Kraljica-mira1-225x300.jpg 225w, https:\/\/udruga-106br.hr\/wp-content\/uploads\/2024\/11\/17.11.-Kraljica-mira1-1152x1536.jpg 1152w, https:\/\/udruga-106br.hr\/wp-content\/uploads\/2024\/11\/17.11.-Kraljica-mira1.jpg 1200w\" sizes=\"auto, (max-width: 768px) 100vw, 768px\" \/><\/figure>\n\n\n\n<figure class=\"wp-block-image size-large\"><img loading=\"lazy\" decoding=\"async\" width=\"768\" height=\"1024\" data-id=\"3740\" src=\"https:\/\/udruga-106br.hr\/wp-content\/uploads\/2024\/11\/17.11.-Kraljica-mira2-768x1024.jpg\" alt=\"\" class=\"wp-image-3740\" srcset=\"https:\/\/udruga-106br.hr\/wp-content\/uploads\/2024\/11\/17.11.-Kraljica-mira2-768x1024.jpg 768w, https:\/\/udruga-106br.hr\/wp-content\/uploads\/2024\/11\/17.11.-Kraljica-mira2-225x300.jpg 225w, https:\/\/udruga-106br.hr\/wp-content\/uploads\/2024\/11\/17.11.-Kraljica-mira2-1152x1536.jpg 1152w, https:\/\/udruga-106br.hr\/wp-content\/uploads\/2024\/11\/17.11.-Kraljica-mira2.jpg 1200w\" sizes=\"auto, (max-width: 768px) 100vw, 768px\" \/><\/figure>\n\n\n\n<figure class=\"wp-block-image size-large\"><img loading=\"lazy\" decoding=\"async\" width=\"768\" height=\"1024\" data-id=\"3736\" src=\"https:\/\/udruga-106br.hr\/wp-content\/uploads\/2024\/11\/17.11.-Fico-768x1024.jpg\" alt=\"\" class=\"wp-image-3736\" srcset=\"https:\/\/udruga-106br.hr\/wp-content\/uploads\/2024\/11\/17.11.-Fico-768x1024.jpg 768w, https:\/\/udruga-106br.hr\/wp-content\/uploads\/2024\/11\/17.11.-Fico-225x300.jpg 225w, https:\/\/udruga-106br.hr\/wp-content\/uploads\/2024\/11\/17.11.-Fico-1152x1536.jpg 1152w, https:\/\/udruga-106br.hr\/wp-content\/uploads\/2024\/11\/17.11.-Fico.jpg 1200w\" sizes=\"auto, (max-width: 768px) 100vw, 768px\" \/><\/figure>\n\n\n\n<figure class=\"wp-block-image size-large\"><img loading=\"lazy\" decoding=\"async\" width=\"768\" height=\"1024\" data-id=\"3738\" src=\"https:\/\/udruga-106br.hr\/wp-content\/uploads\/2024\/11\/17.11.-Fico1-768x1024.jpg\" alt=\"\" class=\"wp-image-3738\" srcset=\"https:\/\/udruga-106br.hr\/wp-content\/uploads\/2024\/11\/17.11.-Fico1-768x1024.jpg 768w, https:\/\/udruga-106br.hr\/wp-content\/uploads\/2024\/11\/17.11.-Fico1-225x300.jpg 225w, https:\/\/udruga-106br.hr\/wp-content\/uploads\/2024\/11\/17.11.-Fico1-1152x1536.jpg 1152w, https:\/\/udruga-106br.hr\/wp-content\/uploads\/2024\/11\/17.11.-Fico1.jpg 1200w\" sizes=\"auto, (max-width: 768px) 100vw, 768px\" \/><\/figure>\n\n\n\n<figure class=\"wp-block-image size-large\"><img loading=\"lazy\" decoding=\"async\" width=\"768\" height=\"1024\" data-id=\"3737\" src=\"https:\/\/udruga-106br.hr\/wp-content\/uploads\/2024\/11\/17.11.-Fico2-768x1024.jpg\" alt=\"\" class=\"wp-image-3737\" srcset=\"https:\/\/udruga-106br.hr\/wp-content\/uploads\/2024\/11\/17.11.-Fico2-768x1024.jpg 768w, https:\/\/udruga-106br.hr\/wp-content\/uploads\/2024\/11\/17.11.-Fico2-225x300.jpg 225w, https:\/\/udruga-106br.hr\/wp-content\/uploads\/2024\/11\/17.11.-Fico2-1152x1536.jpg 1152w, https:\/\/udruga-106br.hr\/wp-content\/uploads\/2024\/11\/17.11.-Fico2.jpg 1200w\" sizes=\"auto, (max-width: 768px) 100vw, 768px\" \/><\/figure>\n<\/figure>\n<!-- AddThis Advanced Settings generic via filter on the_content --><!-- AddThis Share Buttons generic via filter on the_content -->","protected":false},"excerpt":{"rendered":"<p>Danas smo se, zajedno s izaslanstvima Grada Osijeka i Osje\u010dko-baranjske \u017eupanije, okupili kako bismo odali po\u010dast svim \u017ertvama uo\u010di Dana sje\u0107anja na \u017ertve Domovinskog rata i Dana sje\u0107anja na \u017ertvu Vukovara i \u0160kabrnje. U 17:00 sati, kod Kapelice Kraljice mira na lijevoj obali Drave, polo\u017eeni su vijenci i zapaljene svije\u0107e u znak sje\u0107anja na sve &hellip; <a href=\"https:\/\/udruga-106br.hr\/index.php\/dan-sjecanja-na-zrtve-domovinskog-rata-i-dan-sjecanja-na-zrtvu-vukovara-i-skabrnje-pocast-herojima\/\" class=\"more-link\">Nastavi \u010ditati <span class=\"screen-reader-text\">17.11. Uo\u010di Dana sje\u0107anja na \u017ertve Domovinskog rata i Dana sje\u0107anja na \u017ertvu Vukovara i \u0160kabrnje \u2013 Po\u010dast herojima<\/span><\/a><!-- AddThis Advanced Settings generic via filter on get_the_excerpt --><!-- AddThis Share Buttons generic via filter on get_the_excerpt --><\/p>\n","protected":false},"author":1,"featured_media":0,"comment_status":"closed","ping_status":"closed","sticky":false,"template":"","format":"standard","meta":{"footnotes":""},"categories":[32],"tags":[],"class_list":["post-3734","post","type-post","status-publish","format-standard","hentry","category-iz-zivota-udruge"],"_links":{"self":[{"href":"https:\/\/udruga-106br.hr\/index.php\/wp-json\/wp\/v2\/posts\/3734","targetHints":{"allow":["GET"]}}],"collection":[{"href":"https:\/\/udruga-106br.hr\/index.php\/wp-json\/wp\/v2\/posts"}],"about":[{"href":"https:\/\/udruga-106br.hr\/index.php\/wp-json\/wp\/v2\/types\/post"}],"author":[{"embeddable":true,"href":"https:\/\/udruga-106br.hr\/index.php\/wp-json\/wp\/v2\/users\/1"}],"replies":[{"embeddable":true,"href":"https:\/\/udruga-106br.hr\/index.php\/wp-json\/wp\/v2\/comments?post=3734"}],"version-history":[{"count":2,"href":"https:\/\/udruga-106br.hr\/index.php\/wp-json\/wp\/v2\/posts\/3734\/revisions"}],"predecessor-version":[{"id":3742,"href":"https:\/\/udruga-106br.hr\/index.php\/wp-json\/wp\/v2\/posts\/3734\/revisions\/3742"}],"wp:attachment":[{"href":"https:\/\/udruga-106br.hr\/index.php\/wp-json\/wp\/v2\/media?parent=3734"}],"wp:term":[{"taxonomy":"category","embeddable":true,"href":"https:\/\/udruga-106br.hr\/index.php\/wp-json\/wp\/v2\/categories?post=3734"},{"taxonomy":"post_tag","embeddable":true,"href":"https:\/\/udruga-106br.hr\/index.php\/wp-json\/wp\/v2\/tags?post=3734"}],"curies":[{"name":"wp","href":"https:\/\/api.w.org\/{rel}","templated":true}]}}