{"id":3743,"date":"2024-11-19T08:53:58","date_gmt":"2024-11-19T07:53:58","guid":{"rendered":"https:\/\/udruga-106br.hr\/?p=3743"},"modified":"2025-10-17T19:21:57","modified_gmt":"2025-10-17T17:21:57","slug":"pozivi-na-obiljezavanje-20-11-spomendan-20-studenoga-ernestinovo-33-godisnjica-stradavanja-mjestana-ernestinova-te-33-godisnjice-progonstva-mjestana-sela-ivanovca","status":"publish","type":"post","link":"https:\/\/udruga-106br.hr\/index.php\/pozivi-na-obiljezavanje-20-11-spomendan-20-studenoga-ernestinovo-33-godisnjica-stradavanja-mjestana-ernestinova-te-33-godisnjice-progonstva-mjestana-sela-ivanovca\/","title":{"rendered":"Pozivi na obilje\u017eavanje &#8211; 20.11. \u201eSpomendan 20. studenoga \u2013 Ernestinovo\u201c &#8211; 33. godi\u0161njice stradavanja mje\u0161tana Ernestinova te  33. godi\u0161njice progonstva mje\u0161tana sela Ivanovca"},"content":{"rendered":"\n<p>Udruga veterana 106. brigade Osijek pozvana je na datum 20.11. \u201eSpomendan 20. studenoga \u2013 Ernestinovo\u201c na obilje\u017eavanje 33. godi\u0161njice stradavanja mje\u0161tana Ernestinova u spomen na 41 stradalog branitelja i civila.<br>Centralna aktivnost provodi se u 10:30 sati dana 20. studenog 2024. godine (srijeda) u ernstinova\u010dkom parku kod spomen obilje\u017eja poginulima braniteljima i civilima kao i kod spomen obilje\u017eja mjesta masovne grobnice.<br>Neposredno nakon toga biti \u0107e slu\u017eena Sveta misa u ernestinova\u010dkoj crkvi u 11:00 sati.<\/p>\n\n\n\n<figure class=\"wp-block-image size-full\"><img loading=\"lazy\" decoding=\"async\" width=\"648\" height=\"903\" src=\"https:\/\/udruga-106br.hr\/wp-content\/uploads\/2024\/11\/20.11.-Ernestinovo.png\" alt=\"\" class=\"wp-image-3744\" srcset=\"https:\/\/udruga-106br.hr\/wp-content\/uploads\/2024\/11\/20.11.-Ernestinovo.png 648w, https:\/\/udruga-106br.hr\/wp-content\/uploads\/2024\/11\/20.11.-Ernestinovo-215x300.png 215w\" sizes=\"auto, (max-width: 648px) 100vw, 648px\" \/><\/figure>\n\n\n\n<p>Istoga dana, u 16.30 h odr\u017eava se obilje\u017eavanje 33. godi\u0161njice progonstva mje\u0161tana sela Ivanovca pri \u010demu \u0107e biti polaganje vijenaca i paljenje svije\u0107a ispred spomen obilje\u017eja \u017ertava Domovinskog rata.<br><\/p>\n\n\n\n<figure class=\"wp-block-image size-full\"><img loading=\"lazy\" decoding=\"async\" width=\"852\" height=\"775\" src=\"https:\/\/udruga-106br.hr\/wp-content\/uploads\/2024\/11\/20.11.-Ivanovac-poziv.png\" alt=\"\" class=\"wp-image-3751\" srcset=\"https:\/\/udruga-106br.hr\/wp-content\/uploads\/2024\/11\/20.11.-Ivanovac-poziv.png 852w, https:\/\/udruga-106br.hr\/wp-content\/uploads\/2024\/11\/20.11.-Ivanovac-poziv-300x273.png 300w, https:\/\/udruga-106br.hr\/wp-content\/uploads\/2024\/11\/20.11.-Ivanovac-poziv-768x699.png 768w\" sizes=\"auto, (max-width: 852px) 100vw, 852px\" \/><\/figure>\n<!-- AddThis Advanced Settings generic via filter on the_content --><!-- AddThis Share Buttons generic via filter on the_content -->","protected":false},"excerpt":{"rendered":"<p>Udruga veterana 106. brigade Osijek pozvana je na datum 20.11. \u201eSpomendan 20. studenoga \u2013 Ernestinovo\u201c na obilje\u017eavanje 33. godi\u0161njice stradavanja mje\u0161tana Ernestinova u spomen na 41 stradalog branitelja i civila.Centralna aktivnost provodi se u 10:30 sati dana 20. studenog 2024. godine (srijeda) u ernstinova\u010dkom parku kod spomen obilje\u017eja poginulima braniteljima i civilima kao i kod &hellip; <a href=\"https:\/\/udruga-106br.hr\/index.php\/pozivi-na-obiljezavanje-20-11-spomendan-20-studenoga-ernestinovo-33-godisnjica-stradavanja-mjestana-ernestinova-te-33-godisnjice-progonstva-mjestana-sela-ivanovca\/\" class=\"more-link\">Nastavi \u010ditati <span class=\"screen-reader-text\">Pozivi na obilje\u017eavanje &#8211; 20.11. \u201eSpomendan 20. studenoga \u2013 Ernestinovo\u201c &#8211; 33. godi\u0161njice stradavanja mje\u0161tana Ernestinova te  33. godi\u0161njice progonstva mje\u0161tana sela Ivanovca<\/span><\/a><!-- AddThis Advanced Settings generic via filter on get_the_excerpt --><!-- AddThis Share Buttons generic via filter on get_the_excerpt --><\/p>\n","protected":false},"author":1,"featured_media":0,"comment_status":"closed","ping_status":"closed","sticky":false,"template":"","format":"standard","meta":{"footnotes":""},"categories":[32],"tags":[],"class_list":["post-3743","post","type-post","status-publish","format-standard","hentry","category-iz-zivota-udruge"],"_links":{"self":[{"href":"https:\/\/udruga-106br.hr\/index.php\/wp-json\/wp\/v2\/posts\/3743","targetHints":{"allow":["GET"]}}],"collection":[{"href":"https:\/\/udruga-106br.hr\/index.php\/wp-json\/wp\/v2\/posts"}],"about":[{"href":"https:\/\/udruga-106br.hr\/index.php\/wp-json\/wp\/v2\/types\/post"}],"author":[{"embeddable":true,"href":"https:\/\/udruga-106br.hr\/index.php\/wp-json\/wp\/v2\/users\/1"}],"replies":[{"embeddable":true,"href":"https:\/\/udruga-106br.hr\/index.php\/wp-json\/wp\/v2\/comments?post=3743"}],"version-history":[{"count":3,"href":"https:\/\/udruga-106br.hr\/index.php\/wp-json\/wp\/v2\/posts\/3743\/revisions"}],"predecessor-version":[{"id":3752,"href":"https:\/\/udruga-106br.hr\/index.php\/wp-json\/wp\/v2\/posts\/3743\/revisions\/3752"}],"wp:attachment":[{"href":"https:\/\/udruga-106br.hr\/index.php\/wp-json\/wp\/v2\/media?parent=3743"}],"wp:term":[{"taxonomy":"category","embeddable":true,"href":"https:\/\/udruga-106br.hr\/index.php\/wp-json\/wp\/v2\/categories?post=3743"},{"taxonomy":"post_tag","embeddable":true,"href":"https:\/\/udruga-106br.hr\/index.php\/wp-json\/wp\/v2\/tags?post=3743"}],"curies":[{"name":"wp","href":"https:\/\/api.w.org\/{rel}","templated":true}]}}